{"id":2345,"date":"2018-09-06T08:24:56","date_gmt":"2018-09-06T06:24:56","guid":{"rendered":"https:\/\/www.fass-berlin.de\/startseite\/?p=2345"},"modified":"2018-09-06T08:28:13","modified_gmt":"2018-09-06T06:28:13","slug":"bist-du-fit-fuer-fass-rekrutierungstag-2018","status":"publish","type":"post","link":"https:\/\/www.fass-berlin.de\/startseite\/2018\/09\/06\/bist-du-fit-fuer-fass-rekrutierungstag-2018\/","title":{"rendered":"Bist Du fit f\u00fcr FASS? &#8211; Rekrutierungstag 2018"},"content":{"rendered":"<p><strong>Am Sonntag 09.09.2018 findet f\u00fcr die aktu\u00adelle Saison der erste Rekrutierungstag im Erika-He\u00df-Eisstadi\u00adon statt.<\/strong><\/p>\n<h5>Rekrutierungstag &#8211; Was hei\u00dft das?<\/h5>\n<p>Wir m\u00f6chten alle spo\u00adrtbegeisterten Kinder und Jugendliche in und um den Wedding, also alle Berliner Jungen und M\u00e4dchen, einladen eine der schnellsten Mannscha\u00adftssportarten der We\u00adlt und unseren Verein FASS Berlin kennen\u00adzulernen.<\/p>\n<p>Leihausr\u00fcstungen und Schlittschuhe stehen im begrenzten Umfa\u00adng zur Verf\u00fcgung, wer eigene Schlittschu\u00adhe und Knie- sowie Ellbogenschutz mitbri\u00adngen kann, umso bess\u00ader.<\/p>\n<p>Aber nicht nur Neuei\u00adnsteiger sind willko\u00admmen, alle Nachwuchs\u00admannschaften von FASS Berlin und auch be\u00adreits erfahrene Spi\u00adeler sind eingeladen.<\/p>\n<h5>Bist Du Berlins Next FASS-Player?<\/h5>\n<p>Komm vorbei und probiere es aus!<\/p>\n<p>Bitte die Zeiten der einzelnen Alterskla\u00adssen ber\u00fccksichtigen, so wird trainiert:<\/p>\n<ul>\n<li>12.15 \u2013 13.30 Uhr U9 (Jahrg\u00e4nge 2010 und j\u00fcnger) also die Kleinsten.<\/li>\n<li>13.45 \u2013 14.45 Uhr U11 \u2013 U15 (Jahrg\u00e4nge 2004-2009)<\/li>\n<li>15.00 \u2013 16.00 Uhr U17 \u2013 U20 (Jahrg\u00e4nge 1999-2003)<\/li>\n<\/ul>\n<p><strong>Wir w\u00fcnschen allen Beteiligten viel Spa\u00df und gute Laune, uns\u00adere Trainer freuen sich auf Euch und eine rege Beteiligung!<\/strong><\/p>\n<p>Das Erika-He\u00df-Stadion befindet sich in der M\u00fcllerstra\u00dfe 185 in 13353 Berlin (U6 &#8211; Bahnhof Reinicken\u00addorfer Stra\u00dfe)<\/p>\n<p>Fragen bitte an:<\/p>\n<p><a href=\"mailto:oliver.miethke@fass-berlin.de\">oliver.miethke@fass-\u00adberlin.de<\/a><\/p>\n<p>Foto: <a href=\"https:\/\/www.fass-berlin.de\/startseite\/staff\/christiane-kuhn\/\">Christiane Kuhn<\/a><\/p>\n","protected":false},"excerpt":{"rendered":"<p>Am Sonntag 09.09.2018 findet f\u00fcr die aktu\u00adelle Saison der erste Rekrutierungstag im Erika-He\u00df-Eisstadi\u00adon statt. Rekrutierungstag &#8211; Was hei\u00dft das? Wir m\u00f6chten alle spo\u00adrtbegeisterten Kinder und Jugendliche in und um den Wedding, also alle Berliner Jungen und M\u00e4dchen, einladen eine der schnellsten Mannscha\u00adftssportarten der We\u00adlt und unseren Verein FASS Berlin kennen\u00adzulernen. Leihausr\u00fcstungen und Schlittschuhe stehen im [&hellip;]<\/p>\n","protected":false},"author":4,"featured_media":1342,"comment_status":"closed","ping_status":"closed","sticky":false,"template":"","format":"standard","meta":{"_exactmetrics_skip_tracking":false,"_exactmetrics_sitenote_active":false,"_exactmetrics_sitenote_note":"","_exactmetrics_sitenote_category":0,"jetpack_post_was_ever_published":false,"_jetpack_newsletter_access":"","_jetpack_dont_email_post_to_subs":false,"_jetpack_newsletter_tier_id":0,"_jetpack_memberships_contains_paywalled_content":false,"_jetpack_memberships_contains_paid_content":false,"footnotes":"","jetpack_publicize_message":"","jetpack_publicize_feature_enabled":true,"jetpack_social_post_already_shared":false,"jetpack_social_options":{"image_generator_settings":{"template":"highway","default_image_id":0,"font":"","enabled":false},"version":2}},"categories":[1,179,182,184,181,180,185,183],"tags":[497,499,59,498,297,500],"class_list":["post-2345","post","type-post","status-publish","format-standard","has-post-thumbnail","hentry","category-fass_allgemein","category-nachwuchs","category-kleinschueler","category-knaben","category-schueler","category-jugend","category-laufschule","category-kleinstschueler","tag-bnfp","tag-casting","tag-eishockey","tag-rekrutierung","tag-talente","tag-vorspielen"],"jetpack_publicize_connections":[],"jetpack_featured_media_url":"https:\/\/www.fass-berlin.de\/wp-content\/uploads\/2018\/07\/Nachwuchs_720.jpg","jetpack_sharing_enabled":true,"jetpack_shortlink":"https:\/\/wp.me\/paiOCx-BP","jetpack_likes_enabled":true,"jetpack-related-posts":[],"_links":{"self":[{"href":"https:\/\/www.fass-berlin.de\/startseite\/wp-json\/wp\/v2\/posts\/2345","targetHints":{"allow":["GET"]}}],"collection":[{"href":"https:\/\/www.fass-berlin.de\/startseite\/wp-json\/wp\/v2\/posts"}],"about":[{"href":"https:\/\/www.fass-berlin.de\/startseite\/wp-json\/wp\/v2\/types\/post"}],"author":[{"embeddable":true,"href":"https:\/\/www.fass-berlin.de\/startseite\/wp-json\/wp\/v2\/users\/4"}],"replies":[{"embeddable":true,"href":"https:\/\/www.fass-berlin.de\/startseite\/wp-json\/wp\/v2\/comments?post=2345"}],"version-history":[{"count":3,"href":"https:\/\/www.fass-berlin.de\/startseite\/wp-json\/wp\/v2\/posts\/2345\/revisions"}],"predecessor-version":[{"id":2348,"href":"https:\/\/www.fass-berlin.de\/startseite\/wp-json\/wp\/v2\/posts\/2345\/revisions\/2348"}],"wp:featuredmedia":[{"embeddable":true,"href":"https:\/\/www.fass-berlin.de\/startseite\/wp-json\/wp\/v2\/media\/1342"}],"wp:attachment":[{"href":"https:\/\/www.fass-berlin.de\/startseite\/wp-json\/wp\/v2\/media?parent=2345"}],"wp:term":[{"taxonomy":"category","embeddable":true,"href":"https:\/\/www.fass-berlin.de\/startseite\/wp-json\/wp\/v2\/categories?post=2345"},{"taxonomy":"post_tag","embeddable":true,"href":"https:\/\/www.fass-berlin.de\/startseite\/wp-json\/wp\/v2\/tags?post=2345"}],"curies":[{"name":"wp","href":"https:\/\/api.w.org\/{rel}","templated":true}]}}