{"id":23450,"date":"2025-07-18T23:25:27","date_gmt":"2025-07-18T21:25:27","guid":{"rendered":"https:\/\/www.fass-berlin.de\/startseite\/?p=23450"},"modified":"2025-07-18T23:25:27","modified_gmt":"2025-07-18T21:25:27","slug":"verlaengert-daniel-kruggel-bleibt-zwei-weitere-jahre","status":"publish","type":"post","link":"https:\/\/www.fass-berlin.de\/startseite\/2025\/07\/18\/verlaengert-daniel-kruggel-bleibt-zwei-weitere-jahre\/","title":{"rendered":"Verl\u00e4ngert: Daniel Kruggel bleibt zwei weitere Jahre"},"content":{"rendered":"<h3 data-pm-slice=\"1 1 []\">Pr\u00e4sentiert von der Werner Pletz GmbH<\/h3>\n<p><em>Tiefbau und Rohrleitungsbau \u2013 Premium-Partner von FASS Berlin seit 2012<\/em><\/p>\n<div>\n<hr \/>\n<\/div>\n<h3>Zwei weitere Jahre physische Pr\u00e4senz<\/h3>\n<p>Mit seiner Wucht, Gr\u00f6\u00dfe und Zweikampfst\u00e4rke bringt <a href=\"https:\/\/www.fass-berlin.de\/startseite\/player\/kruggel-daniel\/\">Daniel Kruggel<\/a> eine wichtige Note in unsere Defensive ein \u2013 und das auch weiterhin: Der 34-J\u00e4hrige hat seinen Vertrag bei FASS um <strong>zwei Jahre<\/strong> verl\u00e4ngert. Besonders in einem Team, das stark von Technik und Spielwitz lebt, ist seine physische Komponente unverzichtbar.<\/p>\n<p>In der abgelaufenen Saison war Kruggel mit einer <strong>Plus-Minus-Bilanz von +25 in 30 Spielen<\/strong> ein entscheidender Stabilit\u00e4tsfaktor auf dem Weg zur zweiten Meisterschaft in Folge. Bereits 2024 geh\u00f6rte er zum Titelteam.<\/p>\n<div>\n<hr \/>\n<\/div>\n<h3>FASS-Wurzeln<\/h3>\n<p>Kruggel ist kein Unbekannter im Erika-He\u00df-Eisstadion. Bereits <strong>2008 bis 2010<\/strong> sammelte er erste Seniorenerfahrung bei FASS \u2013 als Nachwuchsspieler aus dem System der Eisb\u00e4ren Juniors. <strong>2019 kehrte er zur\u00fcck<\/strong>, unterbrochen nur durch eine <strong>Weltreise<\/strong> mit seiner Partnerin. Heute ist er junger Familienvater \u2013 und erfahrener R\u00fcckhalt in unserer Abwehr. Die Gegner wissen: An Daniel gibt es keinen leichten Weg vorbei.<\/p>\n<div>\n<hr \/>\n<\/div>\n<h3>Blick nach vorn<\/h3>\n<p>Danke an die <strong>Werner Pletz GmbH<\/strong> f\u00fcr die langj\u00e4hrige Treue \u2013 und an Daniel Kruggel f\u00fcr die Bereitschaft, weiter Verantwortung zu \u00fcbernehmen. Mit dieser Mischung aus Erfahrung und H\u00e4rte bleibt unsere Defensive stark aufgestellt. Die n\u00e4chsten Kadermeldungen folgen!<\/p>\n","protected":false},"excerpt":{"rendered":"<p>Pr\u00e4sentiert von der Werner Pletz GmbH Tiefbau und Rohrleitungsbau \u2013 Premium-Partner von FASS Berlin seit 2012 Zwei weitere Jahre physische Pr\u00e4senz Mit seiner Wucht, Gr\u00f6\u00dfe und Zweikampfst\u00e4rke bringt Daniel Kruggel eine wichtige Note in unsere Defensive ein \u2013 und das auch weiterhin: Der 34-J\u00e4hrige hat seinen Vertrag bei FASS um zwei Jahre verl\u00e4ngert. Besonders in [&hellip;]<\/p>\n","protected":false},"author":15,"featured_media":23451,"comment_status":"open","ping_status":"open","sticky":false,"template":"","format":"standard","meta":{"_exactmetrics_skip_tracking":false,"_exactmetrics_sitenote_active":false,"_exactmetrics_sitenote_note":"","_exactmetrics_sitenote_category":0,"jetpack_post_was_ever_published":false,"_jetpack_newsletter_access":"","_jetpack_dont_email_post_to_subs":false,"_jetpack_newsletter_tier_id":0,"_jetpack_memberships_contains_paywalled_content":false,"_jetpack_memberships_contains_paid_content":false,"footnotes":"","jetpack_publicize_message":"","jetpack_publicize_feature_enabled":true,"jetpack_social_post_already_shared":true,"jetpack_social_options":{"image_generator_settings":{"template":"highway","default_image_id":0,"font":"","enabled":false},"version":2}},"categories":[50],"tags":[],"class_list":["post-23450","post","type-post","status-publish","format-standard","has-post-thumbnail","hentry","category-regionalliga-ost"],"jetpack_publicize_connections":[],"jetpack_featured_media_url":"https:\/\/www.fass-berlin.de\/wp-content\/uploads\/2025\/07\/1000146474.png","jetpack_sharing_enabled":true,"jetpack_shortlink":"https:\/\/wp.me\/paiOCx-66e","jetpack_likes_enabled":true,"jetpack-related-posts":[],"_links":{"self":[{"href":"https:\/\/www.fass-berlin.de\/startseite\/wp-json\/wp\/v2\/posts\/23450","targetHints":{"allow":["GET"]}}],"collection":[{"href":"https:\/\/www.fass-berlin.de\/startseite\/wp-json\/wp\/v2\/posts"}],"about":[{"href":"https:\/\/www.fass-berlin.de\/startseite\/wp-json\/wp\/v2\/types\/post"}],"author":[{"embeddable":true,"href":"https:\/\/www.fass-berlin.de\/startseite\/wp-json\/wp\/v2\/users\/15"}],"replies":[{"embeddable":true,"href":"https:\/\/www.fass-berlin.de\/startseite\/wp-json\/wp\/v2\/comments?post=23450"}],"version-history":[{"count":3,"href":"https:\/\/www.fass-berlin.de\/startseite\/wp-json\/wp\/v2\/posts\/23450\/revisions"}],"predecessor-version":[{"id":23454,"href":"https:\/\/www.fass-berlin.de\/startseite\/wp-json\/wp\/v2\/posts\/23450\/revisions\/23454"}],"wp:featuredmedia":[{"embeddable":true,"href":"https:\/\/www.fass-berlin.de\/startseite\/wp-json\/wp\/v2\/media\/23451"}],"wp:attachment":[{"href":"https:\/\/www.fass-berlin.de\/startseite\/wp-json\/wp\/v2\/media?parent=23450"}],"wp:term":[{"taxonomy":"category","embeddable":true,"href":"https:\/\/www.fass-berlin.de\/startseite\/wp-json\/wp\/v2\/categories?post=23450"},{"taxonomy":"post_tag","embeddable":true,"href":"https:\/\/www.fass-berlin.de\/startseite\/wp-json\/wp\/v2\/tags?post=23450"}],"curies":[{"name":"wp","href":"https:\/\/api.w.org\/{rel}","templated":true}]}}