{"id":23510,"date":"2025-08-03T22:47:45","date_gmt":"2025-08-03T20:47:45","guid":{"rendered":"https:\/\/www.fass-berlin.de\/startseite\/?p=23510"},"modified":"2025-08-03T22:47:45","modified_gmt":"2025-08-03T20:47:45","slug":"duo-zwischen-den-pfosten-steffen-thiem-bleiben-fass-treu","status":"publish","type":"post","link":"https:\/\/www.fass-berlin.de\/startseite\/2025\/08\/03\/duo-zwischen-den-pfosten-steffen-thiem-bleiben-fass-treu\/","title":{"rendered":"Duo zwischen den Pfosten: Steffen &#038; Thiem bleiben FASS treu"},"content":{"rendered":"<h3 data-pm-slice=\"1 1 []\">Pr\u00e4sentiert von Quarki Fresh Food<\/h3>\n<p><em>Premium-Sponsor seit 2022 \u2013 Finde die k\u00f6stlichen Quarki-Produkte deutschlandweit im K\u00fchlregal bei Kaufland. In der Region Berlin\/Brandenburg zus\u00e4tzlich bei Edeka, Netto, Globus, Penny, Rewe, Lidl und Ullrich erh\u00e4ltlich.<\/em><\/p>\n<div>\n<hr \/>\n<\/div>\n<h3>Eric Steffen \u2013 Der Finalheld mit der 33<\/h3>\n<p>Zwei Meistertitel in zwei Jahren \u2013 und beide Male als <strong>Finalheld<\/strong> gefeiert: <a href=\"https:\/\/www.fass-berlin.de\/startseite\/player\/eric-steffen\/\">Eric Steffen<\/a> geht mit R\u00fcckennnummer 33 in seine dritte Saison f\u00fcr FASS Berlin. Der 24-j\u00e4hrige Schlussmann steht noch bis zum Ende der Saison <strong>2025\/26<\/strong> unter Vertrag und ist auf dem besten Weg, sich als <strong>Franchise-Goalie<\/strong> zu etablieren.<\/p>\n<p>Insgesamt absolvierte Steffen bisher <strong>24 Spiele<\/strong>, kam auf einen Gegentorschnitt von <strong>2.95<\/strong> und eine <strong>Fangquote von 90,4 %<\/strong>. Zuletzt brachte er im entscheidenden <strong>Spiel 5 der Finalserie 2025<\/strong> die St\u00fcrmer aus Sch\u00f6nheide mit stoischer Ruhe und spektakul\u00e4ren Paraden zur Verzweiflung.<\/p>\n<div>\n<hr \/>\n<\/div>\n<h3>S\u00f6ren Thiem \u2013 Der R\u00fcckhalt mit der 29<\/h3>\n<p>Mit <strong>R\u00fcckennnummer 29<\/strong> und viel Erfahrung bleibt auch <a href=\"https:\/\/www.fass-berlin.de\/startseite\/player\/soeren-thiem\/\">S\u00f6ren Thiem<\/a> Teil des Kaders. Der 28-J\u00e4hrige geht in seine <strong>sechste Saison<\/strong> bei FASS, absolvierte bislang <strong>38 Eins\u00e4tze<\/strong> (Gegentorschnitt <strong>3.14<\/strong>, Fangquote <strong>89,6 %<\/strong>).<\/p>\n<p>Die vergangene Saison lief verletzungsbedingt nicht wie gew\u00fcnscht \u2013 nur ein Einsatz \u2013 doch Thiem bleibt ein fester Bestandteil der Goalie-Gruppe und bringt neben sportlichem Wert auch Kontinuit\u00e4t und Teamgeist mit.<\/p>\n<div>\n<hr \/>\n<\/div>\n<h3>Und jetzt? Die Neuen!<\/h3>\n<p>Mit den Vertragsverl\u00e4ngerungen von Steffen und Thiem ist das Kapitel &#8222;Kader 2025\/26: Bestand&#8220; abgeschlossen. <strong>Aber keine Sorge: Die Neuzug\u00e4nge kommen.<\/strong><\/p>\n<p>Ab sofort und bis zum offiziellen Trainingsauftakt am <strong>19. August 2025<\/strong> in der <strong>Eissporthalle Charlottenburg<\/strong> stellen wir euch die neuen Gesichter im FASS-Trikot vor. Seid gespannt \u2013 da kommt noch was!<\/p>\n","protected":false},"excerpt":{"rendered":"<p>Pr\u00e4sentiert von Quarki Fresh Food Premium-Sponsor seit 2022 \u2013 Finde die k\u00f6stlichen Quarki-Produkte deutschlandweit im K\u00fchlregal bei Kaufland. In der Region Berlin\/Brandenburg zus\u00e4tzlich bei Edeka, Netto, Globus, Penny, Rewe, Lidl und Ullrich erh\u00e4ltlich. Eric Steffen \u2013 Der Finalheld mit der 33 Zwei Meistertitel in zwei Jahren \u2013 und beide Male als Finalheld gefeiert: Eric Steffen [&hellip;]<\/p>\n","protected":false},"author":15,"featured_media":23511,"comment_status":"open","ping_status":"open","sticky":false,"template":"","format":"standard","meta":{"_exactmetrics_skip_tracking":false,"_exactmetrics_sitenote_active":false,"_exactmetrics_sitenote_note":"","_exactmetrics_sitenote_category":0,"jetpack_post_was_ever_published":false,"_jetpack_newsletter_access":"","_jetpack_dont_email_post_to_subs":false,"_jetpack_newsletter_tier_id":0,"_jetpack_memberships_contains_paywalled_content":false,"_jetpack_memberships_contains_paid_content":false,"footnotes":"","jetpack_publicize_message":"","jetpack_publicize_feature_enabled":true,"jetpack_social_post_already_shared":true,"jetpack_social_options":{"image_generator_settings":{"template":"highway","default_image_id":0,"font":"","enabled":false},"version":2}},"categories":[50],"tags":[],"class_list":["post-23510","post","type-post","status-publish","format-standard","has-post-thumbnail","hentry","category-regionalliga-ost"],"jetpack_publicize_connections":[],"jetpack_featured_media_url":"https:\/\/www.fass-berlin.de\/wp-content\/uploads\/2025\/08\/1000153295.png","jetpack_sharing_enabled":true,"jetpack_shortlink":"https:\/\/wp.me\/paiOCx-67c","jetpack_likes_enabled":true,"jetpack-related-posts":[],"_links":{"self":[{"href":"https:\/\/www.fass-berlin.de\/startseite\/wp-json\/wp\/v2\/posts\/23510","targetHints":{"allow":["GET"]}}],"collection":[{"href":"https:\/\/www.fass-berlin.de\/startseite\/wp-json\/wp\/v2\/posts"}],"about":[{"href":"https:\/\/www.fass-berlin.de\/startseite\/wp-json\/wp\/v2\/types\/post"}],"author":[{"embeddable":true,"href":"https:\/\/www.fass-berlin.de\/startseite\/wp-json\/wp\/v2\/users\/15"}],"replies":[{"embeddable":true,"href":"https:\/\/www.fass-berlin.de\/startseite\/wp-json\/wp\/v2\/comments?post=23510"}],"version-history":[{"count":1,"href":"https:\/\/www.fass-berlin.de\/startseite\/wp-json\/wp\/v2\/posts\/23510\/revisions"}],"predecessor-version":[{"id":23512,"href":"https:\/\/www.fass-berlin.de\/startseite\/wp-json\/wp\/v2\/posts\/23510\/revisions\/23512"}],"wp:featuredmedia":[{"embeddable":true,"href":"https:\/\/www.fass-berlin.de\/startseite\/wp-json\/wp\/v2\/media\/23511"}],"wp:attachment":[{"href":"https:\/\/www.fass-berlin.de\/startseite\/wp-json\/wp\/v2\/media?parent=23510"}],"wp:term":[{"taxonomy":"category","embeddable":true,"href":"https:\/\/www.fass-berlin.de\/startseite\/wp-json\/wp\/v2\/categories?post=23510"},{"taxonomy":"post_tag","embeddable":true,"href":"https:\/\/www.fass-berlin.de\/startseite\/wp-json\/wp\/v2\/tags?post=23510"}],"curies":[{"name":"wp","href":"https:\/\/api.w.org\/{rel}","templated":true}]}}