{"id":23611,"date":"2025-08-06T19:03:28","date_gmt":"2025-08-06T17:03:28","guid":{"rendered":"https:\/\/www.fass-berlin.de\/startseite\/?p=23611"},"modified":"2025-08-06T19:03:28","modified_gmt":"2025-08-06T17:03:28","slug":"der-spielplan-steht-jetzt-wirds-ernst","status":"publish","type":"post","link":"https:\/\/www.fass-berlin.de\/startseite\/2025\/08\/06\/der-spielplan-steht-jetzt-wirds-ernst\/","title":{"rendered":"Der Spielplan steht \u2013 jetzt wird\u2019s ernst!"},"content":{"rendered":"<h3 data-start=\"178\" data-end=\"231\">Saisonstart in Chemnitz \u2013 Pokalauftakt in Hamburg<\/h3>\n<p data-start=\"233\" data-end=\"517\">Am heutigen Mittwoch hat der Ligenleiter der Regionalliga Ost den offiziellen Spielplan f\u00fcr die Saison 2025\/26 freigegeben. Sieben Teams treten in einer Doppelrunde mit <strong data-start=\"402\" data-end=\"416\">24 Spielen<\/strong> gegeneinander an. Die Hauptrunde endet am <strong data-start=\"459\" data-end=\"479\">15. Februar 2026<\/strong>, anschlie\u00dfend beginnen die Play-offs.<\/p>\n<p data-start=\"519\" data-end=\"807\">F\u00fcr FASS Berlin startet die Mission Titelverteidigung am <strong data-start=\"576\" data-end=\"598\">27. September 2025<\/strong> mit einem Ausw\u00e4rtsspiel bei den <strong data-start=\"631\" data-end=\"652\">Chemnitz Crashers<\/strong>. Bereits eine Woche zuvor, am <strong data-start=\"683\" data-end=\"712\">21. September (17:00 Uhr)<\/strong>, er\u00f6ffnen wir unsere Saison im <strong data-start=\"744\" data-end=\"760\">OsWeNo-Pokal<\/strong> mit der Partie bei den <strong data-start=\"784\" data-end=\"806\">Crocodiles Hamburg<\/strong>.<\/p>\n<p data-start=\"809\" data-end=\"930\"><a href=\"https:\/\/www.fass-berlin.de\/startseite\/regionalliga-ost-2\/regionalliga-ost-2025-26\/\">Unseren kompletten Spielplan findet ihr hier<\/a> \u2013 nat\u00fcrlich mit der M\u00f6glichkeit, ihn direkt in euren Kalender zu \u00fcbernehmen.<\/p>\n<hr data-start=\"932\" data-end=\"935\" \/>\n<h3 data-start=\"937\" data-end=\"973\">Heimspielpremiere am 18. Oktober<\/h3>\n<p data-start=\"975\" data-end=\"1264\">Wegen der weiterhin angespannten Hallensituation beginnt unsere Saison erneut mit einer langen Ausw\u00e4rtsstrecke. Das erste Heimspiel findet am <strong data-start=\"1117\" data-end=\"1149\">18. Oktober 2025 (19:00 Uhr)<\/strong> gegen den <strong data-start=\"1160\" data-end=\"1175\">ESC Dresden<\/strong> statt. Der <strong data-start=\"1187\" data-end=\"1208\">Termin steht fest<\/strong>, aber beim <strong data-start=\"1220\" data-end=\"1232\">Spielort<\/strong> gibt es weiterhin Unsicherheit.<\/p>\n<p data-start=\"1266\" data-end=\"1501\">Wir <strong data-start=\"1270\" data-end=\"1309\">planen mit dem Erika-He\u00df-Eisstadion<\/strong>, k\u00f6nnen uns aufgrund der laufenden Bauarbeiten an Dach und K\u00e4lteanlage jedoch nicht darauf verlassen. <strong data-start=\"1412\" data-end=\"1501\">Daher sind alle Termine parallel auch in der Eissporthalle Charlottenburg reserviert.<\/strong><\/p>\n<p data-start=\"1503\" data-end=\"1705\">Die Entt\u00e4uschung \u00fcber diese Lage ist gro\u00df \u2013 auch deshalb, weil es andere Zusagen von Seiten des Bezirks Mitte gab. Aber wir lassen uns die Vorfreude nicht nehmen und informieren euch, sobald es Neuigkeiten gibt.<\/p>\n<hr data-start=\"1707\" data-end=\"1710\" \/>\n<h3 data-start=\"1712\" data-end=\"1741\">Stadtderby am 12. Oktober<\/h3>\n<p data-start=\"1743\" data-end=\"1961\">Das erste Pflichtspiel auf Berliner Eis steigt \u00fcbrigens schon eine Woche fr\u00fcher: Am <strong data-start=\"1827\" data-end=\"1859\">12. Oktober 2025 (16:00 Uhr)\u00a0<\/strong>treffen wir im <strong data-start=\"1875\" data-end=\"1894\">Wellblechpalast<\/strong> auf die <strong data-start=\"1903\" data-end=\"1928\">Regionalliga-Eisb\u00e4ren<\/strong> \u2013 Derbytime in Hohensch\u00f6nhausen!<\/p>\n<hr data-start=\"1963\" data-end=\"1966\" \/>\n<h3 data-start=\"1968\" data-end=\"2008\">Testspiel gegen Braunlage gestrichen<\/h3>\n<p data-start=\"2010\" data-end=\"2283\">Eigentlich hatten wir zwei Testspiele gegen die <strong data-start=\"2058\" data-end=\"2085\">Harzer Falken Braunlage<\/strong> geplant. Doch nachdem wir das Heimspiel wegen der Hallensituation absagen mussten, hat Braunlage auch das R\u00fcckspiel gestrichen \u2013 sie suchten einen Gegner f\u00fcr ein komplettes Vorbereitungswochenende.<\/p>\n<p data-start=\"2285\" data-end=\"2519\"><strong data-start=\"2285\" data-end=\"2342\">Damit bleibt uns genau ein Testspiel zur Vorbereitung<\/strong>: am <strong data-start=\"2347\" data-end=\"2394\">14. September beim ERSC Amberg (Bayernliga)<\/strong>. Headcoach <strong data-start=\"2406\" data-end=\"2428\">Christopher Scholz<\/strong> muss seine Mannschaft also mit nur einem echten H\u00e4rtetest auf die neue Saison vorbereiten.<\/p>\n<hr data-start=\"2521\" data-end=\"2524\" \/>\n<h3 data-start=\"2526\" data-end=\"2577\">Saisontickets &amp; Neuzug\u00e4nge \u2013 es bleibt spannend<\/h3>\n<p data-start=\"2579\" data-end=\"2737\">In den kommenden Tagen startet der <strong data-start=\"2614\" data-end=\"2643\">Verkauf der Saisontickets<\/strong> \u2013 begleitet von einer kleinen \u00dcberraschung: <strong data-start=\"2688\" data-end=\"2718\">Unser neuer Online-Fanshop<\/strong> geht an den Start!<\/p>\n<p data-start=\"2739\" data-end=\"2944\">Und auch bei den <strong data-start=\"2756\" data-end=\"2771\">Neuzug\u00e4ngen<\/strong> geht es jetzt Schlag auf Schlag weiter: Ab sofort stellen wir euch bis zum Trainingsauftakt am <strong data-start=\"2867\" data-end=\"2886\">19. August 2025<\/strong> in Charlottenburg die neuen Gesichter im FASS-Trikot vor.<\/p>\n<p data-start=\"2946\" data-end=\"3039\" data-is-last-node=\"\" data-is-only-node=\"\"><strong data-start=\"2946\" data-end=\"2986\">Der Spielplan steht \u2013 jetzt z\u00e4hlt\u2019s!<\/strong><br data-start=\"2986\" data-end=\"2989\" \/>Wir freuen uns auf eine spannende Saison mit euch.<\/p>\n","protected":false},"excerpt":{"rendered":"<p>Saisonstart in Chemnitz \u2013 Pokalauftakt in Hamburg Am heutigen Mittwoch hat der Ligenleiter der Regionalliga Ost den offiziellen Spielplan f\u00fcr die Saison 2025\/26 freigegeben. Sieben Teams treten in einer Doppelrunde mit 24 Spielen gegeneinander an. Die Hauptrunde endet am 15. Februar 2026, anschlie\u00dfend beginnen die Play-offs. F\u00fcr FASS Berlin startet die Mission Titelverteidigung am 27. [&hellip;]<\/p>\n","protected":false},"author":15,"featured_media":23617,"comment_status":"open","ping_status":"open","sticky":false,"template":"","format":"standard","meta":{"_exactmetrics_skip_tracking":false,"_exactmetrics_sitenote_active":false,"_exactmetrics_sitenote_note":"","_exactmetrics_sitenote_category":0,"jetpack_post_was_ever_published":false,"_jetpack_newsletter_access":"","_jetpack_dont_email_post_to_subs":false,"_jetpack_newsletter_tier_id":0,"_jetpack_memberships_contains_paywalled_content":false,"_jetpack_memberships_contains_paid_content":false,"footnotes":"","jetpack_publicize_message":"","jetpack_publicize_feature_enabled":true,"jetpack_social_post_already_shared":true,"jetpack_social_options":{"image_generator_settings":{"template":"highway","default_image_id":0,"font":"","enabled":false},"version":2}},"categories":[50],"tags":[],"class_list":["post-23611","post","type-post","status-publish","format-standard","has-post-thumbnail","hentry","category-regionalliga-ost"],"jetpack_publicize_connections":[],"jetpack_featured_media_url":"https:\/\/www.fass-berlin.de\/wp-content\/uploads\/2025\/08\/spielplan-grafik.png","jetpack_sharing_enabled":true,"jetpack_shortlink":"https:\/\/wp.me\/paiOCx-68P","jetpack_likes_enabled":true,"jetpack-related-posts":[],"_links":{"self":[{"href":"https:\/\/www.fass-berlin.de\/startseite\/wp-json\/wp\/v2\/posts\/23611","targetHints":{"allow":["GET"]}}],"collection":[{"href":"https:\/\/www.fass-berlin.de\/startseite\/wp-json\/wp\/v2\/posts"}],"about":[{"href":"https:\/\/www.fass-berlin.de\/startseite\/wp-json\/wp\/v2\/types\/post"}],"author":[{"embeddable":true,"href":"https:\/\/www.fass-berlin.de\/startseite\/wp-json\/wp\/v2\/users\/15"}],"replies":[{"embeddable":true,"href":"https:\/\/www.fass-berlin.de\/startseite\/wp-json\/wp\/v2\/comments?post=23611"}],"version-history":[{"count":2,"href":"https:\/\/www.fass-berlin.de\/startseite\/wp-json\/wp\/v2\/posts\/23611\/revisions"}],"predecessor-version":[{"id":23618,"href":"https:\/\/www.fass-berlin.de\/startseite\/wp-json\/wp\/v2\/posts\/23611\/revisions\/23618"}],"wp:featuredmedia":[{"embeddable":true,"href":"https:\/\/www.fass-berlin.de\/startseite\/wp-json\/wp\/v2\/media\/23617"}],"wp:attachment":[{"href":"https:\/\/www.fass-berlin.de\/startseite\/wp-json\/wp\/v2\/media?parent=23611"}],"wp:term":[{"taxonomy":"category","embeddable":true,"href":"https:\/\/www.fass-berlin.de\/startseite\/wp-json\/wp\/v2\/categories?post=23611"},{"taxonomy":"post_tag","embeddable":true,"href":"https:\/\/www.fass-berlin.de\/startseite\/wp-json\/wp\/v2\/tags?post=23611"}],"curies":[{"name":"wp","href":"https:\/\/api.w.org\/{rel}","templated":true}]}}