{"id":23619,"date":"2025-08-08T11:13:12","date_gmt":"2025-08-08T09:13:12","guid":{"rendered":"https:\/\/www.fass-berlin.de\/startseite\/?p=23619"},"modified":"2025-08-08T11:13:12","modified_gmt":"2025-08-08T09:13:12","slug":"neuzugang-im-tor-marks-slavinskis-repe-verstaerkt-fass","status":"publish","type":"post","link":"https:\/\/www.fass-berlin.de\/startseite\/2025\/08\/08\/neuzugang-im-tor-marks-slavinskis-repe-verstaerkt-fass\/","title":{"rendered":"Neuzugang im Tor: Marks Slavinskis-Repe verst\u00e4rkt FASS"},"content":{"rendered":"<h3 data-pm-slice=\"1 1 []\">Pr\u00e4sentiert von KUKKO<\/h3>\n<p><em>Das glutenfreie Bier aus Finnland. In verschiedenen Sorten in Berlin erh\u00e4ltlich \u2013 auch alkoholfrei. Seit 2022 Premium-Sponsor von FASS Berlin. Jetzt probieren: bei Amazon, bei Getr\u00e4nke Hoffmann \u2013 oder bei uns im VIP-Raum.<\/em><\/p>\n<div>\n<hr \/>\n<\/div>\n<h3>Internationaler Neuzugang f\u00fcr das FASS-Tor<\/h3>\n<p>Mit <strong>Marks Slavinskis-Repe<\/strong> schlie\u00dfen wir die Kaderplanung auf der Torh\u00fcterposition ab. Der <strong>21-j\u00e4hrige Lette<\/strong> kommt mit beeindruckendem Lebenslauf nach Berlin und komplettiert unser Goalie-Trio neben <strong>Eric Steffen<\/strong> und <strong>S\u00f6ren Thiem<\/strong>.<\/p>\n<p>Der <strong>1,91 Meter gro\u00dfe Schlussmann<\/strong> wurde in seinem Heimatland <strong>Lettland mehrfach f\u00fcr Auswahlmannschaften\u00a0<\/strong>nominiert, unter anderem f\u00fcr die <strong>U18-Weltmeisterschaft<\/strong>. Stationen in den Nachwuchsligen <strong>Schwedens, der Schweiz\u00a0<\/strong>sowie zuletzt in den US-Ligen <strong>NCDC<\/strong> und <strong>NAHL<\/strong> zeigen seinen internationalen Weg.<\/p>\n<p>Marks beginnt ein <strong>Studium im Bereich Fashion Management<\/strong> in Berlin und wird parallel mit der <strong>R\u00fcckennummer 54<\/strong> f\u00fcr FASS auflaufen.<\/p>\n<blockquote><p>\u201eIch konnte schon die Finalspiele letzte Saison live im Stadion verfolgen und kann es kaum erwarten, erstmals vor unseren Fans in Berlin zu spielen!\u201c<br \/>\n\u2013 <strong>Marks Slavinskis-Repe<\/strong><\/p><\/blockquote>\n<p>Wir hei\u00dfen Marks herzlich willkommen in unserer Hauptstadt und freuen uns auf seine ersten Eins\u00e4tze im FASS-Trikot!<\/p>\n<div>\n<hr \/>\n<\/div>\n<h3>Danke, Finn!<\/h3>\n<p>Unser bisheriger Backup-Goalie <a href=\"https:\/\/www.fass-berlin.de\/startseite\/player\/finn-bernhardt\/\">Finn Bernhardt<\/a> (18) schlie\u00df sich zur neuen Saison einem Team in der <strong>DNL3<\/strong> an. Finn war <strong>zwei Jahre Teil des Kaders<\/strong>\u00a0und bewies stets Teamgeist und Zuverl\u00e4ssigkeit.<\/p>\n<p>Wir danken dir f\u00fcr deinen Einsatz und w\u00fcnschen dir alles Gute f\u00fcr deine weitere Entwicklung!<\/p>\n","protected":false},"excerpt":{"rendered":"<p>Pr\u00e4sentiert von KUKKO Das glutenfreie Bier aus Finnland. In verschiedenen Sorten in Berlin erh\u00e4ltlich \u2013 auch alkoholfrei. Seit 2022 Premium-Sponsor von FASS Berlin. Jetzt probieren: bei Amazon, bei Getr\u00e4nke Hoffmann \u2013 oder bei uns im VIP-Raum. Internationaler Neuzugang f\u00fcr das FASS-Tor Mit Marks Slavinskis-Repe schlie\u00dfen wir die Kaderplanung auf der Torh\u00fcterposition ab. Der 21-j\u00e4hrige Lette [&hellip;]<\/p>\n","protected":false},"author":15,"featured_media":23622,"comment_status":"open","ping_status":"open","sticky":false,"template":"","format":"standard","meta":{"_exactmetrics_skip_tracking":false,"_exactmetrics_sitenote_active":false,"_exactmetrics_sitenote_note":"","_exactmetrics_sitenote_category":0,"jetpack_post_was_ever_published":false,"_jetpack_newsletter_access":"","_jetpack_dont_email_post_to_subs":false,"_jetpack_newsletter_tier_id":0,"_jetpack_memberships_contains_paywalled_content":false,"_jetpack_memberships_contains_paid_content":false,"footnotes":"","jetpack_publicize_message":"","jetpack_publicize_feature_enabled":true,"jetpack_social_post_already_shared":true,"jetpack_social_options":{"image_generator_settings":{"template":"highway","default_image_id":0,"font":"","enabled":false},"version":2}},"categories":[50],"tags":[],"class_list":["post-23619","post","type-post","status-publish","format-standard","has-post-thumbnail","hentry","category-regionalliga-ost"],"jetpack_publicize_connections":[],"jetpack_featured_media_url":"https:\/\/www.fass-berlin.de\/wp-content\/uploads\/2025\/08\/Kopie-von-Kopie-von-FASSZINATION-EISHOCKEY_20250808_093402_0000.png","jetpack_sharing_enabled":true,"jetpack_shortlink":"https:\/\/wp.me\/paiOCx-68X","jetpack_likes_enabled":true,"jetpack-related-posts":[],"_links":{"self":[{"href":"https:\/\/www.fass-berlin.de\/startseite\/wp-json\/wp\/v2\/posts\/23619","targetHints":{"allow":["GET"]}}],"collection":[{"href":"https:\/\/www.fass-berlin.de\/startseite\/wp-json\/wp\/v2\/posts"}],"about":[{"href":"https:\/\/www.fass-berlin.de\/startseite\/wp-json\/wp\/v2\/types\/post"}],"author":[{"embeddable":true,"href":"https:\/\/www.fass-berlin.de\/startseite\/wp-json\/wp\/v2\/users\/15"}],"replies":[{"embeddable":true,"href":"https:\/\/www.fass-berlin.de\/startseite\/wp-json\/wp\/v2\/comments?post=23619"}],"version-history":[{"count":1,"href":"https:\/\/www.fass-berlin.de\/startseite\/wp-json\/wp\/v2\/posts\/23619\/revisions"}],"predecessor-version":[{"id":23621,"href":"https:\/\/www.fass-berlin.de\/startseite\/wp-json\/wp\/v2\/posts\/23619\/revisions\/23621"}],"wp:featuredmedia":[{"embeddable":true,"href":"https:\/\/www.fass-berlin.de\/startseite\/wp-json\/wp\/v2\/media\/23622"}],"wp:attachment":[{"href":"https:\/\/www.fass-berlin.de\/startseite\/wp-json\/wp\/v2\/media?parent=23619"}],"wp:term":[{"taxonomy":"category","embeddable":true,"href":"https:\/\/www.fass-berlin.de\/startseite\/wp-json\/wp\/v2\/categories?post=23619"},{"taxonomy":"post_tag","embeddable":true,"href":"https:\/\/www.fass-berlin.de\/startseite\/wp-json\/wp\/v2\/tags?post=23619"}],"curies":[{"name":"wp","href":"https:\/\/api.w.org\/{rel}","templated":true}]}}