{"id":23818,"date":"2025-10-12T20:56:07","date_gmt":"2025-10-12T18:56:07","guid":{"rendered":"https:\/\/www.fass-berlin.de\/startseite\/?p=23818"},"modified":"2025-10-18T20:06:30","modified_gmt":"2025-10-18T18:06:30","slug":"sechs-punkte-wochenende-bringt-tabellenfuehrung","status":"publish","type":"post","link":"https:\/\/www.fass-berlin.de\/startseite\/2025\/10\/12\/sechs-punkte-wochenende-bringt-tabellenfuehrung\/","title":{"rendered":"Sechs-Punkte-Wochenende bringt Tabellenf\u00fchrung"},"content":{"rendered":"<p style=\"font-weight: 400;\"><strong>FASS Berlin war klarer Favorit im ersten Derby der Saison bei den Regionalliga-Eisb\u00e4ren, und sie wurden dieser Favoritenrolle klar gerecht. 0:9 (0:3, 0:4, 0:2) endete das erste Derby, und damit \u00fcbernimmt FASS in der noch jungen Saison die Tabellenf\u00fchrung der Regionalliga Ost.<\/strong><\/p>\n<p style=\"font-weight: 400;\">W\u00e4hrend die Gastgeber an diesem Wochenende nur ein Spiel bestreiten mussten, war es f\u00fcr FASS nach dem 3:5-Erfolg bei den Luchsen Lauterbach das zweite Spiel binnen 24 Stunden. Die Juniors traten wie angek\u00fcndigt mit 20 Feldspielern an; im Tor startete Philipp L\u00fccke. FASS hatte 18 Feldspieler aufgeboten, darunter mit <strong>Stepan Belimenko<\/strong> einen Neuzugang, den wir in den n\u00e4chsten Tagen ausf\u00fchrlicher vorstellen. Starttorh\u00fcter war Eric Steffen.<\/p>\n<h5>Das Spiel<\/h5>\n<p style=\"font-weight: 400;\">FASS \u00fcbernahm sofort das Kommando, und nach vier Minuten jubelten sie erstmals. Allerdings vergeblich, denn ein vermeidlicher Treffer wurde von den Schiedsrichtern nicht gegeben. Wenig sp\u00e4ter wurde doch gejubelt, <a href=\"https:\/\/www.fass-berlin.de\/startseite\/player\/felix-braun\/\">Felix Braun<\/a> traf in \u00dcberzahl zum 0:1 (4.). Eine Minute sp\u00e4ter sa\u00df ein Konter, abgeschlossen von <a href=\"https:\/\/www.fass-berlin.de\/startseite\/player\/dennis-thielsch\/\">Dennis Thielsch<\/a>. Und das 0:3 folgte in der 14. Minute, diesmal war <a href=\"https:\/\/www.fass-berlin.de\/startseite\/player\/daniel-volynec\/\">Daniel Volynec<\/a> mit einer klassischen Bully-Tor-Situation erfolgreich. Die Eisb\u00e4ren hatten zwar auch Angriffe und ein Powerplay, der Favorit war aber klar spielbestimmend. Trotz der \u00dcberlegenheit konnten die Weddinger keine Tore mehr erzielen, und so stand es zur Pause 0:3.<\/p>\n<p style=\"font-weight: 400;\">Schnell mit weiteren Toren ging es im Mitteldrittel. <a href=\"https:\/\/www.fass-berlin.de\/startseite\/player\/oliver-noack\/\">Oliver Noack<\/a> erh\u00f6hte nach 51 Sekunden auf 0:4, und <a href=\"https:\/\/www.fass-berlin.de\/startseite\/player\/gregor-kubail\/\">Gregor Kubail<\/a> schloss 32 Sekunden sp\u00e4ter einen Turnover zum 0:5 ab. Nach 30 Minuten jubelten die Weddinger erneut, <a href=\"https:\/\/www.fass-berlin.de\/startseite\/player\/kruggel-daniel\/\">Daniel Kruggel<\/a> bef\u00f6rderte den Puck irgendwie ins Tor und das halbe Dutzend war voll. FASS hatte weiter gute M\u00f6glichkeiten, sie scheiterten aber oft am Torh\u00fcter. Dieser wurde nach 34 Minuten ausgewechselt, Benjamin Nitschke \u00fcbernahm nun. Und er musste 140 Sekunden vor der Pause das 0:7 von Dennis Thielsch hinnehmen. Mit diesem Spielstand endete das Drittel.<\/p>\n<p style=\"font-weight: 400;\">Auch im letzten Drittel traf FASS weiter, <a href=\"https:\/\/www.fass-berlin.de\/startseite\/player\/niklas-weihrauch\/\">Niklas Weihrauch<\/a> sorgte nach 44 Minuten f\u00fcr den achten Treffer der Weddinger. Im Anschluss kontrollierte FASS das Spiel und schonte die inzwischen m\u00fcderen Beine, die Eisb\u00e4ren kamen trotzdem nur selten zu erfolgversprechenden Angriffen und scheiterten dann an <a href=\"https:\/\/www.fass-berlin.de\/startseite\/player\/eric-steffen\/\">Eric Steffen<\/a>, der einen Shut-out feiern konnte. Den letzten Treffer des Spiels erzielte FASS mit einem Empty Net Goal. Die Eisb\u00e4ren zogen den Torh\u00fcter, um wenigstens noch den Ehrentreffer zu erzielen, aber <a href=\"https:\/\/www.fass-berlin.de\/startseite\/player\/tom-fiedler\/\">Tom Fiedler<\/a> hatte etwas dagegen: er traf neun Sekunden vor dem Ende zum 0:9.<\/p>\n<p style=\"font-weight: 400;\">Es war der erwartete Erfolg von FASS und er fiel sehr deutlich aus. Die Eisb\u00e4ren hatten zwar auch einige gute Chancen, sie nutzten diese aber nicht.<\/p>\n<h5>Der Ausblick<\/h5>\n<p style=\"font-weight: 400;\">Weiter geht es f\u00fcr FASS mit dem Wiederer\u00f6ffnungsspiel des Erika-He\u00df-Eisstadions am Samstag, dem 18. Oktober um 19:00 Uhr gegen den ESC Dresden. Die Eisb\u00e4ren reisen einen Tag sp\u00e4ter zum ESC Dresden, wo sie um 13:00 Uhr antreten m\u00fcssen.<\/p>\n<h5>Die Statistik<\/h5>\n<p><strong>FASS<\/strong>: Steffen (Thiem) &#8211; Kruggel, Haase; Heinicke, Miethke; Junge, Levin &#8211; Licitis, O. Noack, Thielsch; Jentzsch, Fiedler, Miguez; Volynec, Kubail, Braun; L. Noack, Belimenko, Weihrauch.<br \/>\n<strong>Tore<\/strong>:<br \/>\n0:1 (03:46) <strong>Braun<\/strong> (Volynec, Kubail) PP1, 0:2 (04:41) <strong>Thielsch<\/strong> (O. Noack, Licitis), 0:3 (13:15) <strong>Volynec<\/strong> (Kubail);<br \/>\n0:4 (20:51) <strong>O. Noack<\/strong> (Haase, Kruggel), 0:5 (21:37) <strong>Kubail<\/strong>, 0:6 (29:06) <strong>Kruggel<\/strong> (Thielsch, O. Noack), 0:7 (37:40) <strong>Thielsch<\/strong> (Licitis, O. Noack);<br \/>\n0:8 (43:03) <strong>Weihrauch<\/strong> (Heinicke, Belimenko), 0:9 (59:51) <strong>Fiedler<\/strong> (Jentzsch) ENG.<br \/>\n<strong>Schiedsrichter<\/strong>: Hecker &#8211; Kr\u00fcger, Niedermeyer.<br \/>\n<strong>Strafen<\/strong>: Eisb\u00e4ren 4, FASS 2.<br \/>\n<strong>Zuschauer<\/strong>: 180.<br \/>\n<strong>Sch\u00fcsse<\/strong>: 28-50.<br \/>\n<strong>Face-off<\/strong>: 26-33.<\/p>\n<p>Foto: Philipp Knop<\/p>\n","protected":false},"excerpt":{"rendered":"<p>FASS Berlin war klarer Favorit im ersten Derby der Saison bei den Regionalliga-Eisb\u00e4ren, und sie wurden dieser Favoritenrolle klar gerecht. 0:9 (0:3, 0:4, 0:2) endete das erste Derby, und damit \u00fcbernimmt FASS in der noch jungen Saison die Tabellenf\u00fchrung der Regionalliga Ost. W\u00e4hrend die Gastgeber an diesem Wochenende nur ein Spiel bestreiten mussten, war es [&hellip;]<\/p>\n","protected":false},"author":9,"featured_media":23819,"comment_status":"open","ping_status":"open","sticky":false,"template":"","format":"standard","meta":{"_exactmetrics_skip_tracking":false,"_exactmetrics_sitenote_active":false,"_exactmetrics_sitenote_note":"","_exactmetrics_sitenote_category":0,"jetpack_post_was_ever_published":false,"_jetpack_newsletter_access":"","_jetpack_dont_email_post_to_subs":false,"_jetpack_newsletter_tier_id":0,"_jetpack_memberships_contains_paywalled_content":false,"_jetpack_memberships_contains_paid_content":false,"footnotes":"","jetpack_publicize_message":"","jetpack_publicize_feature_enabled":true,"jetpack_social_post_already_shared":true,"jetpack_social_options":{"image_generator_settings":{"template":"highway","default_image_id":0,"font":"","enabled":false},"version":2}},"categories":[50],"tags":[],"class_list":["post-23818","post","type-post","status-publish","format-standard","has-post-thumbnail","hentry","category-regionalliga-ost"],"jetpack_publicize_connections":[],"jetpack_featured_media_url":"https:\/\/www.fass-berlin.de\/wp-content\/uploads\/2025\/10\/PHOTO-2025-10-12-16-53-46-scaled-e1760295084254.jpg","jetpack_sharing_enabled":true,"jetpack_shortlink":"https:\/\/wp.me\/paiOCx-6ca","jetpack_likes_enabled":true,"jetpack-related-posts":[],"_links":{"self":[{"href":"https:\/\/www.fass-berlin.de\/startseite\/wp-json\/wp\/v2\/posts\/23818","targetHints":{"allow":["GET"]}}],"collection":[{"href":"https:\/\/www.fass-berlin.de\/startseite\/wp-json\/wp\/v2\/posts"}],"about":[{"href":"https:\/\/www.fass-berlin.de\/startseite\/wp-json\/wp\/v2\/types\/post"}],"author":[{"embeddable":true,"href":"https:\/\/www.fass-berlin.de\/startseite\/wp-json\/wp\/v2\/users\/9"}],"replies":[{"embeddable":true,"href":"https:\/\/www.fass-berlin.de\/startseite\/wp-json\/wp\/v2\/comments?post=23818"}],"version-history":[{"count":4,"href":"https:\/\/www.fass-berlin.de\/startseite\/wp-json\/wp\/v2\/posts\/23818\/revisions"}],"predecessor-version":[{"id":23827,"href":"https:\/\/www.fass-berlin.de\/startseite\/wp-json\/wp\/v2\/posts\/23818\/revisions\/23827"}],"wp:featuredmedia":[{"embeddable":true,"href":"https:\/\/www.fass-berlin.de\/startseite\/wp-json\/wp\/v2\/media\/23819"}],"wp:attachment":[{"href":"https:\/\/www.fass-berlin.de\/startseite\/wp-json\/wp\/v2\/media?parent=23818"}],"wp:term":[{"taxonomy":"category","embeddable":true,"href":"https:\/\/www.fass-berlin.de\/startseite\/wp-json\/wp\/v2\/categories?post=23818"},{"taxonomy":"post_tag","embeddable":true,"href":"https:\/\/www.fass-berlin.de\/startseite\/wp-json\/wp\/v2\/tags?post=23818"}],"curies":[{"name":"wp","href":"https:\/\/api.w.org\/{rel}","templated":true}]}}