{"id":23825,"date":"2025-10-14T17:14:12","date_gmt":"2025-10-14T15:14:12","guid":{"rendered":"https:\/\/www.fass-berlin.de\/startseite\/?p=23825"},"modified":"2025-10-22T08:08:26","modified_gmt":"2025-10-22T06:08:26","slug":"kein-heimspiel-am-18-oktober-fass-startet-spaeter-im-erika-hess-eisstadion","status":"publish","type":"post","link":"https:\/\/www.fass-berlin.de\/startseite\/2025\/10\/14\/kein-heimspiel-am-18-oktober-fass-startet-spaeter-im-erika-hess-eisstadion\/","title":{"rendered":"Kein Heimspiel am 18. Oktober \u2013 FASS startet sp\u00e4ter im Erika-He\u00df-Eisstadion"},"content":{"rendered":"<p data-start=\"277\" data-end=\"462\">Nach dem erfolgreichen Doppel-Wochenende mit den Siegen in <strong data-start=\"336\" data-end=\"356\">Lauterbach (5:3)<\/strong> und beim <strong data-start=\"366\" data-end=\"405\">Stadtderby im Wellblechpalast (9:0)<\/strong> folgt heute leider eine weniger erfreuliche Nachricht:<\/p>\n<p data-start=\"464\" data-end=\"754\">Die f\u00fcr den <strong data-start=\"476\" data-end=\"496\">18. Oktober 2025<\/strong> geplante <strong data-start=\"506\" data-end=\"550\">Inbetriebnahme des Erika-He\u00df-Eisstadions<\/strong> kann nicht wie vorgesehen erfolgen. Trotz intensiver Bem\u00fchungen und gro\u00dfem Einsatz aller Beteiligten war es am Ende ein <strong data-start=\"671\" data-end=\"696\">Rennen gegen die Zeit<\/strong>, das das ausf\u00fchrende Unternehmen nicht gewinnen konnte.<\/p>\n<p data-start=\"756\" data-end=\"894\">Das Heimspiel gegen den <strong data-start=\"780\" data-end=\"795\">ESC Dresden<\/strong> wird daher <strong data-start=\"807\" data-end=\"844\">auf einen sp\u00e4teren Termin verlegt<\/strong>. FASS bleibt am kommenden Wochenende spielfrei.<\/p>\n<p data-start=\"896\" data-end=\"1041\">Positiv: Der <strong data-start=\"909\" data-end=\"953\">Trainingsbetrieb im Erika-He\u00df-Eisstadion<\/strong> wird in der kommenden Woche aufgenommen \u2013 und der erste Heimtermin steht bereits fest:<\/p>\n<p data-start=\"1043\" data-end=\"1154\">\ud83d\udc49 <strong data-start=\"1046\" data-end=\"1067\">Erstes Heimspiel:<\/strong><br data-start=\"1067\" data-end=\"1070\" \/><strong data-start=\"1070\" data-end=\"1110\">Samstag, 25. Oktober 2025, 19:00 Uhr<\/strong><br data-start=\"1110\" data-end=\"1113\" \/><strong data-start=\"1113\" data-end=\"1152\">FASS Berlin \u2013 Eisb\u00e4ren (Regionalliga)<\/strong><\/p>\n<p data-start=\"1156\" data-end=\"1324\">Nach fast zwei Jahren \u201eauf Wanderschaft\u201c freuen sich das Team, die Fans und die gesamte Organisation auf die R\u00fcckkehr in die eigene Halle \u2013 dann hoffentlich endg\u00fcltig.<\/p>\n","protected":false},"excerpt":{"rendered":"<p>Nach dem erfolgreichen Doppel-Wochenende mit den Siegen in Lauterbach (5:3) und beim Stadtderby im Wellblechpalast (9:0) folgt heute leider eine weniger erfreuliche Nachricht: Die f\u00fcr den 18. Oktober 2025 geplante Inbetriebnahme des Erika-He\u00df-Eisstadions kann nicht wie vorgesehen erfolgen. Trotz intensiver Bem\u00fchungen und gro\u00dfem Einsatz aller Beteiligten war es am Ende ein Rennen gegen die Zeit, [&hellip;]<\/p>\n","protected":false},"author":15,"featured_media":23717,"comment_status":"open","ping_status":"open","sticky":false,"template":"","format":"standard","meta":{"_exactmetrics_skip_tracking":false,"_exactmetrics_sitenote_active":false,"_exactmetrics_sitenote_note":"","_exactmetrics_sitenote_category":0,"jetpack_post_was_ever_published":false,"_jetpack_newsletter_access":"","_jetpack_dont_email_post_to_subs":false,"_jetpack_newsletter_tier_id":0,"_jetpack_memberships_contains_paywalled_content":false,"_jetpack_memberships_contains_paid_content":false,"footnotes":"","jetpack_publicize_message":"","jetpack_publicize_feature_enabled":true,"jetpack_social_post_already_shared":true,"jetpack_social_options":{"image_generator_settings":{"template":"highway","default_image_id":0,"font":"","enabled":false},"version":2}},"categories":[50],"tags":[],"class_list":["post-23825","post","type-post","status-publish","format-standard","has-post-thumbnail","hentry","category-regionalliga-ost"],"jetpack_publicize_connections":[],"jetpack_featured_media_url":"https:\/\/www.fass-berlin.de\/wp-content\/uploads\/2025\/09\/Kopie-von-Kopie-von-Kopie-von-FASS-BERLIN-SAISON-2526_20250910_120642_0000.png","jetpack_sharing_enabled":true,"jetpack_shortlink":"https:\/\/wp.me\/paiOCx-6ch","jetpack_likes_enabled":true,"jetpack-related-posts":[],"_links":{"self":[{"href":"https:\/\/www.fass-berlin.de\/startseite\/wp-json\/wp\/v2\/posts\/23825","targetHints":{"allow":["GET"]}}],"collection":[{"href":"https:\/\/www.fass-berlin.de\/startseite\/wp-json\/wp\/v2\/posts"}],"about":[{"href":"https:\/\/www.fass-berlin.de\/startseite\/wp-json\/wp\/v2\/types\/post"}],"author":[{"embeddable":true,"href":"https:\/\/www.fass-berlin.de\/startseite\/wp-json\/wp\/v2\/users\/15"}],"replies":[{"embeddable":true,"href":"https:\/\/www.fass-berlin.de\/startseite\/wp-json\/wp\/v2\/comments?post=23825"}],"version-history":[{"count":2,"href":"https:\/\/www.fass-berlin.de\/startseite\/wp-json\/wp\/v2\/posts\/23825\/revisions"}],"predecessor-version":[{"id":23832,"href":"https:\/\/www.fass-berlin.de\/startseite\/wp-json\/wp\/v2\/posts\/23825\/revisions\/23832"}],"wp:featuredmedia":[{"embeddable":true,"href":"https:\/\/www.fass-berlin.de\/startseite\/wp-json\/wp\/v2\/media\/23717"}],"wp:attachment":[{"href":"https:\/\/www.fass-berlin.de\/startseite\/wp-json\/wp\/v2\/media?parent=23825"}],"wp:term":[{"taxonomy":"category","embeddable":true,"href":"https:\/\/www.fass-berlin.de\/startseite\/wp-json\/wp\/v2\/categories?post=23825"},{"taxonomy":"post_tag","embeddable":true,"href":"https:\/\/www.fass-berlin.de\/startseite\/wp-json\/wp\/v2\/tags?post=23825"}],"curies":[{"name":"wp","href":"https:\/\/api.w.org\/{rel}","templated":true}]}}