{"id":23829,"date":"2025-10-22T00:55:59","date_gmt":"2025-10-21T22:55:59","guid":{"rendered":"https:\/\/www.fass-berlin.de\/startseite\/?p=23829"},"modified":"2025-10-22T00:55:59","modified_gmt":"2025-10-21T22:55:59","slug":"erstes-training-im-erika-hess-eisstadion","status":"publish","type":"post","link":"https:\/\/www.fass-berlin.de\/startseite\/2025\/10\/22\/erstes-training-im-erika-hess-eisstadion\/","title":{"rendered":"Erstes Training im Erika-He\u00df-Eisstadion"},"content":{"rendered":"<h3>Neue Eisfl\u00e4che, viel Energie<\/h3>\n<p>Die Mannschaft hat am Dienstagabend erstmals in dieser Saison<b> im Erika-He\u00df-Eisstadion<\/b> <strong>trainiert<\/strong>. Gespielt wird auf einer tempor\u00e4ren Eisfl\u00e4che mit <b>NHL-Ma\u00dfen (56 \u00d7 26 m)<\/b> \u2013 das verspricht hohe Intensit\u00e4t und schnelle Umschaltmomente. Die Stimmung beim Auftakt war gel\u00f6st, die Beine frisch: Endlich wieder <b>zu Hause<\/b>.<\/p>\n<div contenteditable=\"false\">\n<hr \/>\n<\/div>\n<h3>Stepan Belimenko: Berliner Junge mit starkem Deb\u00fct<\/h3>\n<p>Ein neues \u2013 und zugleich vertrautes \u2013 Gesicht war ebenfalls dabei: <strong>Stepan Belimenko (20)<\/strong>. In Berlin geboren und bei den <strong>Eisb\u00e4ren Juniors<\/strong> ausgebildet, kehrte er nach einem l\u00e4ngeren Probetraining bei den Bayreuth Tigers (Oberliga S\u00fcd) zur\u00fcck in die Hauptstadt und schloss sich FASS an. Bei uns trifft er langj\u00e4hrige Teamkollegen wie Alessandro Falk oder Bryan Heinicke. Er wird die Nummer 12 tragen.<\/p>\n<p>Sein FASS-Deb\u00fct hat Stepan bereits am <strong>vorletzten Wochenende<\/strong> gegeben \u2013 ausgerechnet im <strong>Wellblechpalast\u00a0<\/strong>beim <strong>9:0-Sieg gegen die Regionalliga-Eisb\u00e4ren<\/strong>, also gegen jenen Gegner, der auch bei unserer <strong>Heimpremiere<\/strong> wartet.<\/p>\n<blockquote><p>Headcoach Christopher Scholz: \u201eStepan bringt Tempo, Spielwitz und echte Berliner Eishockey\u2011DNA aufs Eis. Er passt hervorragend in unser System und sorgt f\u00fcr Tiefe in der Offensive.\u201c<\/p><\/blockquote>\n<div contenteditable=\"false\">\n<hr \/>\n<\/div>\n<h3>Blick nach vorn<\/h3>\n<p>Die <strong>Heimpremiere<\/strong> steigt am <strong>Samstag, 25.10.2025, um 19:00 Uhr<\/strong> \u2013 Gegner sind die <strong>Eisb\u00e4ren<\/strong>. Alle Infos zum Spiel und zum Rahmenprogramm folgen im Vorbericht am Donnerstag.<\/p>\n<p>Foto: FASS Berlin<\/p>\n","protected":false},"excerpt":{"rendered":"<p>Neue Eisfl\u00e4che, viel Energie Die Mannschaft hat am Dienstagabend erstmals in dieser Saison im Erika-He\u00df-Eisstadion trainiert. Gespielt wird auf einer tempor\u00e4ren Eisfl\u00e4che mit NHL-Ma\u00dfen (56 \u00d7 26 m) \u2013 das verspricht hohe Intensit\u00e4t und schnelle Umschaltmomente. Die Stimmung beim Auftakt war gel\u00f6st, die Beine frisch: Endlich wieder zu Hause. Stepan Belimenko: Berliner Junge mit starkem [&hellip;]<\/p>\n","protected":false},"author":15,"featured_media":23830,"comment_status":"open","ping_status":"open","sticky":false,"template":"","format":"standard","meta":{"_exactmetrics_skip_tracking":false,"_exactmetrics_sitenote_active":false,"_exactmetrics_sitenote_note":"","_exactmetrics_sitenote_category":0,"jetpack_post_was_ever_published":false,"_jetpack_newsletter_access":"","_jetpack_dont_email_post_to_subs":false,"_jetpack_newsletter_tier_id":0,"_jetpack_memberships_contains_paywalled_content":false,"_jetpack_memberships_contains_paid_content":false,"footnotes":"","jetpack_publicize_message":"","jetpack_publicize_feature_enabled":true,"jetpack_social_post_already_shared":true,"jetpack_social_options":{"image_generator_settings":{"template":"highway","default_image_id":0,"font":"","enabled":false},"version":2}},"categories":[50],"tags":[],"class_list":["post-23829","post","type-post","status-publish","format-standard","has-post-thumbnail","hentry","category-regionalliga-ost"],"jetpack_publicize_connections":[],"jetpack_featured_media_url":"https:\/\/www.fass-berlin.de\/wp-content\/uploads\/2025\/10\/Erstes-Training-EHE-e1761087270939.jpg","jetpack_sharing_enabled":true,"jetpack_shortlink":"https:\/\/wp.me\/paiOCx-6cl","jetpack_likes_enabled":true,"jetpack-related-posts":[],"_links":{"self":[{"href":"https:\/\/www.fass-berlin.de\/startseite\/wp-json\/wp\/v2\/posts\/23829","targetHints":{"allow":["GET"]}}],"collection":[{"href":"https:\/\/www.fass-berlin.de\/startseite\/wp-json\/wp\/v2\/posts"}],"about":[{"href":"https:\/\/www.fass-berlin.de\/startseite\/wp-json\/wp\/v2\/types\/post"}],"author":[{"embeddable":true,"href":"https:\/\/www.fass-berlin.de\/startseite\/wp-json\/wp\/v2\/users\/15"}],"replies":[{"embeddable":true,"href":"https:\/\/www.fass-berlin.de\/startseite\/wp-json\/wp\/v2\/comments?post=23829"}],"version-history":[{"count":1,"href":"https:\/\/www.fass-berlin.de\/startseite\/wp-json\/wp\/v2\/posts\/23829\/revisions"}],"predecessor-version":[{"id":23831,"href":"https:\/\/www.fass-berlin.de\/startseite\/wp-json\/wp\/v2\/posts\/23829\/revisions\/23831"}],"wp:featuredmedia":[{"embeddable":true,"href":"https:\/\/www.fass-berlin.de\/startseite\/wp-json\/wp\/v2\/media\/23830"}],"wp:attachment":[{"href":"https:\/\/www.fass-berlin.de\/startseite\/wp-json\/wp\/v2\/media?parent=23829"}],"wp:term":[{"taxonomy":"category","embeddable":true,"href":"https:\/\/www.fass-berlin.de\/startseite\/wp-json\/wp\/v2\/categories?post=23829"},{"taxonomy":"post_tag","embeddable":true,"href":"https:\/\/www.fass-berlin.de\/startseite\/wp-json\/wp\/v2\/tags?post=23829"}],"curies":[{"name":"wp","href":"https:\/\/api.w.org\/{rel}","templated":true}]}}