{"id":24031,"date":"2025-12-11T20:09:08","date_gmt":"2025-12-11T19:09:08","guid":{"rendered":"https:\/\/www.fass-berlin.de\/startseite\/?p=24031"},"modified":"2025-12-11T20:14:39","modified_gmt":"2025-12-11T19:14:39","slug":"derby-topspiel-und-neuigkeiten-zum-erika-hess-eisstadion","status":"publish","type":"post","link":"https:\/\/www.fass-berlin.de\/startseite\/2025\/12\/11\/derby-topspiel-und-neuigkeiten-zum-erika-hess-eisstadion\/","title":{"rendered":"Derby &#038; Topspiel \u2013 und Neuigkeiten zum Erika-He\u00df-Eisstadion"},"content":{"rendered":"<p data-start=\"295\" data-end=\"463\">Das kommende Wochenende bringt f\u00fcr FASS Berlin zwei Ausw\u00e4rtsspiele \u2013 und eine sportliche Weichenstellung, die den Verlauf der Hauptrunde entscheidend beeinflussen kann.<\/p>\n<hr data-start=\"465\" data-end=\"468\" \/>\n<h2 data-start=\"470\" data-end=\"507\">Samstag, 13.12.2025 \u00b7 19:00 Uhr<\/h2>\n<p data-start=\"508\" data-end=\"560\">Derby im Wellblechpalast \u2013 Regio-Eisb\u00e4ren vs. FASS<\/p>\n<p data-start=\"562\" data-end=\"755\">Zum letzten Mal in dieser Saison steht das Stadtderby an. Und auch wenn Derbys bekanntlich ihre eigenen Gesetze haben:<br data-start=\"680\" data-end=\"683\" \/><strong data-start=\"683\" data-end=\"755\">Seit 2018 gilt ein Gesetz ganz besonders zuverl\u00e4ssig \u2013 FASS gewinnt.<\/strong><\/p>\n<p data-start=\"757\" data-end=\"935\">Das Team von Headcoach <strong data-start=\"780\" data-end=\"802\">Christopher Scholz<\/strong> will diese Serie fortsetzen und mit einem starken Auftritt im Wellblechpalast Selbstvertrauen f\u00fcr das gro\u00dfe Spiel am Sonntag tanken.<\/p>\n<hr data-start=\"937\" data-end=\"940\" \/>\n<h2 data-start=\"942\" data-end=\"979\">Sonntag, 14.12.2025 \u00b7 17:00 Uhr<\/h2>\n<p data-start=\"980\" data-end=\"1031\">Sch\u00f6nheider W\u00f6lfe vs. FASS \u2013 Erster gegen Zweiter<\/p>\n<p data-start=\"1033\" data-end=\"1395\">Nur 22 Stunden sp\u00e4ter wartet das Spitzenspiel der Regionalliga Ost: <strong data-start=\"1101\" data-end=\"1125\">Erster gegen Zweiter<\/strong>.<br data-start=\"1126\" data-end=\"1129\" \/>Sch\u00f6nheide ist aktuell Tabellenf\u00fchrer, FASS knapp dahinter. Dahinter tut sich \u2013 ber\u00fccksichtigt man die bereits absolvierten Spiele \u2013 eine kleine L\u00fccke auf. Es verdichtet sich der Eindruck, dass der <strong data-start=\"1322\" data-end=\"1341\">Kampf um Rang 1<\/strong> zwischen diesen beiden Mannschaften entschieden wird.<\/p>\n<p data-start=\"1397\" data-end=\"1542\">F\u00fcr FASS ist das Spiel daher weit mehr als ein normaler Ausw\u00e4rtsauftritt:<br data-start=\"1470\" data-end=\"1473\" \/>\ud83d\udc49 <strong data-start=\"1476\" data-end=\"1542\">Es ist eine wegweisende Partie f\u00fcr den weiteren Saisonverlauf.<\/strong><\/p>\n<hr data-start=\"1544\" data-end=\"1547\" \/>\n<h2 data-start=\"1549\" data-end=\"1596\"><strong data-start=\"1551\" data-end=\"1596\">Update: Situation im Erika-He\u00df-Eisstadion<\/strong><\/h2>\n<p data-start=\"1598\" data-end=\"1678\">Parallel zu den sportlichen Highlights gibt es wichtige Neuigkeiten aus dem EHE:<\/p>\n<h4 data-start=\"1680\" data-end=\"1737\"><strong data-start=\"1684\" data-end=\"1737\">Tempor\u00e4re Eisbahn wird ab dem 21.12.2025 abgebaut<\/strong><\/h4>\n<p data-start=\"1738\" data-end=\"1971\">Das letzte Heimspiel auf der tempor\u00e4ren &#8222;NHL-Fl\u00e4che&#8220; findet am<br data-start=\"1798\" data-end=\"1801\" \/><strong data-start=\"1801\" data-end=\"1845\">Samstag, 20.12.2025 gegen Tornado Niesky<\/strong> statt.<br data-start=\"1852\" data-end=\"1855\" \/>Es ist die letzte Gelegenheit, diese besondere Situation \u2013 <strong data-start=\"1914\" data-end=\"1952\">eine Eisbahn innerhalb der Eisbahn<\/strong> \u2013 live zu erleben.<\/p>\n<p data-start=\"1973\" data-end=\"2054\">Diese L\u00f6sung des <strong data-start=\"1990\" data-end=\"2007\">Bezirks Mitte<\/strong> (Betreiber des Stadions)\u00a0war in den letzten Monaten \u00e4u\u00dferst wertvoll:<\/p>\n<ul data-start=\"2055\" data-end=\"2279\">\n<li data-start=\"2055\" data-end=\"2157\">\n<p data-start=\"2057\" data-end=\"2157\">FASS konnte einen wesentlichen Teil des Trainings- und Spielbetriebs im Heimatstadion absolvieren.<\/p>\n<\/li>\n<li data-start=\"2158\" data-end=\"2279\">\n<p data-start=\"2160\" data-end=\"2279\">Alle Berliner Eissportlerinnen und Eissportler profitierten davon, dass insgesamt wieder mehr Kapazit\u00e4t verf\u00fcgbar war.<\/p>\n<\/li>\n<\/ul>\n<h4 data-start=\"2281\" data-end=\"2309\"><strong data-start=\"2285\" data-end=\"2309\">Warum wird abgebaut?<\/strong><\/h4>\n<p data-start=\"2310\" data-end=\"2548\">Der Abbau erfolgt planm\u00e4\u00dfig, denn die tempor\u00e4re Eisbahn sollte die Zeit \u00fcberbr\u00fccken, bis die neue <strong data-start=\"741\" data-end=\"756\">K\u00e4lteanlage\u00a0<\/strong>installiert ist.\u00a0<br data-start=\"2453\" data-end=\"2456\" \/>Im Klartext:<br data-start=\"2468\" data-end=\"2471\" \/>\ud83d\udc49 <strong>Im Erika-He\u00df-Eisstadion wird eine Anlage aus dem Jahr 1967 durch moderne Technik aus dem Jahr 2025 ersetzt.<\/strong><\/p>\n<p data-start=\"2550\" data-end=\"2698\">Damit verbindet FASS die gro\u00dfe Hoffnung, dass die <strong data-start=\"2600\" data-end=\"2661\">nervigen Unsicherheiten rund um das Eisstadion\u00a0<\/strong>endlich der Vergangenheit angeh\u00f6ren.<\/p>\n<h4 data-start=\"2700\" data-end=\"2730\"><strong data-start=\"2704\" data-end=\"2730\">Kurze Umstellungsphase<\/strong><\/h4>\n<p data-start=\"2731\" data-end=\"2771\">Bis die neue Anlage l\u00e4uft, braucht es:<\/p>\n<ul data-start=\"2772\" data-end=\"2858\">\n<li data-start=\"2772\" data-end=\"2798\">\n<p data-start=\"2774\" data-end=\"2798\">Hochfahren der Technik<\/p>\n<\/li>\n<li data-start=\"2799\" data-end=\"2827\">\n<p data-start=\"2801\" data-end=\"2827\">Einweisung des Personals<\/p>\n<\/li>\n<li data-start=\"2828\" data-end=\"2858\">\n<p data-start=\"2830\" data-end=\"2858\">Aufbau der neuen Eisfl\u00e4che<\/p>\n<\/li>\n<\/ul>\n<p data-start=\"2860\" data-end=\"3001\">Der Bezirk plant, das EHE <strong data-start=\"2886\" data-end=\"2903\">am 12.01.2026<\/strong> mit der festen Eisbahn wieder zu \u00f6ffnen.<br data-start=\"2944\" data-end=\"2947\" \/>Auf diesen Moment freut sich die gesamte FASS-Familie.<\/p>\n<h4 data-start=\"3003\" data-end=\"3048\"><strong data-start=\"3007\" data-end=\"3048\">Auswirkungen auf Heimspiele im Januar<\/strong><\/h4>\n<p data-start=\"3049\" data-end=\"3090\">Leider m\u00fcssen deshalb die Heimspiele am<\/p>\n<ul data-start=\"3091\" data-end=\"3188\">\n<li data-start=\"3091\" data-end=\"3132\">\n<p data-start=\"3093\" data-end=\"3132\"><strong data-start=\"3093\" data-end=\"3126\">04.01.2026 (gegen Lauterbach)<\/strong> und<\/p>\n<\/li>\n<li data-start=\"3133\" data-end=\"3188\">\n<p data-start=\"3135\" data-end=\"3188\"><strong data-start=\"3135\" data-end=\"3166\">10.01.2026 (gegen Chemnitz)<\/strong><br data-start=\"3166\" data-end=\"3169\" \/>umgeplant werden.<\/p>\n<\/li>\n<\/ul>\n<p data-start=\"3190\" data-end=\"3313\">Wir informieren euch <strong data-start=\"3211\" data-end=\"3257\">voraussichtlich Anfang der kommenden Woche<\/strong> \u00fcber die Anpassungen.<\/p>\n<hr data-start=\"3315\" data-end=\"3318\" \/>\n<p data-start=\"3320\" data-end=\"3462\" data-is-last-node=\"\" data-is-only-node=\"\"><strong data-start=\"3320\" data-end=\"3390\">Derby, Spitzenspiel und ein Stadionkapitel, das sich neu schreibt:<\/strong><br data-start=\"3390\" data-end=\"3393\" \/>F\u00fcr FASS Berlin stehen wichtige Tage bevor \u2013 auf dem Eis und daneben.<\/p>\n<p data-start=\"3320\" data-end=\"3462\" data-is-last-node=\"\" data-is-only-node=\"\">Foto: Philipp Knop<\/p>\n","protected":false},"excerpt":{"rendered":"<p>Das kommende Wochenende bringt f\u00fcr FASS Berlin zwei Ausw\u00e4rtsspiele \u2013 und eine sportliche Weichenstellung, die den Verlauf der Hauptrunde entscheidend beeinflussen kann. Samstag, 13.12.2025 \u00b7 19:00 Uhr Derby im Wellblechpalast \u2013 Regio-Eisb\u00e4ren vs. FASS Zum letzten Mal in dieser Saison steht das Stadtderby an. Und auch wenn Derbys bekanntlich ihre eigenen Gesetze haben:Seit 2018 gilt [&hellip;]<\/p>\n","protected":false},"author":15,"featured_media":24032,"comment_status":"open","ping_status":"open","sticky":false,"template":"","format":"standard","meta":{"_exactmetrics_skip_tracking":false,"_exactmetrics_sitenote_active":false,"_exactmetrics_sitenote_note":"","_exactmetrics_sitenote_category":0,"jetpack_post_was_ever_published":false,"_jetpack_newsletter_access":"","_jetpack_dont_email_post_to_subs":false,"_jetpack_newsletter_tier_id":0,"_jetpack_memberships_contains_paywalled_content":false,"_jetpack_memberships_contains_paid_content":false,"footnotes":"","jetpack_publicize_message":"","jetpack_publicize_feature_enabled":true,"jetpack_social_post_already_shared":true,"jetpack_social_options":{"image_generator_settings":{"template":"highway","default_image_id":0,"font":"","enabled":false},"version":2}},"categories":[50],"tags":[],"class_list":["post-24031","post","type-post","status-publish","format-standard","has-post-thumbnail","hentry","category-regionalliga-ost"],"jetpack_publicize_connections":[],"jetpack_featured_media_url":"https:\/\/www.fass-berlin.de\/wp-content\/uploads\/2025\/12\/PHOTO-2025-10-25-19-57-02-scaled-e1765479674475.jpg","jetpack_sharing_enabled":true,"jetpack_shortlink":"https:\/\/wp.me\/paiOCx-6fB","jetpack_likes_enabled":true,"jetpack-related-posts":[],"_links":{"self":[{"href":"https:\/\/www.fass-berlin.de\/startseite\/wp-json\/wp\/v2\/posts\/24031","targetHints":{"allow":["GET"]}}],"collection":[{"href":"https:\/\/www.fass-berlin.de\/startseite\/wp-json\/wp\/v2\/posts"}],"about":[{"href":"https:\/\/www.fass-berlin.de\/startseite\/wp-json\/wp\/v2\/types\/post"}],"author":[{"embeddable":true,"href":"https:\/\/www.fass-berlin.de\/startseite\/wp-json\/wp\/v2\/users\/15"}],"replies":[{"embeddable":true,"href":"https:\/\/www.fass-berlin.de\/startseite\/wp-json\/wp\/v2\/comments?post=24031"}],"version-history":[{"count":5,"href":"https:\/\/www.fass-berlin.de\/startseite\/wp-json\/wp\/v2\/posts\/24031\/revisions"}],"predecessor-version":[{"id":24037,"href":"https:\/\/www.fass-berlin.de\/startseite\/wp-json\/wp\/v2\/posts\/24031\/revisions\/24037"}],"wp:featuredmedia":[{"embeddable":true,"href":"https:\/\/www.fass-berlin.de\/startseite\/wp-json\/wp\/v2\/media\/24032"}],"wp:attachment":[{"href":"https:\/\/www.fass-berlin.de\/startseite\/wp-json\/wp\/v2\/media?parent=24031"}],"wp:term":[{"taxonomy":"category","embeddable":true,"href":"https:\/\/www.fass-berlin.de\/startseite\/wp-json\/wp\/v2\/categories?post=24031"},{"taxonomy":"post_tag","embeddable":true,"href":"https:\/\/www.fass-berlin.de\/startseite\/wp-json\/wp\/v2\/tags?post=24031"}],"curies":[{"name":"wp","href":"https:\/\/api.w.org\/{rel}","templated":true}]}}