{"id":24045,"date":"2025-12-14T22:10:24","date_gmt":"2025-12-14T21:10:24","guid":{"rendered":"https:\/\/www.fass-berlin.de\/startseite\/?p=24045"},"modified":"2025-12-14T22:10:24","modified_gmt":"2025-12-14T21:10:24","slug":"meisterlich","status":"publish","type":"post","link":"https:\/\/www.fass-berlin.de\/startseite\/2025\/12\/14\/meisterlich\/","title":{"rendered":"Meisterlich!"},"content":{"rendered":"<p>In einem rassigen und hochklassigen Spitzenspiel <a href=\"https:\/\/www.fass-berlin.de\/startseite\/event\/23561\/\">gewinnt FASS beim Tabellenf\u00fchrer Sch\u00f6nheider W\u00f6lfe mit 3:5 (0:0, 0:2, 3:3)<\/a>. Damit ist Sch\u00f6nheide nur noch aufgrund eines mehr absolvierten Spiels auf Rang 1.<\/p>\n<h5>Das Spiel<\/h5>\n<p>FASS musste auf einige Stammkr\u00e4fte verzichten, brachte aber 15+2 hoch motivierte Spieler mit in den Wolfsbau. Anders als in den letzten Spielen legte das Team los wie die Feuerwehr und erspielte sich zahlreiche Gro\u00dfchancen. Nach etwa zehn Minuten drehte sich das Blatt und die W\u00f6lfe \u00fcbernahmen das Kommando. So war es den beiden Torleuten zu verdanken, dass es nach intensiven 20 Minuten mit 0:0 in die Pause ging.<\/p>\n<p>Zu Beginn des zweiten Abschnitts erh\u00f6hte Sch\u00f6nheide den Druck weiter. In einem Gegensto\u00df ging <a href=\"https:\/\/www.fass-berlin.de\/startseite\/player\/nico-jentzsch\/\">Nico Jentzsch<\/a> aber in der 23. Minute \u00fcber links auf und davon und schoss die Scheibe vorbei an Kopp in den Winkel. Dennoch waren die Gastgeber wenig geschockt und erspielten sich Chance um Chance. <a href=\"https:\/\/www.fass-berlin.de\/startseite\/player\/marks-slavinskis-repe\/\">Marks Slavinskis-Repe<\/a> wuchs in dieser Phase \u00fcber sich hinaus und lie\u00df die Angreifer geradezu verzweifeln. Und so war es wieder FASS, die zum 0:2 zuschlugen. <a href=\"https:\/\/www.fass-berlin.de\/startseite\/player\/daniel-volynec\/\">Daniel Volynec<\/a> schnappte sich im Mitteldrittel die Scheibe, zog unnachahmlich nach vorne und \u00fcberwand schlie\u00dflich Kopp zum zweiten Mal (36.).<\/p>\n<p>Jeder wusste, dass jetzt die Schlussoffensive der W\u00f6lfe kommen w\u00fcrde, denn sie hatten schon oft solche Spiele im Schlussdrittel gedreht. Allerdings behielt FASS zun\u00e4chst die Kontrolle und verpasste sogar in \u00dcberzahl den vorentscheidenden Treffer. Als Sch\u00f6nheide wieder komplett war, waren die Berliner noch ungeordnet, was Rubes (47.) zum Anschlusstreffer nutzte. Jetzt drohte das Spiel zu kippen, und tats\u00e4chlich dauerte es weniger als eine Minute, bis Meixner (48.) den Ausgleich erzielte. Headcoach Christopher Scholz reagierte mit einer Auszeit, um die Gem\u00fcter etwas zu beruhigen. Und tats\u00e4chlich trug die Reihe um den starken <a href=\"https:\/\/www.fass-berlin.de\/startseite\/player\/dennis-thielsch\/\">Dennis Thielsch<\/a> kurz danach einen klugen Konter vor, den <a href=\"https:\/\/www.fass-berlin.de\/startseite\/player\/tim-junge\/\">Tim Junge<\/a> zum umjubelten 2:3 abschloss. Drei Minuten sp\u00e4ter der n\u00e4chste Wirkungstreffer, als <a href=\"https:\/\/www.fass-berlin.de\/startseite\/player\/luis-noack\/\">Luis Noack<\/a> energisch nachsetzte und im Nachschuss zum 2:4 traf. Im Wolfsbau war es nun sehr ruhig, und die Berliner wollten die Uhr herunterlaufen lassen. Das gelang nur teilweise, denn Lenk brachte die Gastgeber wieder heran (56.). Das Spiel stand jetzt auf Messers Schneide, zumal der Sch\u00f6nheider Coach Schr\u00f6der zwei Minuten vor dem Ende den Goalie zog, um mit sechs Feldspielern den Ausgleich zu erzwingen. Es blieb <a href=\"https:\/\/www.fass-berlin.de\/startseite\/player\/tom-fiedler\/\">Kapit\u00e4n Tom Fiedler<\/a> vorbehalten, nach Eroberung der Scheibe noch aus der eigenen H\u00e4lfte Ma\u00df zu nehmen &#8211; und ins leere Tor zu treffen.<\/p>\n<p>So bleiben die Berliner in einem packenden Duell siegreich. Das Team war von der ersten Minute &#8222;dialed-in&#8220;, konnte sich auf einen herausragenden Goalie verlassen, und erzielte die Treffer stets zum richtigen Zeitpunkt.<\/p>\n<h5>Ausblick<\/h5>\n<p>Bis zum Jahresende sind noch drei Spiele angesetzt. Am kommenden Samstag (20.12.25, 19:00 Uhr) hei\u00dft es Abschied nehmen von der tempor\u00e4ren Eisfl\u00e4che im Erika-He\u00df-Eisstadion, die uns in den letzten Monaten begleitet hat. Zu Gast sind die Sportfreunde von Tornado Niesky. Am Folgetag geht die Reise zum Timmendorfer Strand, wo es zumindest um Rang 2 in unserer Pokal-Gruppe geht. Zum Jahresausklang geht es am 27.12.25 nach Niesky. Dort winkt unserem Team die Tabellenf\u00fchrung zum Jahreswechsel.<\/p>\n<p>Das Spiel gegen die Luchse Lauterbach am 04.01.26 wurde wegen des Umbaus im Erika-He\u00df-Eisstadion nach Charlottenburg verlegt. Spielbeginn wird 16:00 Uhr sein. Eine Woche sp\u00e4ter gibt es dann ein ganz besonderes Highlight &#8211; aber das behalten wir heute noch f\u00fcr uns!<\/p>\n<h5>Statistik<\/h5>\n<p><strong>FASS<\/strong>: Slavinskis-Repe (Thiem) &#8211; Miethke, Heinicke; Kruggel, Junge; Levin, Licitis &#8211; L. Noack, Fiedler, Jentzsch; O. Noack, Thielsch, Weihrauch; Volynec, Kubail, Braun.<br \/>\n<strong>Tore<\/strong>:<br \/>\n0:1 (22:34) <strong>Jentzsch<\/strong>, 0:2 (35:28) <strong>Volynec<\/strong>\u00a0(Heinicke);<br \/>\n1:2 (46:50) Rubes, 2:2 (47:39) Meixner, 2:3 (48:31) <strong>Junge<\/strong> (O. Noack, Thielsch), 2:4 (51:27) <strong>L. Noack<\/strong> (Licitis, Jentzsch), 3:4 (55:18) Lenk, 3:5 (58:59) <strong>Fiedler<\/strong> (Kruggel) ENG.<br \/>\n<strong>Schiedsrichter<\/strong>: Kaulf\u00fcrst &#8211; M\u00fcller, Steenssens.<br \/>\n<strong>Strafen<\/strong>: Sch\u00f6nheide 14, FASS 12.<br \/>\n<strong>Zuschauer<\/strong>: 584.<br \/>\n<strong>Sch\u00fcsse<\/strong>: 59-42.<br \/>\n<strong>Face-off<\/strong>: 34-39.<\/p>\n<p>Foto: Zaide Kielinger<\/p>\n","protected":false},"excerpt":{"rendered":"<p>In einem rassigen und hochklassigen Spitzenspiel gewinnt FASS beim Tabellenf\u00fchrer Sch\u00f6nheider W\u00f6lfe mit 3:5 (0:0, 0:2, 3:3). Damit ist Sch\u00f6nheide nur noch aufgrund eines mehr absolvierten Spiels auf Rang 1. Das Spiel FASS musste auf einige Stammkr\u00e4fte verzichten, brachte aber 15+2 hoch motivierte Spieler mit in den Wolfsbau. Anders als in den letzten Spielen legte [&hellip;]<\/p>\n","protected":false},"author":15,"featured_media":24046,"comment_status":"open","ping_status":"open","sticky":false,"template":"","format":"standard","meta":{"_exactmetrics_skip_tracking":false,"_exactmetrics_sitenote_active":false,"_exactmetrics_sitenote_note":"","_exactmetrics_sitenote_category":0,"jetpack_post_was_ever_published":false,"_jetpack_newsletter_access":"","_jetpack_dont_email_post_to_subs":false,"_jetpack_newsletter_tier_id":0,"_jetpack_memberships_contains_paywalled_content":false,"_jetpack_memberships_contains_paid_content":false,"footnotes":"","jetpack_publicize_message":"","jetpack_publicize_feature_enabled":true,"jetpack_social_post_already_shared":true,"jetpack_social_options":{"image_generator_settings":{"template":"highway","default_image_id":0,"font":"","enabled":false},"version":2}},"categories":[50],"tags":[],"class_list":["post-24045","post","type-post","status-publish","format-standard","has-post-thumbnail","hentry","category-regionalliga-ost"],"jetpack_publicize_connections":[],"jetpack_featured_media_url":"https:\/\/www.fass-berlin.de\/wp-content\/uploads\/2025\/12\/Sieg-@Schoenheide-e1765744994795.jpg","jetpack_sharing_enabled":true,"jetpack_shortlink":"https:\/\/wp.me\/paiOCx-6fP","jetpack_likes_enabled":true,"jetpack-related-posts":[],"_links":{"self":[{"href":"https:\/\/www.fass-berlin.de\/startseite\/wp-json\/wp\/v2\/posts\/24045","targetHints":{"allow":["GET"]}}],"collection":[{"href":"https:\/\/www.fass-berlin.de\/startseite\/wp-json\/wp\/v2\/posts"}],"about":[{"href":"https:\/\/www.fass-berlin.de\/startseite\/wp-json\/wp\/v2\/types\/post"}],"author":[{"embeddable":true,"href":"https:\/\/www.fass-berlin.de\/startseite\/wp-json\/wp\/v2\/users\/15"}],"replies":[{"embeddable":true,"href":"https:\/\/www.fass-berlin.de\/startseite\/wp-json\/wp\/v2\/comments?post=24045"}],"version-history":[{"count":1,"href":"https:\/\/www.fass-berlin.de\/startseite\/wp-json\/wp\/v2\/posts\/24045\/revisions"}],"predecessor-version":[{"id":24047,"href":"https:\/\/www.fass-berlin.de\/startseite\/wp-json\/wp\/v2\/posts\/24045\/revisions\/24047"}],"wp:featuredmedia":[{"embeddable":true,"href":"https:\/\/www.fass-berlin.de\/startseite\/wp-json\/wp\/v2\/media\/24046"}],"wp:attachment":[{"href":"https:\/\/www.fass-berlin.de\/startseite\/wp-json\/wp\/v2\/media?parent=24045"}],"wp:term":[{"taxonomy":"category","embeddable":true,"href":"https:\/\/www.fass-berlin.de\/startseite\/wp-json\/wp\/v2\/categories?post=24045"},{"taxonomy":"post_tag","embeddable":true,"href":"https:\/\/www.fass-berlin.de\/startseite\/wp-json\/wp\/v2\/tags?post=24045"}],"curies":[{"name":"wp","href":"https:\/\/api.w.org\/{rel}","templated":true}]}}