{"id":24179,"date":"2026-01-21T21:15:07","date_gmt":"2026-01-21T20:15:07","guid":{"rendered":"https:\/\/www.fass-berlin.de\/startseite\/?p=24179"},"modified":"2026-01-21T21:15:07","modified_gmt":"2026-01-21T20:15:07","slug":"showdown-rueckt-naeher-fass-vor-letzter-auswaertspruefung","status":"publish","type":"post","link":"https:\/\/www.fass-berlin.de\/startseite\/2026\/01\/21\/showdown-rueckt-naeher-fass-vor-letzter-auswaertspruefung\/","title":{"rendered":"Showdown r\u00fcckt n\u00e4her: FASS vor letzter Ausw\u00e4rtspr\u00fcfung"},"content":{"rendered":"<p data-start=\"63\" data-end=\"400\">Nach dem souver\u00e4nen <strong data-start=\"83\" data-end=\"115\">10:1-Ausw\u00e4rtssieg in Dresden<\/strong> bleibt f\u00fcr <strong data-start=\"127\" data-end=\"168\"><span class=\"hover:entity-accent entity-underline inline cursor-pointer align-baseline\"><span class=\"whitespace-normal\">FASS Berlin<\/span><\/span><\/strong> kaum Zeit zum Durchatmen. Die Hauptrunde der Regionalliga Ost geht in die entscheidende Phase: <strong data-start=\"264\" data-end=\"295\">Noch f\u00fcnf Spiele stehen aus<\/strong>, davon <strong data-start=\"303\" data-end=\"346\">vier Heimspiele im Erika-He\u00df-Eisstadion<\/strong>. Der H\u00f6hepunkt folgt bereits am kommenden Wochenende.<\/p>\n<h3 data-start=\"402\" data-end=\"441\">Samstag, 31.01.2026 \u00b7 19:00 Uhr<\/h3>\n<p data-start=\"442\" data-end=\"477\"><strong>FASS Berlin vs. Sch\u00f6nheider W\u00f6lfe<\/strong><\/p>\n<p data-start=\"479\" data-end=\"784\">Wenn die\u00a0<strong data-start=\"484\" data-end=\"525\"><span class=\"hover:entity-accent entity-underline inline cursor-pointer align-baseline\"><span class=\"whitespace-normal\">Sch\u00f6nheider W\u00f6lfe<\/span><\/span><\/strong> im Erika-He\u00df-Eisstadion gastieren, geht es\u00a0<strong data-start=\"592\" data-end=\"630\">um Platz 1 in der Regionalliga Ost<\/strong>. Beide Teams haben sich <a href=\"https:\/\/www.fass-berlin.de\/startseite\/regionalliga-ost-2\/regionalliga-ost-2025-26\/\">an der Ligaspitze ein ganzes St\u00fcck abgesetzt<\/a> \u2013 ein echtes Spitzenspiel, das die Weichen f\u00fcr die Playoffs stellen d\u00fcrfte.<\/p>\n<hr data-start=\"786\" data-end=\"789\" \/>\n<h2 data-start=\"791\" data-end=\"832\"><strong data-start=\"794\" data-end=\"832\">Zuvor: Schwere Aufgabe im Luchsbau<\/strong><\/h2>\n<p data-start=\"834\" data-end=\"910\">Bevor es zum Topduell kommt, wartet jedoch eine unangenehme Ausw\u00e4rtsaufgabe.<\/p>\n<h3 data-start=\"912\" data-end=\"951\">Samstag, 24.01.2026 \u00b7 19:00 Uhr<\/h3>\n<p data-start=\"952\" data-end=\"987\"><strong>Luchse Lauterbach vs. FASS Berlin<\/strong><\/p>\n<p data-start=\"989\" data-end=\"1251\">Im <strong data-start=\"992\" data-end=\"1004\">Luchsbau<\/strong> erwartet die Berliner ein <strong data-start=\"1031\" data-end=\"1055\">prall gef\u00fclltes Haus<\/strong>. Die <strong data-start=\"1061\" data-end=\"1102\"><span class=\"hover:entity-accent entity-underline inline cursor-pointer align-baseline\"><span class=\"whitespace-normal\">Luchse Lauterbach<\/span><\/span><\/strong> wollen dem Tabellenf\u00fchrer unbedingt ein Bein stellen und haben in dieser Saison mehrfach bewiesen, dass sie zum Favoritenkreis geh\u00f6ren. Sie stehen auf Rang 3.<\/p>\n<p data-start=\"1253\" data-end=\"1443\">Angef\u00fchrt von <a href=\"https:\/\/www.fass-berlin.de\/startseite\/player\/tom-fiedler\/\"><strong data-start=\"1267\" data-end=\"1290\">Kapit\u00e4n Tom Fiedler<\/strong><\/a>, der seit Wochen in Galaform spielt und aktuell die <strong data-start=\"1343\" data-end=\"1366\">interne Scorerliste<\/strong> anf\u00fchrt, wird sich FASS dieser Herausforderung entschlossen entgegenstemmen.<\/p>\n<hr data-start=\"1445\" data-end=\"1448\" \/>\n<h2 data-start=\"1450\" data-end=\"1482\"><strong data-start=\"1453\" data-end=\"1482\">Mitfahren im Doppeldecker<\/strong><\/h2>\n<p data-start=\"1484\" data-end=\"1644\">Zum <strong data-start=\"1488\" data-end=\"1528\">letzten Ausw\u00e4rtsspiel der Hauptrunde<\/strong> reist FASS wieder im <strong data-start=\"1550\" data-end=\"1570\">Doppeldecker-Bus<\/strong> an. Fans sind herzlich eingeladen, das Team nach Lauterbach zu begleiten.<\/p>\n<ul data-start=\"1646\" data-end=\"1739\">\n<li data-start=\"1646\" data-end=\"1688\">\n<p data-start=\"1648\" data-end=\"1688\"><strong data-start=\"1648\" data-end=\"1658\">Preis:<\/strong> 35 \u20ac (inkl. Eintrittskarte)<\/p>\n<\/li>\n<li data-start=\"1689\" data-end=\"1739\">\n<p data-start=\"1691\" data-end=\"1739\"><strong data-start=\"1691\" data-end=\"1705\">Anmeldung:<\/strong> <strong data-start=\"1706\" data-end=\"1739\"><a class=\"decorated-link cursor-pointer\" rel=\"noopener\" data-start=\"1708\" data-end=\"1737\">sinah.koehlert@fass-berlin.de<\/a><\/strong><\/p>\n<\/li>\n<\/ul>\n<hr data-start=\"1741\" data-end=\"1744\" \/>\n<p data-start=\"1746\" data-end=\"1930\" data-is-last-node=\"\" data-is-only-node=\"\"><strong data-start=\"1746\" data-end=\"1756\">Fazit:<\/strong><br data-start=\"1756\" data-end=\"1759\" \/>Die entscheidenden Wochen beginnen. Erst die Bew\u00e4hrungsprobe in Lauterbach \u2013 dann der gro\u00dfe Showdown gegen Sch\u00f6nheide im Erika-He\u00df-Eisstadion. <strong data-start=\"1902\" data-end=\"1930\" data-is-last-node=\"\">Jetzt z\u00e4hlt jeder Punkt.<\/strong><\/p>\n<p data-start=\"1746\" data-end=\"1930\" data-is-last-node=\"\" data-is-only-node=\"\">Foto: Philipp Knop<\/p>\n","protected":false},"excerpt":{"rendered":"<p>Nach dem souver\u00e4nen 10:1-Ausw\u00e4rtssieg in Dresden bleibt f\u00fcr FASS Berlin kaum Zeit zum Durchatmen. Die Hauptrunde der Regionalliga Ost geht in die entscheidende Phase: Noch f\u00fcnf Spiele stehen aus, davon vier Heimspiele im Erika-He\u00df-Eisstadion. Der H\u00f6hepunkt folgt bereits am kommenden Wochenende. Samstag, 31.01.2026 \u00b7 19:00 Uhr FASS Berlin vs. Sch\u00f6nheider W\u00f6lfe Wenn die\u00a0Sch\u00f6nheider W\u00f6lfe im [&hellip;]<\/p>\n","protected":false},"author":15,"featured_media":24180,"comment_status":"open","ping_status":"open","sticky":false,"template":"","format":"standard","meta":{"_exactmetrics_skip_tracking":false,"_exactmetrics_sitenote_active":false,"_exactmetrics_sitenote_note":"","_exactmetrics_sitenote_category":0,"jetpack_post_was_ever_published":false,"_jetpack_newsletter_access":"","_jetpack_dont_email_post_to_subs":false,"_jetpack_newsletter_tier_id":0,"_jetpack_memberships_contains_paywalled_content":false,"_jetpack_memberships_contains_paid_content":false,"footnotes":"","jetpack_publicize_message":"","jetpack_publicize_feature_enabled":true,"jetpack_social_post_already_shared":true,"jetpack_social_options":{"image_generator_settings":{"template":"highway","default_image_id":0,"font":"","enabled":false},"version":2}},"categories":[50],"tags":[],"class_list":["post-24179","post","type-post","status-publish","format-standard","has-post-thumbnail","hentry","category-regionalliga-ost"],"jetpack_publicize_connections":[],"jetpack_featured_media_url":"https:\/\/www.fass-berlin.de\/wp-content\/uploads\/2026\/01\/FASS-Lauterbach-152-von-72-scaled-e1769026337437.jpg","jetpack_sharing_enabled":true,"jetpack_shortlink":"https:\/\/wp.me\/paiOCx-6hZ","jetpack_likes_enabled":true,"jetpack-related-posts":[],"_links":{"self":[{"href":"https:\/\/www.fass-berlin.de\/startseite\/wp-json\/wp\/v2\/posts\/24179","targetHints":{"allow":["GET"]}}],"collection":[{"href":"https:\/\/www.fass-berlin.de\/startseite\/wp-json\/wp\/v2\/posts"}],"about":[{"href":"https:\/\/www.fass-berlin.de\/startseite\/wp-json\/wp\/v2\/types\/post"}],"author":[{"embeddable":true,"href":"https:\/\/www.fass-berlin.de\/startseite\/wp-json\/wp\/v2\/users\/15"}],"replies":[{"embeddable":true,"href":"https:\/\/www.fass-berlin.de\/startseite\/wp-json\/wp\/v2\/comments?post=24179"}],"version-history":[{"count":1,"href":"https:\/\/www.fass-berlin.de\/startseite\/wp-json\/wp\/v2\/posts\/24179\/revisions"}],"predecessor-version":[{"id":24181,"href":"https:\/\/www.fass-berlin.de\/startseite\/wp-json\/wp\/v2\/posts\/24179\/revisions\/24181"}],"wp:featuredmedia":[{"embeddable":true,"href":"https:\/\/www.fass-berlin.de\/startseite\/wp-json\/wp\/v2\/media\/24180"}],"wp:attachment":[{"href":"https:\/\/www.fass-berlin.de\/startseite\/wp-json\/wp\/v2\/media?parent=24179"}],"wp:term":[{"taxonomy":"category","embeddable":true,"href":"https:\/\/www.fass-berlin.de\/startseite\/wp-json\/wp\/v2\/categories?post=24179"},{"taxonomy":"post_tag","embeddable":true,"href":"https:\/\/www.fass-berlin.de\/startseite\/wp-json\/wp\/v2\/tags?post=24179"}],"curies":[{"name":"wp","href":"https:\/\/api.w.org\/{rel}","templated":true}]}}