{"id":24266,"date":"2026-01-25T00:40:30","date_gmt":"2026-01-24T23:40:30","guid":{"rendered":"https:\/\/www.fass-berlin.de\/startseite\/?p=24266"},"modified":"2026-01-25T00:43:45","modified_gmt":"2026-01-24T23:43:45","slug":"heisser-fight-und-besseres-ende-fuer-fass","status":"publish","type":"post","link":"https:\/\/www.fass-berlin.de\/startseite\/2026\/01\/25\/heisser-fight-und-besseres-ende-fuer-fass\/","title":{"rendered":"Hei\u00dfer Fight &#8211; und besseres Ende f\u00fcr FASS"},"content":{"rendered":"<p><strong>In einem emotionsgeladenen Spitzenspiel vor stattlicher Kulisse <a href=\"https:\/\/www.fass-berlin.de\/startseite\/event\/23583\/\">gewinnt FASS Berlin bei den Luchsen Lauterbach mit 2:3 (1:2, 0:0, 1:0, 0:0, 0:1) nach Penaltyschie\u00dfen<\/a>. Damit gehen FASS und der Hauptrivale Sch\u00f6nheide wohl <a href=\"https:\/\/www.fass-berlin.de\/startseite\/regionalliga-ost-2\/regionalliga-ost-2025-26\/\">punktgleich in das vorentscheidende Spiel<\/a> um Rang 1 in der Hauptrunde am kommenden Samstag (31.01.26, 19:00 Uhr, Erika-He\u00df-Eisstadion).<\/strong><\/p>\n<h5>Das Spiel<\/h5>\n<p>Beide Teams gingen mit Top-Besetzung in das Gipfeltreffen. FASS hatte 19+2 Akteure auf der Bank, die Luchse 18+2.<\/p>\n<p>Im ersten Drittel erspielte sich FASS ein optisches \u00dcbergewicht und kreierte zahlreiche Gelegenheiten. Nach zehn Minuten schloss <a href=\"https:\/\/www.fass-berlin.de\/startseite\/player\/daniel-volynec\/\">Daniel Volynec<\/a> eine sch\u00f6ne Kombination zum 0:1 ab. Den Ausgleich von Welser im Anschluss an ein Bully (16.) beantwortete <a href=\"https:\/\/www.fass-berlin.de\/startseite\/player\/oliver-noack\/\">Oliver Noack<\/a> nach Zuspiel seines Bruders <a href=\"https:\/\/www.fass-berlin.de\/startseite\/player\/luis-noack\/\">Luis<\/a> nahezu postwendend mit dem erneuten F\u00fchrungstreffer.<\/p>\n<p>Der Ausgleich lag in den ersten Minuten des zweiten Abschnitts mehrfach in der Luft, zumal sich FASS in dieser Phase durch Strafen schw\u00e4chte. Goalie <a href=\"https:\/\/www.fass-berlin.de\/startseite\/player\/eric-steffen\/\">Eric Steffen<\/a> war aber auf dem Posten und sicherte die F\u00fchrung. Nach der 30. Minuten hatten die Berliner wieder mehr vom Spiel, ohne sich mit einem dritten Treffer mehr Sicherheit zu geben.<\/p>\n<p>Nicht \u00fcberraschend spitzte sich das Geschehen im dritten Drittel zu. Lauterbach warf nun alles in die Waagschale, und auch die 600 Zuschauerinnen und Zuschauer &#8211; darunter gut 20 Berliner Supporter &#8211; gingen emotional mit. Knapp drei Minuten vor dem Ende gelang Neuzugang Tettenborn der umjubelte Ausgleich. In den Schlusssekunden entlud sich die Spannung auf und neben dem Eis nach einem Kniecheck eines Lauterbacher Spielers. Die Strafbank war nun gut gef\u00fcllt; allerdings ging FASS mit einer f\u00fcnfmin\u00fctigen \u00dcberzahl in die Overtime.<\/p>\n<p>Obwohl Lauterbach w\u00e4hrend der gesamten Verl\u00e4ngerung ohne Scheibenbesitz blieb, gelang FASS nicht der entscheidende Treffer. So musste das Penaltyschie\u00dfen entscheiden. Zun\u00e4chst traf Schwab f\u00fcr Lauterbach, dann glich <a href=\"https:\/\/www.fass-berlin.de\/startseite\/player\/moritz-miguez\/\">Moritz Miguez<\/a> f\u00fcr die Berliner aus. Eric Steffen parierte den Versuch von Julius Kranz, und <a href=\"https:\/\/www.fass-berlin.de\/startseite\/player\/tom-fiedler\/\">Kapit\u00e4n Tom Fiedler<\/a> verwandelte zur F\u00fchrung. Ale Eric Steffen auch noch ein zweites Mal seinen Kasten erfolgreich verteidigte, war der Sieg in Osthessen perfekt.<\/p>\n<h5>Ausblick<\/h5>\n<p>Der Shoot-out-Winner von Tom Fiedler kann in der Schlussrechnung sehr wertvoll sein, denn FASS und Sch\u00f6nheide liegen nun &#8211; einen Sieg der W\u00f6lfe am Sonntag gegen Dresden unterstellt &#8211; vor dem Showdown am kommenden Wochenende <a href=\"https:\/\/www.fass-berlin.de\/startseite\/regionalliga-ost-2\/regionalliga-ost-2025-26\/\">punktgleich vorne<\/a>. Der Sieger am Samstag geht also in jedem Fall als Spitzenreiter in die letzten Spiele &#8211; h\u00e4tte FASS nur einen Punkt aus Lauterbach mitgenommen, dann h\u00e4tte sich Sch\u00f6nheide eine OT-Niederlage in Berlin leisten k\u00f6nnen.<\/p>\n<p>Spannender k\u00f6nnte die Ausgangssituation vor dem &#8222;Hauptrunden-Decider&#8220; also nicht sein. Das erste Spiel nach dem Einbau der modernen K\u00e4lteanlage im Erika-He\u00df-Eisstadion wird also das Highlight der bisherigen Saison.<\/p>\n<h5>Statistik<\/h5>\n<p><strong>FASS<\/strong>: Steffen (Slavinskis-Repe) &#8211; Haase, Junge; Falk, Miethke; Kruggel, H\u00fcfner &#8211; Jentzsch, Fiedler, Thielsch; L. Noack, O. Noack, Balzer; Volynec, Kubail, Braun; Licitis, Miguez, Flemming; Weihrauch.<br \/>\n<strong>Tore<\/strong>:<br \/>\n0:1 (09:56) <strong>Volynec<\/strong> (Kubail, Braun), 1:1 (15:25) Welser, 1:2 (16:23) <strong>O. Noack<\/strong> (L. Noack, Balzer);<br \/>\n2:2 (57:09) Tettenborn;<br \/>\n2:3 (65:00) <strong>Fiedler<\/strong> SOW.<br \/>\n<strong>Schiedsrichter<\/strong>: Ruhnau, Meyer \/ Balogh, Dumor.<br \/>\n<strong>Strafen<\/strong>: Luchse 27 + SpD Welser, FASS 18.<br \/>\n<strong>Zuschauer<\/strong>: 600.<br \/>\n<strong>Sch\u00fcsse<\/strong>: 28-42.<br \/>\n<strong>Face-off<\/strong>: 31-35.<\/p>\n<p>Foto: Zaide Kielinger<\/p>\n","protected":false},"excerpt":{"rendered":"<p>In einem emotionsgeladenen Spitzenspiel vor stattlicher Kulisse gewinnt FASS Berlin bei den Luchsen Lauterbach mit 2:3 (1:2, 0:0, 1:0, 0:0, 0:1) nach Penaltyschie\u00dfen. Damit gehen FASS und der Hauptrivale Sch\u00f6nheide wohl punktgleich in das vorentscheidende Spiel um Rang 1 in der Hauptrunde am kommenden Samstag (31.01.26, 19:00 Uhr, Erika-He\u00df-Eisstadion). Das Spiel Beide Teams gingen mit [&hellip;]<\/p>\n","protected":false},"author":15,"featured_media":24267,"comment_status":"open","ping_status":"open","sticky":false,"template":"","format":"standard","meta":{"_exactmetrics_skip_tracking":false,"_exactmetrics_sitenote_active":false,"_exactmetrics_sitenote_note":"","_exactmetrics_sitenote_category":0,"jetpack_post_was_ever_published":false,"_jetpack_newsletter_access":"","_jetpack_dont_email_post_to_subs":false,"_jetpack_newsletter_tier_id":0,"_jetpack_memberships_contains_paywalled_content":false,"_jetpack_memberships_contains_paid_content":false,"footnotes":"","jetpack_publicize_message":"","jetpack_publicize_feature_enabled":true,"jetpack_social_post_already_shared":true,"jetpack_social_options":{"image_generator_settings":{"template":"highway","default_image_id":0,"font":"","enabled":false},"version":2}},"categories":[50],"tags":[],"class_list":["post-24266","post","type-post","status-publish","format-standard","has-post-thumbnail","hentry","category-regionalliga-ost"],"jetpack_publicize_connections":[],"jetpack_featured_media_url":"https:\/\/www.fass-berlin.de\/wp-content\/uploads\/2026\/01\/SOW-in-Lauterbach-e1769297957136.jpg","jetpack_sharing_enabled":true,"jetpack_shortlink":"https:\/\/wp.me\/paiOCx-6jo","jetpack_likes_enabled":true,"jetpack-related-posts":[],"_links":{"self":[{"href":"https:\/\/www.fass-berlin.de\/startseite\/wp-json\/wp\/v2\/posts\/24266","targetHints":{"allow":["GET"]}}],"collection":[{"href":"https:\/\/www.fass-berlin.de\/startseite\/wp-json\/wp\/v2\/posts"}],"about":[{"href":"https:\/\/www.fass-berlin.de\/startseite\/wp-json\/wp\/v2\/types\/post"}],"author":[{"embeddable":true,"href":"https:\/\/www.fass-berlin.de\/startseite\/wp-json\/wp\/v2\/users\/15"}],"replies":[{"embeddable":true,"href":"https:\/\/www.fass-berlin.de\/startseite\/wp-json\/wp\/v2\/comments?post=24266"}],"version-history":[{"count":3,"href":"https:\/\/www.fass-berlin.de\/startseite\/wp-json\/wp\/v2\/posts\/24266\/revisions"}],"predecessor-version":[{"id":24270,"href":"https:\/\/www.fass-berlin.de\/startseite\/wp-json\/wp\/v2\/posts\/24266\/revisions\/24270"}],"wp:featuredmedia":[{"embeddable":true,"href":"https:\/\/www.fass-berlin.de\/startseite\/wp-json\/wp\/v2\/media\/24267"}],"wp:attachment":[{"href":"https:\/\/www.fass-berlin.de\/startseite\/wp-json\/wp\/v2\/media?parent=24266"}],"wp:term":[{"taxonomy":"category","embeddable":true,"href":"https:\/\/www.fass-berlin.de\/startseite\/wp-json\/wp\/v2\/categories?post=24266"},{"taxonomy":"post_tag","embeddable":true,"href":"https:\/\/www.fass-berlin.de\/startseite\/wp-json\/wp\/v2\/tags?post=24266"}],"curies":[{"name":"wp","href":"https:\/\/api.w.org\/{rel}","templated":true}]}}