{"id":24469,"date":"2026-03-11T16:31:54","date_gmt":"2026-03-11T15:31:54","guid":{"rendered":"https:\/\/www.fass-berlin.de\/startseite\/?p=24469"},"modified":"2026-03-11T16:36:12","modified_gmt":"2026-03-11T15:36:12","slug":"die-dominierenden-teams-der-liga-im-titelkampf","status":"publish","type":"post","link":"https:\/\/www.fass-berlin.de\/startseite\/2026\/03\/11\/die-dominierenden-teams-der-liga-im-titelkampf\/","title":{"rendered":"Die dominierenden Teams der Liga im Titelkampf"},"content":{"rendered":"<p data-start=\"250\" data-end=\"344\">Noch drei Tage bis zum ersten Bully im Finale der Regionalliga Ost \u2013 und die Spannung steigt.<\/p>\n<p data-start=\"346\" data-end=\"671\">Mit <strong data-start=\"350\" data-end=\"391\"><span class=\"hover:entity-accent entity-underline inline cursor-pointer align-baseline\"><span class=\"whitespace-normal\">FASS Berlin<\/span><\/span><\/strong> und den <strong data-start=\"400\" data-end=\"441\"><span class=\"hover:entity-accent entity-underline inline cursor-pointer align-baseline\"><span class=\"whitespace-normal\">Sch\u00f6nheider W\u00f6lfe<\/span><\/span><\/strong> stehen sich zwei Teams gegen\u00fcber, die die Liga in dieser Saison klar gepr\u00e4gt haben. Beide Finalisten setzten sich im Halbfinale mit einem <strong data-start=\"580\" data-end=\"595\">Sweep (3:0)<\/strong> durch und gehen entsprechend mit viel Selbstvertrauen in die Endspielserie.<\/p>\n<p data-start=\"673\" data-end=\"930\">Die <strong data-start=\"677\" data-end=\"697\">Regionalliga Ost<\/strong> ist seit 2015 die h\u00f6chste Spielklasse der Landesverb\u00e4nde Berlin, Sachsen, Sachsen-Anhalt, Th\u00fcringen und \u2013 seit 2023 \u2013 Hessen. Ein Blick in die Statistik zeigt, wie eng die Geschichte der Liga mit den beiden Finalisten verbunden ist.<\/p>\n<hr \/>\n<h3 data-section-id=\"12n4xxw\" data-start=\"932\" data-end=\"974\">Meister der Regionalliga Ost<\/h3>\n<ul data-start=\"976\" data-end=\"1303\">\n<li data-section-id=\"z5tf0w\" data-start=\"976\" data-end=\"1001\">\n<p data-start=\"978\" data-end=\"1001\">2016 \u2013 Tornado Niesky<\/p>\n<\/li>\n<li data-section-id=\"1fydynl\" data-start=\"1002\" data-end=\"1027\">\n<p data-start=\"1004\" data-end=\"1027\">2017 \u2013 Tornado Niesky<\/p>\n<\/li>\n<li data-section-id=\"1raah3y\" data-start=\"1028\" data-end=\"1053\">\n<p data-start=\"1030\" data-end=\"1053\">2018 \u2013 Tornado Niesky<\/p>\n<\/li>\n<li data-section-id=\"123n0ug\" data-start=\"1054\" data-end=\"1082\">\n<p data-start=\"1056\" data-end=\"1082\">2019 \u2013 Sch\u00f6nheider W\u00f6lfe<\/p>\n<\/li>\n<li data-section-id=\"qkhzj9\" data-start=\"1083\" data-end=\"1144\">\n<p data-start=\"1085\" data-end=\"1144\">2020 \u2013 Sch\u00f6nheider W\u00f6lfe \/ ECC Preussen (geteilter Titel)<\/p>\n<\/li>\n<li data-section-id=\"i4kyhz\" data-start=\"1145\" data-end=\"1184\">\n<p data-start=\"1147\" data-end=\"1184\">2021 \u2013 kein Meister (Saisonabbruch)<\/p>\n<\/li>\n<li data-section-id=\"1slx068\" data-start=\"1185\" data-end=\"1213\">\n<p data-start=\"1187\" data-end=\"1213\">2022 \u2013 Sch\u00f6nheider W\u00f6lfe<\/p>\n<\/li>\n<li data-section-id=\"v56va5\" data-start=\"1214\" data-end=\"1242\">\n<p data-start=\"1216\" data-end=\"1242\">2023 \u2013 Chemnitz Crashers<\/p>\n<\/li>\n<li data-section-id=\"12x7c92\" data-start=\"1243\" data-end=\"1265\">\n<p data-start=\"1245\" data-end=\"1265\">2024 \u2013 FASS Berlin<\/p>\n<\/li>\n<li data-section-id=\"1wtn13b\" data-start=\"1266\" data-end=\"1288\">\n<p data-start=\"1268\" data-end=\"1288\">2025 \u2013 FASS Berlin<\/p>\n<\/li>\n<li data-section-id=\"1mktwxu\" data-start=\"1289\" data-end=\"1303\">\n<p data-start=\"1291\" data-end=\"1303\"><strong data-start=\"1291\" data-end=\"1303\">2026 \u2013 ?<\/strong><\/p>\n<\/li>\n<\/ul>\n<p data-start=\"1305\" data-end=\"1468\">F\u00fcr die erfolgsverw\u00f6hnten W\u00f6lfe aus dem Erzgebirge steht also einiges auf dem Spiel \u2013 schlie\u00dflich m\u00f6chte man dort nicht <strong data-start=\"1425\" data-end=\"1467\">zum vierten Mal in Folge leer ausgehen<\/strong>.<\/p>\n<p data-start=\"1470\" data-end=\"1677\">Aber auch f\u00fcr FASS ist diese Serie etwas Besonderes. Der Berliner Traditionsverein steht <strong data-start=\"1559\" data-end=\"1614\">zum achten Mal in den Playoffs der Regionalliga Ost<\/strong> \u2013 und hat nun bereits <strong data-start=\"1637\" data-end=\"1676\">zum vierten Mal das Finale erreicht<\/strong>.<\/p>\n<hr \/>\n<h3 data-section-id=\"kboxmk\" data-start=\"1679\" data-end=\"1713\">Playoff-Bilanz von FASS Berlin<\/h3>\n<ul data-start=\"1715\" data-end=\"1864\">\n<li data-section-id=\"tblk8v\" data-start=\"1715\" data-end=\"1736\">\n<p data-start=\"1717\" data-end=\"1736\">2008 \u2013 Halbfinale<\/p>\n<\/li>\n<li data-section-id=\"1q6l08u\" data-start=\"1737\" data-end=\"1758\">\n<p data-start=\"1739\" data-end=\"1758\">2018 \u2013 Halbfinale<\/p>\n<\/li>\n<li data-section-id=\"p40a7p\" data-start=\"1759\" data-end=\"1780\">\n<p data-start=\"1761\" data-end=\"1780\">2020 \u2013 Halbfinale<\/p>\n<\/li>\n<li data-section-id=\"8jfw8g\" data-start=\"1781\" data-end=\"1798\">\n<p data-start=\"1783\" data-end=\"1798\">2022 \u2013 Finale<\/p>\n<\/li>\n<li data-section-id=\"16lgryu\" data-start=\"1799\" data-end=\"1820\">\n<p data-start=\"1801\" data-end=\"1820\">2023 \u2013 Halbfinale<\/p>\n<\/li>\n<li data-section-id=\"tkvixa\" data-start=\"1821\" data-end=\"1843\">\n<p data-start=\"1823\" data-end=\"1843\">2024 \u2013 <strong data-start=\"1830\" data-end=\"1841\">Meister<\/strong><\/p>\n<\/li>\n<li data-section-id=\"wnxjgv\" data-start=\"1844\" data-end=\"1864\">\n<p data-start=\"1846\" data-end=\"1864\">2025 \u2013 <strong data-start=\"1853\" data-end=\"1864\">Meister<\/strong><\/p>\n<\/li>\n<\/ul>\n<p data-start=\"1866\" data-end=\"1933\">Das Ziel ist klar: Der Titel soll erneut nach Berlin geholt werden.<\/p>\n<hr data-start=\"1935\" data-end=\"1938\" \/>\n<h2 data-section-id=\"11dw1by\" data-start=\"1940\" data-end=\"1970\">Fans im Bus nach Sch\u00f6nheide<\/h2>\n<p data-start=\"1972\" data-end=\"2102\">Zum Auftaktspiel am <strong data-start=\"1992\" data-end=\"2014\">Samstag (14.03.26)<\/strong> gibt es wieder die M\u00f6glichkeit, gemeinsam mit der Mannschaft nach Sch\u00f6nheide zu reisen.<\/p>\n<p data-start=\"2104\" data-end=\"2140\">Einige wenige Pl\u00e4tze im Bus sind noch frei.<\/p>\n<p data-start=\"2142\" data-end=\"2310\">\ud83d\ude8c <strong data-start=\"2145\" data-end=\"2159\">Fahrpreis:<\/strong> 40 \u20ac (inklusive Eintrittskarte)<br data-start=\"2191\" data-end=\"2194\" \/>\ud83d\udd59 <strong data-start=\"2197\" data-end=\"2209\">Abfahrt:<\/strong> 10:00 Uhr am <span class=\"hover:entity-accent entity-underline inline cursor-pointer align-baseline\"><span class=\"whitespace-normal\">Erika-He\u00df-Eisstadion<\/span><\/span><br data-start=\"2260\" data-end=\"2263\" \/>\ud83d\udce7 <strong data-start=\"2266\" data-end=\"2280\">Anmeldung:<\/strong> <a class=\"decorated-link cursor-pointer\" rel=\"noopener\" data-start=\"2281\" data-end=\"2310\">sinah.koehlert@fass-berlin.de<\/a><\/p>\n<hr data-start=\"2312\" data-end=\"2315\" \/>\n<h2 data-section-id=\"nxsr3f\" data-start=\"2317\" data-end=\"2347\">spiel 2 am Sonntag in Berlin<\/h2>\n<p data-start=\"2349\" data-end=\"2407\">Direkt am n\u00e4chsten Tag kehrt die Serie nach Berlin zur\u00fcck.<\/p>\n<p data-start=\"2409\" data-end=\"2501\">\ud83d\udcc5 <strong data-start=\"2412\" data-end=\"2433\">Sonntag, 15.03.26<\/strong><br data-start=\"2433\" data-end=\"2436\" \/>\ud83d\udd52 <strong data-start=\"2439\" data-end=\"2455\">Spielbeginn:<\/strong> 15:00 Uhr<br data-start=\"2465\" data-end=\"2468\" \/>\ud83d\udd5c <strong data-start=\"2471\" data-end=\"2489\">Kassen\u00f6ffnung:<\/strong> 13:30 Uhr<\/p>\n<p data-start=\"2503\" data-end=\"2659\">Wir erwarten viele Zuschauerinnen und Zuschauer im Erika-He\u00df-Eisstadion. Wer lange Wartezeiten vermeiden m\u00f6chte, sollte <strong data-start=\"2623\" data-end=\"2658\">etwas fr\u00fcher ins Stadion kommen<\/strong>.<\/p>\n<hr data-start=\"2661\" data-end=\"2664\" \/>\n<h2 data-section-id=\"1q0k1em\" data-start=\"2666\" data-end=\"2699\">Team bereit f\u00fcr den Finalstart<\/h2>\n<p data-start=\"2701\" data-end=\"2918\">Die Mannschaft von Headcoach Christopher Scholz bereitet sich derzeit intensiv auf die Finalserie vor. <strong data-start=\"2804\" data-end=\"2833\">Der Kader ist vollst\u00e4ndig<\/strong>, und die Trainingsarbeit in dieser Woche ist entsprechend konzentriert und intensiv.<\/p>\n<p data-start=\"2920\" data-end=\"2972\">Der gro\u00dfe Showdown der Regionalliga Ost r\u00fcckt n\u00e4her.<\/p>\n<p data-start=\"2974\" data-end=\"3044\">Und bald wird sich entscheiden:<br data-start=\"3005\" data-end=\"3008\" \/><strong data-start=\"3008\" data-end=\"3044\">Wer kr\u00f6nt sich zum Meister 2026?<\/strong><\/p>\n<p data-start=\"2974\" data-end=\"3044\">Foto: Philipp Knop<\/p>\n","protected":false},"excerpt":{"rendered":"<p>Noch drei Tage bis zum ersten Bully im Finale der Regionalliga Ost \u2013 und die Spannung steigt. Mit FASS Berlin und den Sch\u00f6nheider W\u00f6lfe stehen sich zwei Teams gegen\u00fcber, die die Liga in dieser Saison klar gepr\u00e4gt haben. Beide Finalisten setzten sich im Halbfinale mit einem Sweep (3:0) durch und gehen entsprechend mit viel Selbstvertrauen [&hellip;]<\/p>\n","protected":false},"author":15,"featured_media":24470,"comment_status":"open","ping_status":"open","sticky":false,"template":"","format":"standard","meta":{"_exactmetrics_skip_tracking":false,"_exactmetrics_sitenote_active":false,"_exactmetrics_sitenote_note":"","_exactmetrics_sitenote_category":0,"jetpack_post_was_ever_published":false,"_jetpack_newsletter_access":"","_jetpack_dont_email_post_to_subs":false,"_jetpack_newsletter_tier_id":0,"_jetpack_memberships_contains_paywalled_content":false,"_jetpack_memberships_contains_paid_content":false,"footnotes":"","jetpack_publicize_message":"","jetpack_publicize_feature_enabled":true,"jetpack_social_post_already_shared":true,"jetpack_social_options":{"image_generator_settings":{"template":"highway","default_image_id":0,"font":"","enabled":false},"version":2}},"categories":[50],"tags":[],"class_list":["post-24469","post","type-post","status-publish","format-standard","has-post-thumbnail","hentry","category-regionalliga-ost"],"jetpack_publicize_connections":[],"jetpack_featured_media_url":"https:\/\/www.fass-berlin.de\/wp-content\/uploads\/2026\/03\/PHOTO-2026-01-31-22-09-24-e1773243361385.jpg","jetpack_sharing_enabled":true,"jetpack_shortlink":"https:\/\/wp.me\/paiOCx-6mF","jetpack_likes_enabled":true,"jetpack-related-posts":[],"_links":{"self":[{"href":"https:\/\/www.fass-berlin.de\/startseite\/wp-json\/wp\/v2\/posts\/24469","targetHints":{"allow":["GET"]}}],"collection":[{"href":"https:\/\/www.fass-berlin.de\/startseite\/wp-json\/wp\/v2\/posts"}],"about":[{"href":"https:\/\/www.fass-berlin.de\/startseite\/wp-json\/wp\/v2\/types\/post"}],"author":[{"embeddable":true,"href":"https:\/\/www.fass-berlin.de\/startseite\/wp-json\/wp\/v2\/users\/15"}],"replies":[{"embeddable":true,"href":"https:\/\/www.fass-berlin.de\/startseite\/wp-json\/wp\/v2\/comments?post=24469"}],"version-history":[{"count":4,"href":"https:\/\/www.fass-berlin.de\/startseite\/wp-json\/wp\/v2\/posts\/24469\/revisions"}],"predecessor-version":[{"id":24474,"href":"https:\/\/www.fass-berlin.de\/startseite\/wp-json\/wp\/v2\/posts\/24469\/revisions\/24474"}],"wp:featuredmedia":[{"embeddable":true,"href":"https:\/\/www.fass-berlin.de\/startseite\/wp-json\/wp\/v2\/media\/24470"}],"wp:attachment":[{"href":"https:\/\/www.fass-berlin.de\/startseite\/wp-json\/wp\/v2\/media?parent=24469"}],"wp:term":[{"taxonomy":"category","embeddable":true,"href":"https:\/\/www.fass-berlin.de\/startseite\/wp-json\/wp\/v2\/categories?post=24469"},{"taxonomy":"post_tag","embeddable":true,"href":"https:\/\/www.fass-berlin.de\/startseite\/wp-json\/wp\/v2\/tags?post=24469"}],"curies":[{"name":"wp","href":"https:\/\/api.w.org\/{rel}","templated":true}]}}