{"id":24490,"date":"2026-03-15T19:40:31","date_gmt":"2026-03-15T18:40:31","guid":{"rendered":"https:\/\/www.fass-berlin.de\/startseite\/?p=24490"},"modified":"2026-03-17T07:20:37","modified_gmt":"2026-03-17T06:20:37","slug":"fass-gewinnt-auch-zweites-finalspiel","status":"publish","type":"post","link":"https:\/\/www.fass-berlin.de\/startseite\/2026\/03\/15\/fass-gewinnt-auch-zweites-finalspiel\/","title":{"rendered":"FASS gewinnt auch zweites Finalspiel"},"content":{"rendered":"<p style=\"font-weight: 400;\"><strong>Der dritte Titelgewinn in Folge r\u00fcckt f\u00fcr FASS Berlin immer n\u00e4her, denn auch das zweite Finalspiel\u00a0 gegen die Sch\u00f6nheider W\u00f6lfe ging an die Berliner. <a href=\"https:\/\/www.fass-berlin.de\/startseite\/event\/fass-berlin-vs-schoenheider-woelfe-6\/\">5:2 (3:2, 0:0, 2:0) gewann FASS<\/a> vor 558 Zuschauerinnen und Zuschauern und f\u00fchrt nun in der Best-of-Five-Serie mit 2:0.\u00a0<\/strong><\/p>\n<p style=\"font-weight: 400;\">Am Samstag legte FASS vor, Sch\u00f6nheide musste also schon gewinnen, damit der Druck am n\u00e4chsten Wochenende nicht noch gr\u00f6\u00dfer wird. FASS trat im Vergleich zum Vortag in unver\u00e4nderter Aufstellung mit 19 Feldspielern an, bei den W\u00f6lfe war Luca Schwarzmeier mit dabei und so standen ebenfalls 19 Feldspieler zur Verf\u00fcgung. Eric Steffen bei FASS und Kevin Kopp bei den W\u00f6lfen begannen im Tor.<\/p>\n<h5>Das Spiel<\/h5>\n<p style=\"font-weight: 400;\">Sch\u00f6nheide griff auch gleich an und sie hatten die ersten Chancen des Spiels. Erst nach einigen Minuten kamen die Gastgeber zu Torabschl\u00fcssen. Der erste Treffer ging an die W\u00f6lfe, Jan Meixner hatte in der 5. Minute keine Probleme, einen Querpass von Ricco Warkus zum 0:1 einzuschie\u00dfen. FASS versuchte zu antworten, doch auch ein erstes Powerplay brachte keinen Erfolg. Sch\u00f6nheide griff weiter mit an und so war es ein abwechslungsreiches Spiel. Die 11. Minute brachte FASS den Ausgleich, <a href=\"https:\/\/www.fass-berlin.de\/startseite\/player\/oliver-noack\/\">Oliver Noack<\/a> traf nach Vorlage von <a href=\"https:\/\/www.fass-berlin.de\/startseite\/player\/moritz-miguez\/\">Moritz Miguez<\/a>. 77 Sekunden sp\u00e4ter schoss Tomas Rubes den Puck ins lange Eck des Berliner Tores und die W\u00f6lfe f\u00fchrten wieder. Diese hielt 101 Sekunden, dann erzielte <a href=\"https:\/\/www.fass-berlin.de\/startseite\/player\/dennis-thielsch\/\">Dennis Thielsch<\/a> das 2:2. 140 Sekunden vor der Pause nutzte FASS sein zweites Powerplay des Drittels aus. Ein Schuss von <a href=\"https:\/\/www.fass-berlin.de\/startseite\/player\/gregor-kubail\/\">Gregor Kubail<\/a> wurde abgef\u00e4lscht und senkte sich als Bogenlampe ins Tor. So f\u00fchrten die Weddinger nach 20 Minuten 3:2.<\/p>\n<p style=\"font-weight: 400;\">Sch\u00f6nheide hatte zu Beginn des Mittelabschnitts einige gute Chancen, sie scheiterten aber am Berliner Torh\u00fcter. Sie blieben \u00fcberlegen und die Angriffe von FASS wurden gut gest\u00f6rt; so hatten die Gastgeber nicht viele M\u00f6glichkeiten. Und auch das sonst starke Powerplay half nicht, den Weddingern allerdings auch nicht. Es blieb ein torloses Drittel und somit stand ein spannender Schlussabschnitt bevor.<\/p>\n<p style=\"font-weight: 400;\">Dieses begann mit einer Strafe von vier Minuten gegen FASS und somit einem langen Powerplay der G\u00e4ste, doch wieder gelang kein Tor. FASS war effektiver, bei angezeigter Strafe gegen die W\u00f6lfe konnte <a href=\"https:\/\/www.fass-berlin.de\/startseite\/player\/daniel-volynec\/\">Daniel Volynec<\/a> in der 48. Minute auf 4:2 erh\u00f6hen &#8211; und sorgte damit f\u00fcr eine Vorentscheidung. Die W\u00f6lfe k\u00e4mpften weiter und zogen 120 Sekunden vor dem Ende den Torh\u00fcter, allerdings erfolglos. Daf\u00fcr konnte <a href=\"https:\/\/www.fass-berlin.de\/startseite\/player\/henry-haase\/\">Henry Haase<\/a> mit der Schlusssirene das 5:2 erzielen.<\/p>\n<p style=\"font-weight: 400;\">Die bessere Chancenverwertung und ein starker <a href=\"https:\/\/www.fass-berlin.de\/startseite\/player\/eric-steffen\/\">Eric Steffen<\/a> im Tor sicherten FASS den Sieg und damit die 2:0-Serienf\u00fchrung.<\/p>\n<h5>Der Ausblick<\/h5>\n<p style=\"font-weight: 400;\">Weiter geht es in der Serie am Samstag um 17:00 Uhr im Wolfsbau von Sch\u00f6nheide, ein eventuelles viertes Spiel w\u00fcrde am Sonntag um 15:00 Uhr im Erika-He\u00df-Eisstadion stattfinden.<\/p>\n<h5>Die Statistik<\/h5>\n<p><span style=\"font-weight: 400;\"><strong>FASS<\/strong>: Steffen (Slavinskis-Repe) &#8211; Haase, Heinicke; Kruggel, Licitis; Falk, Miethke; Berlin &#8211; Volynec, Kubail, Braun; O. Noack, Miguez, L. Noack; Thielsch, Fiedler, Jentzsch; Balzer, Weihrauch, Flemming.<br \/>\n<strong>Tore<\/strong>:<br \/>\n0:1 (04:19) Meixner, 1:1 (10:51) <strong>O. Noack<\/strong> (Miguez, Volynec), 1:2 (12:08) Rubes, 2:2 (13:49) <strong>Thielsch<\/strong> (Fiedler, Jentzsch), 3:2 (17:40) <strong>Kubail<\/strong> (Braun, Fiedler) PP1;<br \/>\n4:2 (47:46) <strong>Volynec<\/strong> (Kubail, Steffen) EA, 5:2 (59:58) <strong>Haase<\/strong> EN.<br \/>\n<strong>Schiedsrichter<\/strong>: Hecker, Metzkow &#8211; Gl\u00e4ser, Niedermeyer.<br \/>\n<strong>Strafen<\/strong>: FASS 14 (2\/6\/6), W\u00f6lfe 16 (8\/4\/4).<br \/>\n<strong>Zuschauer<\/strong>: 558.<br \/>\n<strong>Sch\u00fcsse<\/strong>: 31-35.<br \/>\n<strong>Face-off<\/strong>: 33-26.<\/span><\/p>\n<p>Foto: Philipp Knop<\/p>\n","protected":false},"excerpt":{"rendered":"<p>Der dritte Titelgewinn in Folge r\u00fcckt f\u00fcr FASS Berlin immer n\u00e4her, denn auch das zweite Finalspiel\u00a0 gegen die Sch\u00f6nheider W\u00f6lfe ging an die Berliner. 5:2 (3:2, 0:0, 2:0) gewann FASS vor 558 Zuschauerinnen und Zuschauern und f\u00fchrt nun in der Best-of-Five-Serie mit 2:0.\u00a0 Am Samstag legte FASS vor, Sch\u00f6nheide musste also schon gewinnen, damit der [&hellip;]<\/p>\n","protected":false},"author":9,"featured_media":24489,"comment_status":"open","ping_status":"open","sticky":false,"template":"","format":"standard","meta":{"_exactmetrics_skip_tracking":false,"_exactmetrics_sitenote_active":false,"_exactmetrics_sitenote_note":"","_exactmetrics_sitenote_category":0,"jetpack_post_was_ever_published":false,"_jetpack_newsletter_access":"","_jetpack_dont_email_post_to_subs":false,"_jetpack_newsletter_tier_id":0,"_jetpack_memberships_contains_paywalled_content":false,"_jetpack_memberships_contains_paid_content":false,"footnotes":"","jetpack_publicize_message":"","jetpack_publicize_feature_enabled":true,"jetpack_social_post_already_shared":true,"jetpack_social_options":{"image_generator_settings":{"template":"highway","default_image_id":0,"font":"","enabled":false},"version":2}},"categories":[50],"tags":[],"class_list":["post-24490","post","type-post","status-publish","format-standard","has-post-thumbnail","hentry","category-regionalliga-ost"],"jetpack_publicize_connections":[],"jetpack_featured_media_url":"https:\/\/www.fass-berlin.de\/wp-content\/uploads\/2026\/03\/PHOTO-2026-03-15-15-45-44-e1773596617411.jpg","jetpack_sharing_enabled":true,"jetpack_shortlink":"https:\/\/wp.me\/paiOCx-6n0","jetpack_likes_enabled":true,"jetpack-related-posts":[],"_links":{"self":[{"href":"https:\/\/www.fass-berlin.de\/startseite\/wp-json\/wp\/v2\/posts\/24490","targetHints":{"allow":["GET"]}}],"collection":[{"href":"https:\/\/www.fass-berlin.de\/startseite\/wp-json\/wp\/v2\/posts"}],"about":[{"href":"https:\/\/www.fass-berlin.de\/startseite\/wp-json\/wp\/v2\/types\/post"}],"author":[{"embeddable":true,"href":"https:\/\/www.fass-berlin.de\/startseite\/wp-json\/wp\/v2\/users\/9"}],"replies":[{"embeddable":true,"href":"https:\/\/www.fass-berlin.de\/startseite\/wp-json\/wp\/v2\/comments?post=24490"}],"version-history":[{"count":5,"href":"https:\/\/www.fass-berlin.de\/startseite\/wp-json\/wp\/v2\/posts\/24490\/revisions"}],"predecessor-version":[{"id":24496,"href":"https:\/\/www.fass-berlin.de\/startseite\/wp-json\/wp\/v2\/posts\/24490\/revisions\/24496"}],"wp:featuredmedia":[{"embeddable":true,"href":"https:\/\/www.fass-berlin.de\/startseite\/wp-json\/wp\/v2\/media\/24489"}],"wp:attachment":[{"href":"https:\/\/www.fass-berlin.de\/startseite\/wp-json\/wp\/v2\/media?parent=24490"}],"wp:term":[{"taxonomy":"category","embeddable":true,"href":"https:\/\/www.fass-berlin.de\/startseite\/wp-json\/wp\/v2\/categories?post=24490"},{"taxonomy":"post_tag","embeddable":true,"href":"https:\/\/www.fass-berlin.de\/startseite\/wp-json\/wp\/v2\/tags?post=24490"}],"curies":[{"name":"wp","href":"https:\/\/api.w.org\/{rel}","templated":true}]}}