{"id":24497,"date":"2026-03-17T20:46:18","date_gmt":"2026-03-17T19:46:18","guid":{"rendered":"https:\/\/www.fass-berlin.de\/startseite\/?p=24497"},"modified":"2026-03-17T20:46:18","modified_gmt":"2026-03-17T19:46:18","slug":"zwei-schritte-gemacht-noch-einer-fehlt","status":"publish","type":"post","link":"https:\/\/www.fass-berlin.de\/startseite\/2026\/03\/17\/zwei-schritte-gemacht-noch-einer-fehlt\/","title":{"rendered":"Zwei Schritte gemacht \u2013 noch einer fehlt"},"content":{"rendered":"<p data-start=\"161\" data-end=\"279\">Die Finalserie l\u00e4uft \u2013 und <strong data-start=\"188\" data-end=\"229\"><span class=\"hover:entity-accent entity-underline inline cursor-pointer align-baseline\"><span class=\"whitespace-normal\">FASS Berlin<\/span><\/span><\/strong> hat sich eine starke Ausgangsposition erarbeitet.<\/p>\n<p data-start=\"281\" data-end=\"545\">Nach zwei Spielen f\u00fchrt FASS mit <strong data-start=\"314\" data-end=\"321\">2:0<\/strong> gegen die <strong data-start=\"332\" data-end=\"373\"><span class=\"hover:entity-accent entity-underline inline cursor-pointer align-baseline\"><span class=\"whitespace-normal\">Sch\u00f6nheider W\u00f6lfe<\/span><\/span><\/strong>.<br data-start=\"374\" data-end=\"377\" \/>Ein Ausw\u00e4rtssieg zum Auftakt, gefolgt von einem intensiven Heimerfolg \u2013 zwei unterschiedliche Spiele, aber ein gemeinsames Ergebnis: <strong data-start=\"510\" data-end=\"544\">Matchpuck am kommenden Samstag<\/strong>.<\/p>\n<p data-start=\"547\" data-end=\"700\">Was unser Team bislang auszeichnet, ist vor allem die Stabilit\u00e4t.<br data-start=\"613\" data-end=\"616\" \/>In <strong data-start=\"619\" data-end=\"643\">f\u00fcnf Playoff-Spielen<\/strong> hat FASS gerade einmal <strong data-start=\"667\" data-end=\"686\">sechs Gegentore<\/strong> zugelassen.<\/p>\n<p data-start=\"702\" data-end=\"968\">Ein Schl\u00fcssel: das starke Torh\u00fcter-Duo <strong data-start=\"741\" data-end=\"757\">Eric Steffen<\/strong> und <strong data-start=\"762\" data-end=\"787\">Marks Slavinskis-Repe<\/strong>, die dem Team den n\u00f6tigen R\u00fcckhalt geben.<br data-start=\"829\" data-end=\"832\" \/>Aber genauso entscheidend ist die Arbeit davor: <strong data-start=\"880\" data-end=\"967\">konsequentes Backchecking, geschlossene Defensive, Einsatz jedes einzelnen Spielers<\/strong>.<\/p>\n<hr data-start=\"970\" data-end=\"973\" \/>\n<h2 data-section-id=\"ai79yx\" data-start=\"975\" data-end=\"1006\">Samstag: Der erste Matchpuck<\/h2>\n<p data-start=\"1008\" data-end=\"1103\">Am <strong data-start=\"1011\" data-end=\"1044\">Samstag (21.03.26, 17:00 Uhr)<\/strong> hat FASS in Sch\u00f6nheide die Chance, den Titel klarzumachen.<\/p>\n<p data-start=\"1105\" data-end=\"1189\">Viele Berliner Fans werden das Team begleiten \u2013 und im Wolfsbau f\u00fcr Stimmung sorgen.<\/p>\n<p data-start=\"1191\" data-end=\"1271\">\ud83d\ude8c F\u00fcr Kurzentschlossene gibt es noch <strong data-start=\"1229\" data-end=\"1268\">wenige Restpl\u00e4tze im Mannschaftsbus<\/strong>:<\/p>\n<ul data-start=\"1272\" data-end=\"1404\">\n<li data-section-id=\"1v4lzv7\" data-start=\"1272\" data-end=\"1322\">\n<p data-start=\"1274\" data-end=\"1322\">Abfahrt: <strong data-start=\"1283\" data-end=\"1320\">10:00 Uhr am Erika-He\u00df-Eisstadion<\/strong><\/p>\n<\/li>\n<li data-section-id=\"esp8ks\" data-start=\"1323\" data-end=\"1357\">\n<p data-start=\"1325\" data-end=\"1357\">Preis: <strong data-start=\"1332\" data-end=\"1355\">40 \u20ac (inkl. Ticket)<\/strong><\/p>\n<\/li>\n<li data-section-id=\"1udqken\" data-start=\"1358\" data-end=\"1404\">\n<p data-start=\"1360\" data-end=\"1404\">Anmeldung: <strong data-start=\"1371\" data-end=\"1404\"><a class=\"decorated-link cursor-pointer\" rel=\"noopener\" data-start=\"1373\" data-end=\"1402\">sinah.koehlert@fass-berlin.de<\/a><\/strong><\/p>\n<\/li>\n<\/ul>\n<hr data-start=\"1406\" data-end=\"1409\" \/>\n<h2 data-section-id=\"120mip8\" data-start=\"1411\" data-end=\"1452\">Sonntag: So oder so ein besonderer Tag<\/h2>\n<p data-start=\"1454\" data-end=\"1624\">Sollte Sch\u00f6nheide die Serie noch einmal verl\u00e4ngern, geht es am<br data-start=\"1516\" data-end=\"1519\" \/>\ud83d\udcc5 <strong data-start=\"1522\" data-end=\"1555\">Sonntag (22.03.26, 15:00 Uhr)<\/strong> im <strong data-start=\"1559\" data-end=\"1600\"><span class=\"hover:entity-accent entity-underline inline cursor-pointer align-baseline\"><span class=\"whitespace-normal\">Erika-He\u00df-Eisstadion<\/span><\/span><\/strong> mit <strong data-start=\"1605\" data-end=\"1616\">Spiel 4<\/strong> weiter.<\/p>\n<p data-start=\"1626\" data-end=\"1689\"><strong data-start=\"1626\" data-end=\"1689\">Aber auch wenn der Titel schon am Samstag entschieden wird:<\/strong><\/p>\n<p data-start=\"1691\" data-end=\"1825\">\ud83d\udc49 Dann sehen wir uns <strong data-start=\"1713\" data-end=\"1773\">trotzdem am Sonntag um 15:00 Uhr im Erika-He\u00df-Eisstadion<\/strong>.<br data-start=\"1774\" data-end=\"1777\" \/>Gemeinsam feiern. Gemeinsam diesen Weg genie\u00dfen.<\/p>\n<hr data-start=\"1827\" data-end=\"1830\" \/>\n<p data-start=\"1832\" data-end=\"1893\" data-is-last-node=\"\" data-is-only-node=\"\">Zwei Schritte sind gemacht.<br data-start=\"1859\" data-end=\"1862\" \/><strong data-start=\"1862\" data-end=\"1888\">Der dritte fehlt noch.<\/strong> \ud83c\udfd2\ud83d\udd25<\/p>\n","protected":false},"excerpt":{"rendered":"<p>Die Finalserie l\u00e4uft \u2013 und FASS Berlin hat sich eine starke Ausgangsposition erarbeitet. Nach zwei Spielen f\u00fchrt FASS mit 2:0 gegen die Sch\u00f6nheider W\u00f6lfe.Ein Ausw\u00e4rtssieg zum Auftakt, gefolgt von einem intensiven Heimerfolg \u2013 zwei unterschiedliche Spiele, aber ein gemeinsames Ergebnis: Matchpuck am kommenden Samstag. Was unser Team bislang auszeichnet, ist vor allem die Stabilit\u00e4t.In f\u00fcnf [&hellip;]<\/p>\n","protected":false},"author":15,"featured_media":24498,"comment_status":"open","ping_status":"open","sticky":false,"template":"","format":"standard","meta":{"_exactmetrics_skip_tracking":false,"_exactmetrics_sitenote_active":false,"_exactmetrics_sitenote_note":"","_exactmetrics_sitenote_category":0,"jetpack_post_was_ever_published":false,"_jetpack_newsletter_access":"","_jetpack_dont_email_post_to_subs":false,"_jetpack_newsletter_tier_id":0,"_jetpack_memberships_contains_paywalled_content":false,"_jetpack_memberships_contains_paid_content":false,"footnotes":"","jetpack_publicize_message":"","jetpack_publicize_feature_enabled":true,"jetpack_social_post_already_shared":true,"jetpack_social_options":{"image_generator_settings":{"template":"highway","default_image_id":0,"font":"","enabled":false},"version":2}},"categories":[50],"tags":[],"class_list":["post-24497","post","type-post","status-publish","format-standard","has-post-thumbnail","hentry","category-regionalliga-ost"],"jetpack_publicize_connections":[],"jetpack_featured_media_url":"https:\/\/www.fass-berlin.de\/wp-content\/uploads\/2026\/03\/PHOTO-2026-03-15-15-45-45-e1773776713373.jpg","jetpack_sharing_enabled":true,"jetpack_shortlink":"https:\/\/wp.me\/paiOCx-6n7","jetpack_likes_enabled":true,"jetpack-related-posts":[],"_links":{"self":[{"href":"https:\/\/www.fass-berlin.de\/startseite\/wp-json\/wp\/v2\/posts\/24497","targetHints":{"allow":["GET"]}}],"collection":[{"href":"https:\/\/www.fass-berlin.de\/startseite\/wp-json\/wp\/v2\/posts"}],"about":[{"href":"https:\/\/www.fass-berlin.de\/startseite\/wp-json\/wp\/v2\/types\/post"}],"author":[{"embeddable":true,"href":"https:\/\/www.fass-berlin.de\/startseite\/wp-json\/wp\/v2\/users\/15"}],"replies":[{"embeddable":true,"href":"https:\/\/www.fass-berlin.de\/startseite\/wp-json\/wp\/v2\/comments?post=24497"}],"version-history":[{"count":1,"href":"https:\/\/www.fass-berlin.de\/startseite\/wp-json\/wp\/v2\/posts\/24497\/revisions"}],"predecessor-version":[{"id":24499,"href":"https:\/\/www.fass-berlin.de\/startseite\/wp-json\/wp\/v2\/posts\/24497\/revisions\/24499"}],"wp:featuredmedia":[{"embeddable":true,"href":"https:\/\/www.fass-berlin.de\/startseite\/wp-json\/wp\/v2\/media\/24498"}],"wp:attachment":[{"href":"https:\/\/www.fass-berlin.de\/startseite\/wp-json\/wp\/v2\/media?parent=24497"}],"wp:term":[{"taxonomy":"category","embeddable":true,"href":"https:\/\/www.fass-berlin.de\/startseite\/wp-json\/wp\/v2\/categories?post=24497"},{"taxonomy":"post_tag","embeddable":true,"href":"https:\/\/www.fass-berlin.de\/startseite\/wp-json\/wp\/v2\/tags?post=24497"}],"curies":[{"name":"wp","href":"https:\/\/api.w.org\/{rel}","templated":true}]}}