{"id":24513,"date":"2026-04-04T10:49:36","date_gmt":"2026-04-04T08:49:36","guid":{"rendered":"https:\/\/www.fass-berlin.de\/startseite\/?p=24513"},"modified":"2026-04-04T10:49:36","modified_gmt":"2026-04-04T08:49:36","slug":"saisonabschluss-bei-fass-berlin-jetzt-vormerken","status":"publish","type":"post","link":"https:\/\/www.fass-berlin.de\/startseite\/2026\/04\/04\/saisonabschluss-bei-fass-berlin-jetzt-vormerken\/","title":{"rendered":"Saisonabschluss bei FASS Berlin \u2013 jetzt vormerken!"},"content":{"rendered":"<p data-start=\"224\" data-end=\"396\">Die Saison 2025\/26 wird uns noch lange in Erinnerung bleiben. Drei Meisterschaften in Folge, ein souver\u00e4ner Playoff-Run \u2013 und viele besondere Momente auf und neben dem Eis.<\/p>\n<p data-start=\"398\" data-end=\"459\">Jetzt wollen wir diese Spielzeit gemeinsam ausklingen lassen.<\/p>\n<p data-start=\"461\" data-end=\"538\">\ud83d\udc49 <strong data-start=\"464\" data-end=\"487\">Sonntag, 26.04.2026<\/strong><br data-start=\"487\" data-end=\"490\" \/>\ud83d\udd52 <strong data-start=\"493\" data-end=\"514\">15:00 \u2013 18:00 Uhr<\/strong><br data-start=\"514\" data-end=\"517\" \/>\ud83d\udccd <strong>Restaurant Angus<\/strong>, Kreuzbergstr. 11-12, 10965 Berlin<\/p>\n<hr data-start=\"540\" data-end=\"543\" \/>\n<h2 data-section-id=\"1q2fry7\" data-start=\"545\" data-end=\"584\">Gemeinsam feiern \u2013 mit Team und Fans<\/h2>\n<p data-start=\"586\" data-end=\"736\">Im Mittelpunkt der Saisonabschlussfeier steht das, was FASS Berlin ausmacht:<br data-start=\"662\" data-end=\"665\" \/><strong data-start=\"665\" data-end=\"736\">Gemeinschaft, N\u00e4he zur Mannschaft und echte Eishockey-Leidenschaft.<\/strong><\/p>\n<p data-start=\"738\" data-end=\"753\">Freut Euch auf:<\/p>\n<ul data-start=\"754\" data-end=\"950\">\n<li data-section-id=\"9eud0y\" data-start=\"754\" data-end=\"812\">\ud83c\udfd2 <strong data-start=\"759\" data-end=\"810\">Versteigerung und Verkauf der Game Worn Trikots<\/strong><\/li>\n<li data-section-id=\"15kkikh\" data-start=\"813\" data-end=\"859\">\ud83c\udfac <strong data-start=\"818\" data-end=\"857\">Video-Highlights der Meister-Saison<\/strong><\/li>\n<li data-section-id=\"12y6r09\" data-start=\"860\" data-end=\"897\">\ud83d\udcca <strong data-start=\"865\" data-end=\"895\">Statistiken und R\u00fcckblicke<\/strong><\/li>\n<li data-section-id=\"q00gm1\" data-start=\"898\" data-end=\"950\">\ud83d\udd0d <strong data-start=\"903\" data-end=\"950\">Exklusiver Ausblick auf die kommende Saison<\/strong><\/li>\n<\/ul>\n<p data-start=\"952\" data-end=\"1111\">Nat\u00fcrlich wird auch das <strong>Team vor Ort<\/strong> sein \u2013 eine perfekte Gelegenheit f\u00fcr Gespr\u00e4che, Fotos und einen gemeinsamen Blick zur\u00fcck auf eine au\u00dfergew\u00f6hnliche Saison.<\/p>\n<hr data-start=\"1113\" data-end=\"1116\" \/>\n<h2 data-section-id=\"1ufhfnl\" data-start=\"1118\" data-end=\"1152\">Erste organisatorische Hinweise<\/h2>\n<p data-start=\"1154\" data-end=\"1288\">F\u00fcr die Veranstaltung ist aktuell ein Bereich f\u00fcr rund <strong data-start=\"1209\" data-end=\"1236\">150 Personen reserviert<\/strong>, mit Erweiterungsm\u00f6glichkeiten auf der Au\u00dfenfl\u00e4che.<\/p>\n<p data-start=\"1290\" data-end=\"1446\">Das Restaurant stellt f\u00fcr uns eine <strong data-start=\"1325\" data-end=\"1354\">eigene Auswahl an Speisen<\/strong> bereit. Weitere Informationen zur Organisation und Anmeldung folgen in den kommenden Tagen.<\/p>\n<hr data-start=\"1448\" data-end=\"1451\" \/>\n<h2 data-section-id=\"ljl8y0\" data-start=\"1453\" data-end=\"1470\">Save the Date!<\/h2>\n<p data-start=\"1472\" data-end=\"1560\">Der 26. April wird ein besonderer Nachmittag f\u00fcr alle, die diese Saison begleitet haben.<\/p>\n<p data-start=\"1562\" data-end=\"1618\" data-is-last-node=\"\" data-is-only-node=\"\"><strong data-start=\"1562\" data-end=\"1618\" data-is-last-node=\"\">Merkt Euch den Termin vor \u2013 wir freuen uns auf Euch!<\/strong><\/p>\n","protected":false},"excerpt":{"rendered":"<p>Die Saison 2025\/26 wird uns noch lange in Erinnerung bleiben. Drei Meisterschaften in Folge, ein souver\u00e4ner Playoff-Run \u2013 und viele besondere Momente auf und neben dem Eis. Jetzt wollen wir diese Spielzeit gemeinsam ausklingen lassen. \ud83d\udc49 Sonntag, 26.04.2026\ud83d\udd52 15:00 \u2013 18:00 Uhr\ud83d\udccd Restaurant Angus, Kreuzbergstr. 11-12, 10965 Berlin Gemeinsam feiern \u2013 mit Team und Fans [&hellip;]<\/p>\n","protected":false},"author":15,"featured_media":24514,"comment_status":"open","ping_status":"open","sticky":false,"template":"","format":"standard","meta":{"_exactmetrics_skip_tracking":false,"_exactmetrics_sitenote_active":false,"_exactmetrics_sitenote_note":"","_exactmetrics_sitenote_category":0,"jetpack_post_was_ever_published":false,"_jetpack_newsletter_access":"","_jetpack_dont_email_post_to_subs":false,"_jetpack_newsletter_tier_id":0,"_jetpack_memberships_contains_paywalled_content":false,"_jetpack_memberships_contains_paid_content":false,"footnotes":"","jetpack_publicize_message":"","jetpack_publicize_feature_enabled":true,"jetpack_social_post_already_shared":true,"jetpack_social_options":{"image_generator_settings":{"template":"highway","default_image_id":0,"font":"","enabled":false},"version":2}},"categories":[50],"tags":[],"class_list":["post-24513","post","type-post","status-publish","format-standard","has-post-thumbnail","hentry","category-regionalliga-ost"],"jetpack_publicize_connections":[],"jetpack_featured_media_url":"https:\/\/www.fass-berlin.de\/wp-content\/uploads\/2026\/04\/90204.png","jetpack_sharing_enabled":true,"jetpack_shortlink":"https:\/\/wp.me\/paiOCx-6nn","jetpack_likes_enabled":true,"jetpack-related-posts":[],"_links":{"self":[{"href":"https:\/\/www.fass-berlin.de\/startseite\/wp-json\/wp\/v2\/posts\/24513","targetHints":{"allow":["GET"]}}],"collection":[{"href":"https:\/\/www.fass-berlin.de\/startseite\/wp-json\/wp\/v2\/posts"}],"about":[{"href":"https:\/\/www.fass-berlin.de\/startseite\/wp-json\/wp\/v2\/types\/post"}],"author":[{"embeddable":true,"href":"https:\/\/www.fass-berlin.de\/startseite\/wp-json\/wp\/v2\/users\/15"}],"replies":[{"embeddable":true,"href":"https:\/\/www.fass-berlin.de\/startseite\/wp-json\/wp\/v2\/comments?post=24513"}],"version-history":[{"count":1,"href":"https:\/\/www.fass-berlin.de\/startseite\/wp-json\/wp\/v2\/posts\/24513\/revisions"}],"predecessor-version":[{"id":24515,"href":"https:\/\/www.fass-berlin.de\/startseite\/wp-json\/wp\/v2\/posts\/24513\/revisions\/24515"}],"wp:featuredmedia":[{"embeddable":true,"href":"https:\/\/www.fass-berlin.de\/startseite\/wp-json\/wp\/v2\/media\/24514"}],"wp:attachment":[{"href":"https:\/\/www.fass-berlin.de\/startseite\/wp-json\/wp\/v2\/media?parent=24513"}],"wp:term":[{"taxonomy":"category","embeddable":true,"href":"https:\/\/www.fass-berlin.de\/startseite\/wp-json\/wp\/v2\/categories?post=24513"},{"taxonomy":"post_tag","embeddable":true,"href":"https:\/\/www.fass-berlin.de\/startseite\/wp-json\/wp\/v2\/tags?post=24513"}],"curies":[{"name":"wp","href":"https:\/\/api.w.org\/{rel}","templated":true}]}}