{"id":24524,"date":"2026-04-27T21:04:34","date_gmt":"2026-04-27T19:04:34","guid":{"rendered":"https:\/\/www.fass-berlin.de\/startseite\/?p=24524"},"modified":"2026-04-27T21:04:34","modified_gmt":"2026-04-27T19:04:34","slug":"christopher-scholz-verlaesst-fass-daniel-kruggel-neuer-sportdirektor","status":"publish","type":"post","link":"https:\/\/www.fass-berlin.de\/startseite\/2026\/04\/27\/christopher-scholz-verlaesst-fass-daniel-kruggel-neuer-sportdirektor\/","title":{"rendered":"Christopher Scholz verl\u00e4sst FASS &#8211; Daniel Kruggel neuer Sportdirektor"},"content":{"rendered":"<p data-start=\"933\" data-end=\"1092\">Mit der Saisonabschlussfeier hat <strong data-start=\"966\" data-end=\"1007\"><span class=\"hover:entity-accent entity-underline inline cursor-pointer align-baseline\"><span class=\"whitespace-normal\">FASS Berlin<\/span><\/span><\/strong> eine au\u00dfergew\u00f6hnliche Spielzeit 2025\/26 gemeinsam mit seinen Fans ausklingen lassen.<\/p>\n<p data-start=\"1094\" data-end=\"1169\">Rund <strong data-start=\"1099\" data-end=\"1139\">60 Anh\u00e4ngerinnen und Anh\u00e4nger<\/strong> waren im Restaurant Angus dabei und sorgten f\u00fcr einen w\u00fcrdigen Rahmen. Besonders gefragt waren die <strong data-start=\"1244\" data-end=\"1281\">Fotos mit den drei Meisterpokalen<\/strong>, die gemeinsam mit den Spielern entstanden. Auch der <strong data-start=\"1335\" data-end=\"1368\">Verkauf der Game Worn Trikots<\/strong> fand gro\u00dfen Zuspruch.<\/p>\n<hr data-start=\"1392\" data-end=\"1395\" \/>\n<h2 data-section-id=\"be034r\" data-start=\"1397\" data-end=\"1422\">R\u00fcckblick und Ausblick<\/h2>\n<p data-start=\"1424\" data-end=\"1632\">Gesch\u00e4ftsf\u00fchrer <strong data-start=\"1440\" data-end=\"1463\">Alexander Hedderich<\/strong> blickte auf die abgelaufene Saison zur\u00fcck und gab zugleich einen Ausblick auf die kommenden Monate. Dabei wurde auch eine wichtige Personalentscheidung bekannt gegeben:<\/p>\n<p data-start=\"1634\" data-end=\"1786\"><strong data-start=\"1634\" data-end=\"1652\">Daniel Kruggel<\/strong> &#8211; zuletzt als Verteidiger bei allen drei Meisterschaften dabei &#8211; \u00fcbernimmt zur Saison 2026\/27 die Funktion des Sportdirektors und wird k\u00fcnftig die <strong data-start=\"1735\" data-end=\"1772\">Kaderplanung und den Spielbetrieb<\/strong> verantworten. Die Funktion war zuletzt nicht besetzt.<\/p>\n<blockquote data-start=\"1788\" data-end=\"2086\">\n<p data-start=\"1790\" data-end=\"2086\"><strong data-start=\"1790\" data-end=\"1809\">Daniel Kruggel:<\/strong> \u201eIch freue mich sehr auf die neue Aufgabe bei FASS Berlin. Wir haben eine starke Basis im Team und im gesamten Umfeld. Jetzt geht es darum, unsere Organisation gezielt weiterzuentwickeln und die Voraussetzungen zu schaffen, um auch in der kommenden Saison wieder oben anzugreifen.\u201c<\/p>\n<\/blockquote>\n<hr data-start=\"2088\" data-end=\"2091\" \/>\n<h2 data-section-id=\"hzmp3i\" data-start=\"2093\" data-end=\"2131\">Ver\u00e4nderung auf der Trainerposition<\/h2>\n<p data-start=\"2133\" data-end=\"2272\">Eine seiner ersten Aufgaben wird die Suche nach einem neuen Headcoach sein.<br data-start=\"2208\" data-end=\"2211\" \/><strong data-start=\"2211\" data-end=\"2233\">Christopher Scholz<\/strong> verl\u00e4sst FASS Berlin nach f\u00fcnf Jahren.<\/p>\n<p data-start=\"2274\" data-end=\"2432\">In dieser Zeit pr\u00e4gte er die sportlich erfolgreichste Phase der Vereinsgeschichte ma\u00dfgeblich und f\u00fchrte das Team zuletzt zu <strong data-start=\"2398\" data-end=\"2431\">drei Meisterschaften in Folge<\/strong>.<\/p>\n<blockquote data-start=\"2434\" data-end=\"2648\">\n<p data-start=\"2436\" data-end=\"2648\"><strong data-start=\"2436\" data-end=\"2459\">Christopher Scholz:<\/strong> \u201eIch danke den Verantwortlichen bei FASS f\u00fcr die Chance, die ich vor f\u00fcnf Jahren erhalten habe. F\u00fcr mich ist jetzt der Punkt gekommen, den n\u00e4chsten Schritt in einem neuen Umfeld zu gehen.\u201c<\/p>\n<\/blockquote>\n<blockquote data-start=\"2650\" data-end=\"2830\">\n<p data-start=\"2652\" data-end=\"2830\"><strong data-start=\"2652\" data-end=\"2676\">Alexander Hedderich:<\/strong> \u201eChristopher Scholz hat die erfolgreichste \u00c4ra der 64-j\u00e4hrigen Vereinsgeschichte entscheidend mit gepr\u00e4gt. Wir w\u00fcnschen ihm auch in Zukunft viel Erfolg.\u201c<\/p>\n<\/blockquote>\n<p data-start=\"2652\" data-end=\"2830\">Christopher war seit 2011 in unterschiedlichen Rollen Teil von FASS Berlin. Wir werden seinen Beitrag zu unserer Geschichte in einem ausf\u00fchrlichen Bericht im Laufe der Woche w\u00fcrdigen.<\/p>\n<hr data-start=\"2832\" data-end=\"2835\" \/>\n<h2 data-section-id=\"1ilunb5\" data-start=\"2837\" data-end=\"2864\">Dank an Fans und Partner<\/h2>\n<p data-start=\"2866\" data-end=\"3049\">Die Saisonabschlussfeier war ein gelungener Schlusspunkt unter eine besondere Spielzeit \u2013 getragen von einer Mannschaft, einem engagierten Umfeld und einer stetig wachsenden Fanbasis.<\/p>\n<p data-start=\"3051\" data-end=\"3160\">FASS Berlin bedankt sich bei allen Unterst\u00fctzerinnen und Unterst\u00fctzern f\u00fcr die Begleitung durch diese Saison.<\/p>\n<hr data-start=\"298\" data-end=\"301\" \/>\n<h2 data-section-id=\"1m8jbkg\" data-start=\"303\" data-end=\"326\">Dank an das Ehrenamt<\/h2>\n<p data-start=\"328\" data-end=\"505\">Ein besonderer Dank gilt den zahlreichen <strong data-start=\"369\" data-end=\"411\">ehrenamtlichen Helferinnen und Helfern<\/strong>, die den Spielbetrieb und die Organisation rund um FASS Berlin \u00fcberhaupt erst m\u00f6glich machen.<\/p>\n<p data-start=\"507\" data-end=\"638\">Ob am Spieltag, hinter den Kulissen oder in der Vorbereitung \u2013 ohne dieses Engagement w\u00e4re eine solche Saison nicht denkbar gewesen.<\/p>\n","protected":false},"excerpt":{"rendered":"<p>Mit der Saisonabschlussfeier hat FASS Berlin eine au\u00dfergew\u00f6hnliche Spielzeit 2025\/26 gemeinsam mit seinen Fans ausklingen lassen. Rund 60 Anh\u00e4ngerinnen und Anh\u00e4nger waren im Restaurant Angus dabei und sorgten f\u00fcr einen w\u00fcrdigen Rahmen. Besonders gefragt waren die Fotos mit den drei Meisterpokalen, die gemeinsam mit den Spielern entstanden. Auch der Verkauf der Game Worn Trikots fand [&hellip;]<\/p>\n","protected":false},"author":15,"featured_media":24527,"comment_status":"open","ping_status":"open","sticky":false,"template":"","format":"standard","meta":{"_exactmetrics_skip_tracking":false,"_exactmetrics_sitenote_active":false,"_exactmetrics_sitenote_note":"","_exactmetrics_sitenote_category":0,"jetpack_post_was_ever_published":false,"_jetpack_newsletter_access":"","_jetpack_dont_email_post_to_subs":false,"_jetpack_newsletter_tier_id":0,"_jetpack_memberships_contains_paywalled_content":false,"_jetpack_memberships_contains_paid_content":false,"footnotes":"","jetpack_publicize_message":"","jetpack_publicize_feature_enabled":true,"jetpack_social_post_already_shared":true,"jetpack_social_options":{"image_generator_settings":{"template":"highway","default_image_id":0,"font":"","enabled":false},"version":2}},"categories":[50],"tags":[],"class_list":["post-24524","post","type-post","status-publish","format-standard","has-post-thumbnail","hentry","category-regionalliga-ost"],"jetpack_publicize_connections":[],"jetpack_featured_media_url":"https:\/\/www.fass-berlin.de\/wp-content\/uploads\/2026\/04\/Drei-Pokale-scaled.jpg","jetpack_sharing_enabled":true,"jetpack_shortlink":"https:\/\/wp.me\/paiOCx-6ny","jetpack_likes_enabled":true,"jetpack-related-posts":[],"_links":{"self":[{"href":"https:\/\/www.fass-berlin.de\/startseite\/wp-json\/wp\/v2\/posts\/24524","targetHints":{"allow":["GET"]}}],"collection":[{"href":"https:\/\/www.fass-berlin.de\/startseite\/wp-json\/wp\/v2\/posts"}],"about":[{"href":"https:\/\/www.fass-berlin.de\/startseite\/wp-json\/wp\/v2\/types\/post"}],"author":[{"embeddable":true,"href":"https:\/\/www.fass-berlin.de\/startseite\/wp-json\/wp\/v2\/users\/15"}],"replies":[{"embeddable":true,"href":"https:\/\/www.fass-berlin.de\/startseite\/wp-json\/wp\/v2\/comments?post=24524"}],"version-history":[{"count":3,"href":"https:\/\/www.fass-berlin.de\/startseite\/wp-json\/wp\/v2\/posts\/24524\/revisions"}],"predecessor-version":[{"id":24528,"href":"https:\/\/www.fass-berlin.de\/startseite\/wp-json\/wp\/v2\/posts\/24524\/revisions\/24528"}],"wp:featuredmedia":[{"embeddable":true,"href":"https:\/\/www.fass-berlin.de\/startseite\/wp-json\/wp\/v2\/media\/24527"}],"wp:attachment":[{"href":"https:\/\/www.fass-berlin.de\/startseite\/wp-json\/wp\/v2\/media?parent=24524"}],"wp:term":[{"taxonomy":"category","embeddable":true,"href":"https:\/\/www.fass-berlin.de\/startseite\/wp-json\/wp\/v2\/categories?post=24524"},{"taxonomy":"post_tag","embeddable":true,"href":"https:\/\/www.fass-berlin.de\/startseite\/wp-json\/wp\/v2\/tags?post=24524"}],"curies":[{"name":"wp","href":"https:\/\/api.w.org\/{rel}","templated":true}]}}