{"id":24530,"date":"2026-05-03T15:37:58","date_gmt":"2026-05-03T13:37:58","guid":{"rendered":"https:\/\/www.fass-berlin.de\/startseite\/?p=24530"},"modified":"2026-05-03T15:37:58","modified_gmt":"2026-05-03T13:37:58","slug":"15-jahre-fass-berlin-danke-christopher-scholz","status":"publish","type":"post","link":"https:\/\/www.fass-berlin.de\/startseite\/2026\/05\/03\/15-jahre-fass-berlin-danke-christopher-scholz\/","title":{"rendered":"15 Jahre FASS Berlin: Danke, Christopher Scholz!"},"content":{"rendered":"<p data-start=\"270\" data-end=\"383\">Mit dem Abschied von <strong>Christopher Scholz<\/strong> endet bei FASS Berlin eine au\u00dfergew\u00f6hnlich lange und pr\u00e4gende Verbindung.<\/p>\n<p data-start=\"385\" data-end=\"650\">\u00dcber einen Zeitraum von 15 Jahren \u2013 von 2011 bis 2026 \u2013 hat Scholz den Verein in unterschiedlichen Rollen begleitet und ma\u00dfgeblich mitgestaltet: als Spieler, als F\u00fchrungspers\u00f6nlichkeit neben dem Eis und zuletzt als erfolgreichster Cheftrainer der Vereinsgeschichte.<\/p>\n<h5 data-start=\"652\" data-end=\"685\"><strong data-start=\"652\" data-end=\"685\">VOM SPIELER ZUR F\u00dcHRUNGSFIGUR<\/strong><\/h5>\n<figure id=\"attachment_24534\" aria-describedby=\"caption-attachment-24534\" style=\"width: 600px\" class=\"wp-caption alignright\"><img loading=\"lazy\" decoding=\"async\" class=\"wp-image-24534 size-full\" src=\"https:\/\/www.fass-berlin.de\/wp-content\/uploads\/2026\/05\/105379.jpg\" alt=\"\" width=\"600\" height=\"400\" srcset=\"https:\/\/www.fass-berlin.de\/wp-content\/uploads\/2026\/05\/105379.jpg 600w, https:\/\/www.fass-berlin.de\/wp-content\/uploads\/2026\/05\/105379-300x200.jpg 300w, https:\/\/www.fass-berlin.de\/wp-content\/uploads\/2026\/05\/105379-128x85.jpg 128w, https:\/\/www.fass-berlin.de\/wp-content\/uploads\/2026\/05\/105379-32x21.jpg 32w, https:\/\/www.fass-berlin.de\/wp-content\/uploads\/2026\/05\/105379-272x182.jpg 272w\" sizes=\"auto, (max-width: 600px) 100vw, 600px\" \/><figcaption id=\"caption-attachment-24534\" class=\"wp-caption-text\">Mit der R\u00fcckennummer 84 absolvierte Scholz 158 Spiele f\u00fcr FASS Berlin (34 Tore, 87 Assists).<\/figcaption><\/figure>\n<p data-start=\"687\" data-end=\"892\">Christopher Scholz kam im Jahr <strong>2011 als St\u00fcrmer zu FASS Berlin<\/strong>, nachdem er zuvor mehrere Jahre in Kanada gespielt und Stationen bei den Selber W\u00f6lfen sowie beim ECC Preussen durchlaufen hatte.<\/p>\n<p data-start=\"894\" data-end=\"1089\">In einer sportlich ambitionierten Phase des Vereins geh\u00f6rte FASS in der Oberliga Ost zur Spitzengruppe. 2013 gewann das Team den Oberliga Ost-Pokal \u2013 ein H\u00f6hepunkt in Scholz\u2019 aktiver Zeit.<\/p>\n<p data-start=\"1091\" data-end=\"1350\">Bis 2016 absolvierte er 158 Spiele f\u00fcr FASS Berlin. Nach einer Verletzung wurde er zum Verteidiger umgeschult und ging mit FASS in die neu formierten Oberliga Nord, wo das Team einen guten 15. Rang (unter 18 Teams) belegte. Im Anschluss beendete er seine aktive Laufbahn.<\/p>\n<h5 data-start=\"1352\" data-end=\"1383\"><strong data-start=\"1352\" data-end=\"1383\">VERANTWORTUNG NEBEN DEM EIS<\/strong><\/h5>\n<figure id=\"attachment_24532\" aria-describedby=\"caption-attachment-24532\" style=\"width: 600px\" class=\"wp-caption alignright\"><img loading=\"lazy\" decoding=\"async\" class=\"wp-image-24532\" src=\"https:\/\/www.fass-berlin.de\/wp-content\/uploads\/2026\/05\/Scholz-im-Interview-mit-Hoffmann-1024x594.jpg\" alt=\"\" width=\"600\" height=\"348\" srcset=\"https:\/\/www.fass-berlin.de\/wp-content\/uploads\/2026\/05\/Scholz-im-Interview-mit-Hoffmann-1024x594.jpg 1024w, https:\/\/www.fass-berlin.de\/wp-content\/uploads\/2026\/05\/Scholz-im-Interview-mit-Hoffmann-300x174.jpg 300w, https:\/\/www.fass-berlin.de\/wp-content\/uploads\/2026\/05\/Scholz-im-Interview-mit-Hoffmann-768x445.jpg 768w, https:\/\/www.fass-berlin.de\/wp-content\/uploads\/2026\/05\/Scholz-im-Interview-mit-Hoffmann-1536x891.jpg 1536w, https:\/\/www.fass-berlin.de\/wp-content\/uploads\/2026\/05\/Scholz-im-Interview-mit-Hoffmann-128x74.jpg 128w, https:\/\/www.fass-berlin.de\/wp-content\/uploads\/2026\/05\/Scholz-im-Interview-mit-Hoffmann-32x19.jpg 32w, https:\/\/www.fass-berlin.de\/wp-content\/uploads\/2026\/05\/Scholz-im-Interview-mit-Hoffmann.jpg 1576w\" sizes=\"auto, (max-width: 600px) 100vw, 600px\" \/><figcaption id=\"caption-attachment-24532\" class=\"wp-caption-text\">2018: Sprecher Scholz im Interview mit einer Neuverpflichtung.<\/figcaption><\/figure>\n<p data-start=\"1385\" data-end=\"1611\">Dem Verein blieb Scholz auch nach seiner Spielerkarriere eng verbunden. Als <strong>Stadion- und Pressesprecher<\/strong> \u00fcbernahm er fr\u00fch Verantwortung \u00fcber den sportlichen Bereich hinaus und wurde zu einem festen Bestandteil der Organisation.<\/p>\n<p data-start=\"1613\" data-end=\"1759\">Mit seinem Verst\u00e4ndnis f\u00fcr Verein, Mannschaft und Umfeld entwickelte er sich in dieser Phase zu einer wichtigen Schnittstelle innerhalb des Clubs.<\/p>\n<h5 data-start=\"1761\" data-end=\"1812\"><strong data-start=\"1761\" data-end=\"1812\">ERFOLGREICHSTE \u00c4RA DER VEREINSGESCHICHTE<\/strong><\/h5>\n<figure id=\"attachment_24535\" aria-describedby=\"caption-attachment-24535\" style=\"width: 600px\" class=\"wp-caption alignright\"><img loading=\"lazy\" decoding=\"async\" class=\"wp-image-24535\" src=\"https:\/\/www.fass-berlin.de\/wp-content\/uploads\/2026\/05\/Coach-Scholz-in-Action-1024x697.jpg\" alt=\"\" width=\"600\" height=\"409\" srcset=\"https:\/\/www.fass-berlin.de\/wp-content\/uploads\/2026\/05\/Coach-Scholz-in-Action-1024x697.jpg 1024w, https:\/\/www.fass-berlin.de\/wp-content\/uploads\/2026\/05\/Coach-Scholz-in-Action-300x204.jpg 300w, https:\/\/www.fass-berlin.de\/wp-content\/uploads\/2026\/05\/Coach-Scholz-in-Action-768x523.jpg 768w, https:\/\/www.fass-berlin.de\/wp-content\/uploads\/2026\/05\/Coach-Scholz-in-Action-1536x1046.jpg 1536w, https:\/\/www.fass-berlin.de\/wp-content\/uploads\/2026\/05\/Coach-Scholz-in-Action-2048x1394.jpg 1763w, https:\/\/www.fass-berlin.de\/wp-content\/uploads\/2026\/05\/Coach-Scholz-in-Action-128x87.jpg 128w, https:\/\/www.fass-berlin.de\/wp-content\/uploads\/2026\/05\/Coach-Scholz-in-Action-32x22.jpg 32w, https:\/\/www.fass-berlin.de\/wp-content\/uploads\/2026\/05\/Coach-Scholz-in-Action-scaled.jpg 1762w\" sizes=\"auto, (max-width: 600px) 100vw, 600px\" \/><figcaption id=\"caption-attachment-24535\" class=\"wp-caption-text\">Trainer Scholz: Drei Meistertitel in Folge.<\/figcaption><\/figure>\n<p data-start=\"1814\" data-end=\"1998\">Im Jahr 2021 folgte der n\u00e4chste Schritt: Zun\u00e4chst als Co-Trainer zur Ersten Mannschaft zur\u00fcckgekehrt, \u00fcbernahm Scholz bereits <strong>im Oktober desselben Jahres die Position des Cheftrainers<\/strong>.<\/p>\n<p data-start=\"2000\" data-end=\"2074\">Was folgte, war die erfolgreichste sportliche Phase der Vereinsgeschichte.<\/p>\n<p data-start=\"2076\" data-end=\"2282\">\u00dcber f\u00fcnf Jahre hinweg \u2013 l\u00e4nger als jeder Trainer vor ihm \u2013 pr\u00e4gte er die Entwicklung der Mannschaft und f\u00fchrte FASS Berlin zu <strong>drei Meisterschaften in der Regionalliga Ost in den Jahren 2024, 2025 und 2026<\/strong>.<\/p>\n<p data-start=\"2284\" data-end=\"2439\">Diese Titel stehen zugleich f\u00fcr die kontinuierliche Entwicklung eines Teams, das sich unter seiner Leitung sportlich zur klaren Nummer zwei in der Hauptstadt entwickelt hat.<\/p>\n<h5 data-start=\"2441\" data-end=\"2468\"><strong data-start=\"2441\" data-end=\"2468\">ABSCHIED NACH 15 JAHREN<\/strong><\/h5>\n<p data-start=\"2470\" data-end=\"2628\">Im Rahmen der Saisonabschlussfeier am 26. April informierte Christopher Scholz die Verantwortlichen, dass er ein Angebot der Crocodiles Hamburg annehmen wird.<\/p>\n<p data-start=\"2630\" data-end=\"2694\">Damit endet seine Zeit bei FASS Berlin nach insgesamt 15 Jahren.<\/p>\n<blockquote>\n<p data-start=\"2696\" data-end=\"2953\">Christopher Scholz: \u201eFASS Berlin war \u00fcber viele Jahre ein zentraler Teil meines Lebens. Ich bin dankbar f\u00fcr das Vertrauen, das mir in unterschiedlichen Rollen entgegengebracht wurde. Jetzt ist f\u00fcr mich der Zeitpunkt gekommen, den n\u00e4chsten Schritt zu gehen.\u201c<\/p>\n<\/blockquote>\n<blockquote>\n<p data-start=\"2955\" data-end=\"3254\">Lucien Aicher, 1. Vorsitzender von FASS Berlin: \u201eChristopher Scholz hat FASS Berlin \u00fcber eineinhalb Jahrzehnte in au\u00dfergew\u00f6hnlicher Weise gepr\u00e4gt \u2013 auf und neben dem Eis. Als Trainer hat er die erfolgreichste Phase unserer Vereinsgeschichte verantwortet.\u201c<\/p>\n<\/blockquote>\n<h5 data-start=\"3256\" data-end=\"3290\"><strong data-start=\"3256\" data-end=\"3290\">EIN TEIL DER VEREINSGESCHICHTE<\/strong><\/h5>\n<p data-start=\"3292\" data-end=\"3479\">Mit seinem Weg vom Spieler \u00fcber organisatorische Verantwortung bis hin zum Cheftrainer steht Christopher Scholz exemplarisch f\u00fcr die starke Entwicklung von FASS Berlin in den vergangenen Jahren.<\/p>\n<p data-start=\"3481\" data-end=\"3551\">Sein Wirken wird ein fester Bestandteil der Vereinsgeschichte bleiben.<\/p>\n<p data-start=\"3553\" data-end=\"3716\">FASS Berlin bedankt sich bei Christopher Scholz f\u00fcr <strong>15 Jahre Engagement, Verl\u00e4sslichkeit und sportlichen Erfolg<\/strong> und w\u00fcnscht ihm f\u00fcr seinen weiteren Weg alles Gute.<\/p>\n","protected":false},"excerpt":{"rendered":"<p>Mit dem Abschied von Christopher Scholz endet bei FASS Berlin eine au\u00dfergew\u00f6hnlich lange und pr\u00e4gende Verbindung. \u00dcber einen Zeitraum von 15 Jahren \u2013 von 2011 bis 2026 \u2013 hat Scholz den Verein in unterschiedlichen Rollen begleitet und ma\u00dfgeblich mitgestaltet: als Spieler, als F\u00fchrungspers\u00f6nlichkeit neben dem Eis und zuletzt als erfolgreichster Cheftrainer der Vereinsgeschichte. VOM SPIELER [&hellip;]<\/p>\n","protected":false},"author":15,"featured_media":24531,"comment_status":"open","ping_status":"open","sticky":false,"template":"","format":"standard","meta":{"_exactmetrics_skip_tracking":false,"_exactmetrics_sitenote_active":false,"_exactmetrics_sitenote_note":"","_exactmetrics_sitenote_category":0,"jetpack_post_was_ever_published":false,"_jetpack_newsletter_access":"","_jetpack_dont_email_post_to_subs":false,"_jetpack_newsletter_tier_id":0,"_jetpack_memberships_contains_paywalled_content":false,"_jetpack_memberships_contains_paid_content":false,"footnotes":"","jetpack_publicize_message":"","jetpack_publicize_feature_enabled":true,"jetpack_social_post_already_shared":true,"jetpack_social_options":{"image_generator_settings":{"template":"highway","default_image_id":0,"font":"","enabled":false},"version":2}},"categories":[50],"tags":[],"class_list":["post-24530","post","type-post","status-publish","format-standard","has-post-thumbnail","hentry","category-regionalliga-ost"],"jetpack_publicize_connections":[],"jetpack_featured_media_url":"https:\/\/www.fass-berlin.de\/wp-content\/uploads\/2026\/05\/105341.png","jetpack_sharing_enabled":true,"jetpack_shortlink":"https:\/\/wp.me\/paiOCx-6nE","jetpack_likes_enabled":true,"jetpack-related-posts":[],"_links":{"self":[{"href":"https:\/\/www.fass-berlin.de\/startseite\/wp-json\/wp\/v2\/posts\/24530","targetHints":{"allow":["GET"]}}],"collection":[{"href":"https:\/\/www.fass-berlin.de\/startseite\/wp-json\/wp\/v2\/posts"}],"about":[{"href":"https:\/\/www.fass-berlin.de\/startseite\/wp-json\/wp\/v2\/types\/post"}],"author":[{"embeddable":true,"href":"https:\/\/www.fass-berlin.de\/startseite\/wp-json\/wp\/v2\/users\/15"}],"replies":[{"embeddable":true,"href":"https:\/\/www.fass-berlin.de\/startseite\/wp-json\/wp\/v2\/comments?post=24530"}],"version-history":[{"count":4,"href":"https:\/\/www.fass-berlin.de\/startseite\/wp-json\/wp\/v2\/posts\/24530\/revisions"}],"predecessor-version":[{"id":24538,"href":"https:\/\/www.fass-berlin.de\/startseite\/wp-json\/wp\/v2\/posts\/24530\/revisions\/24538"}],"wp:featuredmedia":[{"embeddable":true,"href":"https:\/\/www.fass-berlin.de\/startseite\/wp-json\/wp\/v2\/media\/24531"}],"wp:attachment":[{"href":"https:\/\/www.fass-berlin.de\/startseite\/wp-json\/wp\/v2\/media?parent=24530"}],"wp:term":[{"taxonomy":"category","embeddable":true,"href":"https:\/\/www.fass-berlin.de\/startseite\/wp-json\/wp\/v2\/categories?post=24530"},{"taxonomy":"post_tag","embeddable":true,"href":"https:\/\/www.fass-berlin.de\/startseite\/wp-json\/wp\/v2\/tags?post=24530"}],"curies":[{"name":"wp","href":"https:\/\/api.w.org\/{rel}","templated":true}]}}