{"id":25051,"date":"2026-08-31T23:13:29","date_gmt":"2026-08-31T21:13:29","guid":{"rendered":"https:\/\/www.fass-berlin.de\/startseite\/?p=25051"},"modified":"2026-08-31T23:13:29","modified_gmt":"2026-08-31T21:13:29","slug":"das-erfolgsduo-bleibt-zusammen","status":"publish","type":"post","link":"https:\/\/www.fass-berlin.de\/startseite\/2026\/08\/31\/das-erfolgsduo-bleibt-zusammen\/","title":{"rendered":"Das Erfolgsduo bleibt zusammen"},"content":{"rendered":"<p class=\"PDq2pG_selectionAnchorContainer\" data-start=\"501\" data-end=\"634\"><strong data-start=\"501\" data-end=\"634\">Pr\u00e4sentiert von KUKKO \u2013 dem glutenfreien finnischen Bier aus der Laitilan Brauerei. KUKKO und FASS Berlin sind seit 2022 Partner.<\/strong><\/p>\n<hr \/>\n<p data-start=\"636\" data-end=\"662\">Marks bleibt. Eric bleibt.<\/p>\n<p data-start=\"664\" data-end=\"815\">Damit steht fest: FASS Berlin geht auch in der neuen Regionalliga Nordost mit dem Torh\u00fcterduo <strong data-start=\"758\" data-end=\"800\">Marks Slavinskis-Repe <\/strong>und<strong data-start=\"758\" data-end=\"800\"> Eric Steffen<\/strong> in die Saison.<\/p>\n<p data-start=\"817\" data-end=\"1011\">Der 25-j\u00e4hrige Steffen kam 2023 zu FASS und war damit bei allen drei Meisterschaften der vergangenen Jahre dabei. Inzwischen stehen f\u00fcr ihn <strong data-start=\"957\" data-end=\"972\">35 Eins\u00e4tze<\/strong> im rot-wei\u00df-schwarzen Trikot zu Buche.<\/p>\n<hr \/>\n<h2 data-section-id=\"1f3n070\" data-start=\"1013\" data-end=\"1028\">93,7 PROZENT<\/h2>\n<p data-start=\"1030\" data-end=\"1140\">In der vergangenen Saison bildeten Eric und Marks wahrscheinlich das st\u00e4rkste Goalie-Duo der Regionalliga Ost.<\/p>\n<p data-start=\"1142\" data-end=\"1173\">Erics Zahlen sprechen f\u00fcr sich:<\/p>\n<p data-start=\"1175\" data-end=\"1232\">\ud83e\udd45 <strong data-start=\"1178\" data-end=\"1198\">93,7 % Fangquote<\/strong><br data-start=\"1198\" data-end=\"1201\" \/>\ud83e\udd45 <strong data-start=\"1204\" data-end=\"1232\">1,95 Gegentore pro Spiel<\/strong><\/p>\n<p data-start=\"1234\" data-end=\"1423\">Dabei funktionierte das Gespann nicht nur deshalb so gut, weil beide Keeper starke Leistungen zeigten. Der Konkurrenzkampf tat beiden gut \u2013 sie pushten sich gegenseitig zu H\u00f6chstleistungen.<\/p>\n<p data-start=\"1425\" data-end=\"1481\">Genau darauf setzt auch der Sportdirektor Daniel Kruggel:<\/p>\n<blockquote data-start=\"1483\" data-end=\"1793\">\n<p data-start=\"1485\" data-end=\"1793\">\u201eMarks und Eric haben im vergangenen Jahr gezeigt, wie wertvoll zwei starke Torh\u00fcter f\u00fcr eine Mannschaft sind. Beide wollen spielen und beide wollen gewinnen. Dieser Konkurrenzkampf hat sie besser gemacht. Wir hoffen nat\u00fcrlich, dass sie sich auch in der neuen Saison gegenseitig zu Top-Leistungen antreiben.\u201c<\/p>\n<\/blockquote>\n<hr \/>\n<h2 data-section-id=\"1bjl2mt\" data-start=\"1795\" data-end=\"1822\">VON DEN EISB\u00c4REN ZU FASS<\/h2>\n<p data-start=\"1824\" data-end=\"1961\">Seine Ausbildung erhielt Eric bei den Eisb\u00e4ren Juniors. Dort durchlief er den Nachwuchs und war zuletzt Stammtorh\u00fcter der U20 in der DNL.<\/p>\n<p data-start=\"1963\" data-end=\"2164\">Anschlie\u00dfend sammelte er Erfahrungen bei den Lausitzer F\u00fcchsen in der DEL2 sowie bei den Rostock Piranhas und den Saale Bulls Halle in der Oberliga Nord, bevor sein Weg ins Erika-He\u00df-Eisstadion f\u00fchrte.<\/p>\n<p data-start=\"2166\" data-end=\"2282\">Dort geht er nun in seine vierte Saison \u2013 und will mit FASS auch in der neuen Regionalliga Nordost wieder angreifen.<\/p>\n<hr \/>\n<h2 data-section-id=\"yqvans\" data-start=\"2284\" data-end=\"2321\">KUKKO UND FASS \u2013 PARTNER SEIT 2022<\/h2>\n<p data-start=\"2323\" data-end=\"2432\">Pr\u00e4sentiert wird Eric Steffen von <strong data-start=\"2357\" data-end=\"2366\">KUKKO<\/strong>, dem finnischen Bier aus der traditionsreichen Laitilan Brauerei.<\/p>\n<p data-start=\"2434\" data-end=\"2571\">KUKKO ist glutenfrei und bietet neben den klassischen Bieren auch verschiedene alkoholfreie Sorten, die sich gro\u00dfer Beliebtheit erfreuen.<\/p>\n<p data-start=\"2573\" data-end=\"2715\">Seit 2022 begleitet KUKKO FASS Berlin als Partner und war in der vergangenen Saison unter anderem Pr\u00e4sentator des <strong data-start=\"2687\" data-end=\"2714\">ersten FASS-WinterGames<\/strong>.<\/p>\n<p data-start=\"2717\" data-end=\"2769\"><strong data-start=\"2717\" data-end=\"2769\">Kippis \u2013 und danke f\u00fcr die Unterst\u00fctzung! \ud83c\uddeb\ud83c\uddee\ud83c\udf7a<\/strong><\/p>\n<hr \/>\n<h2 data-section-id=\"1u2bec8\" data-start=\"2771\" data-end=\"2803\">DER 19. SEPTEMBER R\u00dcCKT N\u00c4HER<\/h2>\n<p data-start=\"2805\" data-end=\"2926\">Dann pr\u00e4sentiert sich unsere neue Mannschaft gegen die Beach Devils Timmendorfer Strand erstmals vor heimischem Publikum.<\/p>\n<p data-start=\"2928\" data-end=\"3070\"><strong data-start=\"2928\" data-end=\"3070\">Saisontickets sind bereits <a href=\"https:\/\/pretix.eu\/fass\/2026-27\/\">im FASS-Ticketshop erh\u00e4ltlich<\/a>. Und ab sofort gibt es dort auch Tagestickets f\u00fcr unsere Heimspiele.<\/strong><\/p>\n<p data-start=\"3072\" data-end=\"3158\">Und wir hatten bereits angek\u00fcndigt: Der 19. September wird mehr als nur ein Testspiel.<\/p>\n<p data-start=\"3160\" data-end=\"3286\"><strong data-start=\"3160\" data-end=\"3286\">An diesem Abend werden wir auch einen wichtigen n\u00e4chsten Schritt f\u00fcr die weitere Entwicklung von FASS Berlin pr\u00e4sentieren.<\/strong><\/p>\n<p data-start=\"3288\" data-end=\"3321\">Noch verraten wir nicht, welchen.<\/p>\n<p data-start=\"3323\" data-end=\"3432\">\ud83c\udf9f\ufe0f <strong data-start=\"3327\" data-end=\"3364\">Saisontickets: bereits erh\u00e4ltlich<\/strong><br data-start=\"3364\" data-end=\"3367\" \/>\ud83c\udf9f\ufe0f <strong data-start=\"3371\" data-end=\"3404\">Tagestickets: ab sofort erh\u00e4ltlich<\/strong><br data-start=\"3404\" data-end=\"3407\" \/><a href=\"https:\/\/pretix.eu\/fass\/2026-27\/\"><img loading=\"lazy\" decoding=\"async\" class=\"alignnone wp-image-24658 size-full\" src=\"https:\/\/www.fass-berlin.de\/wp-content\/uploads\/2026\/08\/Ticketshop-Ice-Heart-Team-1-e1787313699321.jpg\" alt=\"\" width=\"841\" height=\"440\" srcset=\"https:\/\/www.fass-berlin.de\/wp-content\/uploads\/2026\/08\/Ticketshop-Ice-Heart-Team-1-e1787313699321.jpg 841w, https:\/\/www.fass-berlin.de\/wp-content\/uploads\/2026\/08\/Ticketshop-Ice-Heart-Team-1-e1787313699321-300x157.jpg 300w, https:\/\/www.fass-berlin.de\/wp-content\/uploads\/2026\/08\/Ticketshop-Ice-Heart-Team-1-e1787313699321-768x402.jpg 768w, https:\/\/www.fass-berlin.de\/wp-content\/uploads\/2026\/08\/Ticketshop-Ice-Heart-Team-1-e1787313699321-128x67.jpg 128w, https:\/\/www.fass-berlin.de\/wp-content\/uploads\/2026\/08\/Ticketshop-Ice-Heart-Team-1-e1787313699321-32x17.jpg 32w\" sizes=\"auto, (max-width: 841px) 100vw, 841px\" \/><\/a><\/p>\n","protected":false},"excerpt":{"rendered":"<p>Pr\u00e4sentiert von KUKKO \u2013 dem glutenfreien finnischen Bier aus der Laitilan Brauerei. KUKKO und FASS Berlin sind seit 2022 Partner. Marks bleibt. Eric bleibt. Damit steht fest: FASS Berlin geht auch in der neuen Regionalliga Nordost mit dem Torh\u00fcterduo Marks Slavinskis-Repe und Eric Steffen in die Saison. Der 25-j\u00e4hrige Steffen kam 2023 zu FASS und [&hellip;]<\/p>\n","protected":false},"author":15,"featured_media":25052,"comment_status":"open","ping_status":"open","sticky":false,"template":"","format":"standard","meta":{"_exactmetrics_skip_tracking":false,"_jetpack_newsletter_access":"","_jetpack_dont_email_post_to_subs":false,"_jetpack_newsletter_tier_id":0,"_jetpack_memberships_contains_paywalled_content":false,"_jetpack_feature_clip_id":0,"_jetpack_memberships_contains_paid_content":false,"footnotes":"","jetpack_publicize_message":"","jetpack_publicize_feature_enabled":true,"jetpack_social_post_already_shared":true,"jetpack_social_options":{"image_generator_settings":{"template":"highway","default_image_id":0,"font":"","enabled":false},"version":2},"jetpack_post_was_ever_published":false},"categories":[1088],"tags":[],"class_list":["post-25051","post","type-post","status-publish","format-standard","has-post-thumbnail","hentry","category-regionalliga-nordost"],"jetpack_publicize_connections":[],"jetpack_sharing_enabled":true,"jetpack_shortlink":"https:\/\/wp.me\/paiOCx-6w3","jetpack_likes_enabled":true,"jetpack-related-posts":[],"jetpack_featured_media_url":"https:\/\/www.fass-berlin.de\/wp-content\/uploads\/2026\/08\/164608.png","_links":{"self":[{"href":"https:\/\/www.fass-berlin.de\/startseite\/wp-json\/wp\/v2\/posts\/25051","targetHints":{"allow":["GET"]}}],"collection":[{"href":"https:\/\/www.fass-berlin.de\/startseite\/wp-json\/wp\/v2\/posts"}],"about":[{"href":"https:\/\/www.fass-berlin.de\/startseite\/wp-json\/wp\/v2\/types\/post"}],"author":[{"embeddable":true,"href":"https:\/\/www.fass-berlin.de\/startseite\/wp-json\/wp\/v2\/users\/15"}],"replies":[{"embeddable":true,"href":"https:\/\/www.fass-berlin.de\/startseite\/wp-json\/wp\/v2\/comments?post=25051"}],"version-history":[{"count":2,"href":"https:\/\/www.fass-berlin.de\/startseite\/wp-json\/wp\/v2\/posts\/25051\/revisions"}],"predecessor-version":[{"id":25055,"href":"https:\/\/www.fass-berlin.de\/startseite\/wp-json\/wp\/v2\/posts\/25051\/revisions\/25055"}],"wp:featuredmedia":[{"embeddable":true,"href":"https:\/\/www.fass-berlin.de\/startseite\/wp-json\/wp\/v2\/media\/25052"}],"wp:attachment":[{"href":"https:\/\/www.fass-berlin.de\/startseite\/wp-json\/wp\/v2\/media?parent=25051"}],"wp:term":[{"taxonomy":"category","embeddable":true,"href":"https:\/\/www.fass-berlin.de\/startseite\/wp-json\/wp\/v2\/categories?post=25051"},{"taxonomy":"post_tag","embeddable":true,"href":"https:\/\/www.fass-berlin.de\/startseite\/wp-json\/wp\/v2\/tags?post=25051"}],"curies":[{"name":"wp","href":"https:\/\/api.w.org\/{rel}","templated":true}]}}