{"id":25079,"date":"2026-09-05T22:08:11","date_gmt":"2026-09-05T20:08:11","guid":{"rendered":"https:\/\/www.fass-berlin.de\/startseite\/?p=25079"},"modified":"2026-09-05T22:08:11","modified_gmt":"2026-09-05T20:08:11","slug":"zurueck-in-berlin-aleksej-abramov-kommt-zu-fass","status":"publish","type":"post","link":"https:\/\/www.fass-berlin.de\/startseite\/2026\/09\/05\/zurueck-in-berlin-aleksej-abramov-kommt-zu-fass\/","title":{"rendered":"Zur\u00fcck in Berlin: Aleksej Abramov kommt zu FASS"},"content":{"rendered":"<p class=\"PDq2pG_selectionAnchorContainer\" data-start=\"424\" data-end=\"591\"><strong data-start=\"424\" data-end=\"591\">Pr\u00e4sentiert von unserem Partner Der Berg ruft \/ BoarderLine \u2013 Sportfachgesch\u00e4ft mit gro\u00dfer Markenauswahl, Mietservice und Onlineshop in der Schlesischen Stra\u00dfe 26.<\/strong><\/p>\n<hr \/>\n<p data-start=\"593\" data-end=\"645\">Ein weiterer junger Angreifer verst\u00e4rkt FASS Berlin.<\/p>\n<p data-start=\"647\" data-end=\"866\"><strong data-start=\"647\" data-end=\"751\">Aleksej Abramov wechselt von den Icefighters Leipzig aus der Oberliga Nord ins Erika-He\u00df-Eisstadion.<\/strong> Der 20-J\u00e4hrige kehrt damit in seine Heimatstadt zur\u00fcck und wird in der kommenden Saison mit der #73 f\u00fcr FASS Berlin auflaufen.<\/p>\n<hr \/>\n<h2 data-section-id=\"1ijzhb2\" data-start=\"868\" data-end=\"912\">VON BERLIN DURCH DEUTSCHLAND \u2013 UND ZUR\u00dcCK<\/h2>\n<p data-start=\"914\" data-end=\"1057\">Aleksej wurde in Berlin geboren und verbrachte einen gro\u00dfen Teil seiner Nachwuchszeit bei den Eisb\u00e4ren Juniors, f\u00fcr die er bis zur U17 spielte.<\/p>\n<p data-start=\"1059\" data-end=\"1207\">Anschlie\u00dfend f\u00fchrte ihn sein Weg zu zwei weiteren gro\u00dfen deutschen Nachwuchsprogrammen: zun\u00e4chst zu den K\u00f6lner Junghaien und danach zur D\u00fcsseldorfer EG.<\/p>\n<p data-start=\"1209\" data-end=\"1362\">In der vergangenen Saison spielte der 1,88 Meter gro\u00dfe Angreifer f\u00fcr die Icefighters Leipzig in der Oberliga Nord und f\u00fcr den ESC Dresden in der U20 DNL.<\/p>\n<p data-start=\"1364\" data-end=\"1485\">Jetzt schlie\u00dft sich der Kreis: Aleksej kehrt nach Berlin zur\u00fcck, wo er neben dem Eishockey eine Ausbildung beginnen wird.<\/p>\n<hr \/>\n<h2 data-section-id=\"bqz930\" data-start=\"1487\" data-end=\"1522\">EIN JUNGER SPIELER MIT POTENZIAL<\/h2>\n<p data-start=\"1524\" data-end=\"1553\">Sportdirektor Daniel Kruggel:<\/p>\n<blockquote data-start=\"1555\" data-end=\"1882\">\n<p data-start=\"1557\" data-end=\"1882\">Aleksej hat eine sehr gute Nachwuchsausbildung genossen und mit seinen 20 Jahren noch viel Entwicklung vor sich. Er bringt mit 1,88 Meter gute k\u00f6rperliche Voraussetzungen mit und hat bereits erste Erfahrungen im Seniorenbereich gesammelt. Jetzt wollen wir ihm bei FASS die M\u00f6glichkeit geben, den n\u00e4chsten Schritt zu machen.<\/p>\n<\/blockquote>\n<p data-start=\"1884\" data-end=\"1967\">F\u00fcr den jungen Angreifer beginnt damit ein neues Kapitel \u2013 sportlich und beruflich.<\/p>\n<p data-start=\"1969\" data-end=\"2017\"><strong data-start=\"1969\" data-end=\"2010\">Willkommen zur\u00fcck in Berlin, Aleksej!<\/strong> \ud83c\udfd2\u2764\ufe0f\ud83d\udda4<\/p>\n<hr \/>\n<h2 data-section-id=\"1ps1dgc\" data-start=\"2019\" data-end=\"2051\">TICKETS F\u00dcR DEN 19. SEPTEMBER<\/h2>\n<p data-start=\"2053\" data-end=\"2253\">In zwei Wochen pr\u00e4sentiert sich die neue FASS-Mannschaft erstmals vor heimischem Publikum. Am <strong data-start=\"2147\" data-end=\"2177\">19. September um 19:00 Uhr<\/strong> empfangen wir die Beach Devils Timmendorfer Strand im Erika-He\u00df-Eisstadion.<\/p>\n<p data-start=\"2255\" data-end=\"2329\"><strong data-start=\"2255\" data-end=\"2329\">\ud83c\udf9f\ufe0f Saison- und Tagestickets sind im FASS-Ticketshop erh\u00e4ltlich.<\/strong><\/p>\n<p data-start=\"2331\" data-end=\"2404\">Und inzwischen d\u00fcrfen wir \u00fcber diesen Abend auch ein wenig mehr verraten:<\/p>\n<p data-start=\"2406\" data-end=\"2535\"><strong data-start=\"2406\" data-end=\"2535\">Beim ersten Heimspiel werden wir einen Partner vorstellen, mit dem f\u00fcr FASS Berlin ein ganz besonderes Kapitel beginnt.<\/strong><\/p>\n<p data-start=\"2537\" data-end=\"2595\">Wer es ist? Das bleibt noch ein paar Tage unser Geheimnis.<\/p>\n","protected":false},"excerpt":{"rendered":"<p>Pr\u00e4sentiert von unserem Partner Der Berg ruft \/ BoarderLine \u2013 Sportfachgesch\u00e4ft mit gro\u00dfer Markenauswahl, Mietservice und Onlineshop in der Schlesischen Stra\u00dfe 26. Ein weiterer junger Angreifer verst\u00e4rkt FASS Berlin. Aleksej Abramov wechselt von den Icefighters Leipzig aus der Oberliga Nord ins Erika-He\u00df-Eisstadion. Der 20-J\u00e4hrige kehrt damit in seine Heimatstadt zur\u00fcck und wird in der kommenden [&hellip;]<\/p>\n","protected":false},"author":15,"featured_media":25080,"comment_status":"open","ping_status":"open","sticky":false,"template":"","format":"standard","meta":{"_exactmetrics_skip_tracking":false,"_jetpack_newsletter_access":"","_jetpack_dont_email_post_to_subs":false,"_jetpack_newsletter_tier_id":0,"_jetpack_memberships_contains_paywalled_content":false,"_jetpack_feature_clip_id":0,"_jetpack_memberships_contains_paid_content":false,"footnotes":"","jetpack_publicize_message":"","jetpack_publicize_feature_enabled":true,"jetpack_social_post_already_shared":true,"jetpack_social_options":{"image_generator_settings":{"template":"highway","default_image_id":0,"font":"","enabled":false},"version":2},"jetpack_post_was_ever_published":false},"categories":[1088],"tags":[],"class_list":["post-25079","post","type-post","status-publish","format-standard","has-post-thumbnail","hentry","category-regionalliga-nordost"],"jetpack_publicize_connections":[],"jetpack_sharing_enabled":true,"jetpack_shortlink":"https:\/\/wp.me\/paiOCx-6wv","jetpack_likes_enabled":true,"jetpack-related-posts":[],"jetpack_featured_media_url":"https:\/\/www.fass-berlin.de\/wp-content\/uploads\/2026\/09\/Aleksej-Abramov-Beitrag.jpg","_links":{"self":[{"href":"https:\/\/www.fass-berlin.de\/startseite\/wp-json\/wp\/v2\/posts\/25079","targetHints":{"allow":["GET"]}}],"collection":[{"href":"https:\/\/www.fass-berlin.de\/startseite\/wp-json\/wp\/v2\/posts"}],"about":[{"href":"https:\/\/www.fass-berlin.de\/startseite\/wp-json\/wp\/v2\/types\/post"}],"author":[{"embeddable":true,"href":"https:\/\/www.fass-berlin.de\/startseite\/wp-json\/wp\/v2\/users\/15"}],"replies":[{"embeddable":true,"href":"https:\/\/www.fass-berlin.de\/startseite\/wp-json\/wp\/v2\/comments?post=25079"}],"version-history":[{"count":1,"href":"https:\/\/www.fass-berlin.de\/startseite\/wp-json\/wp\/v2\/posts\/25079\/revisions"}],"predecessor-version":[{"id":25082,"href":"https:\/\/www.fass-berlin.de\/startseite\/wp-json\/wp\/v2\/posts\/25079\/revisions\/25082"}],"wp:featuredmedia":[{"embeddable":true,"href":"https:\/\/www.fass-berlin.de\/startseite\/wp-json\/wp\/v2\/media\/25080"}],"wp:attachment":[{"href":"https:\/\/www.fass-berlin.de\/startseite\/wp-json\/wp\/v2\/media?parent=25079"}],"wp:term":[{"taxonomy":"category","embeddable":true,"href":"https:\/\/www.fass-berlin.de\/startseite\/wp-json\/wp\/v2\/categories?post=25079"},{"taxonomy":"post_tag","embeddable":true,"href":"https:\/\/www.fass-berlin.de\/startseite\/wp-json\/wp\/v2\/tags?post=25079"}],"curies":[{"name":"wp","href":"https:\/\/api.w.org\/{rel}","templated":true}]}}