{"id":25084,"date":"2026-09-06T15:24:16","date_gmt":"2026-09-06T13:24:16","guid":{"rendered":"https:\/\/www.fass-berlin.de\/startseite\/?p=25084"},"modified":"2026-09-06T15:24:16","modified_gmt":"2026-09-06T13:24:16","slug":"bleibt-henry-ja","status":"publish","type":"post","link":"https:\/\/www.fass-berlin.de\/startseite\/2026\/09\/06\/bleibt-henry-ja\/","title":{"rendered":"Bleibt Henry? Ja!"},"content":{"rendered":"<p class=\"PDq2pG_selectionAnchorContainer\" data-start=\"547\" data-end=\"632\"><strong data-start=\"547\" data-end=\"632\">Pr\u00e4sentiert von unseren neuen Ausr\u00fcstungspartnern Hockeyshop Forster und Warrior.<\/strong><\/p>\n<hr \/>\n<p data-start=\"634\" data-end=\"703\">Viele haben uns in den vergangenen Wochen genau diese Frage gestellt:<\/p>\n<p data-start=\"705\" data-end=\"722\"><strong data-start=\"705\" data-end=\"722\">Bleibt Henry?<\/strong><\/p>\n<p data-start=\"724\" data-end=\"860\">Die Antwort lautet: <strong data-start=\"744\" data-end=\"860\">Ja! Henry Haase hat seinen Vertrag bei FASS Berlin verl\u00e4ngert und geht mit uns in die neue Regionalliga Nordost.<\/strong><\/p>\n<p data-start=\"862\" data-end=\"946\">Damit bleibt unserer Mannschaft einer der profiliertesten Spieler der Liga erhalten.<\/p>\n<hr \/>\n<h2 data-section-id=\"h0t9es\" data-start=\"948\" data-end=\"987\">511 DEL-SPIELE UND ACHT L\u00c4NDERSPIELE<\/h2>\n<p data-start=\"989\" data-end=\"1072\">\u00dcber Henrys sportliche Vita m\u00fcssen wir eigentlich nicht mehr viele Worte verlieren.<\/p>\n<p data-start=\"1074\" data-end=\"1209\">\ud83c\udfd2 <strong data-start=\"1077\" data-end=\"1095\">511 DEL-Spiele<\/strong> f\u00fcr die Eisb\u00e4ren Berlin, die D\u00fcsseldorfer EG und die Augsburger Panther<br data-start=\"1167\" data-end=\"1170\" \/>\ud83c\udde9\ud83c\uddea <strong data-start=\"1175\" data-end=\"1193\">8 L\u00e4nderspiele<\/strong> f\u00fcr Deutschland<\/p>\n<p data-start=\"1211\" data-end=\"1267\">Doch seine Verbindung zu FASS reicht weiter zur\u00fcck.<\/p>\n<p data-start=\"1269\" data-end=\"1498\">Bereits 2009 lief der damals 16j\u00e4hrige im Rahmen der Kooperation mit den Eisb\u00e4ren erstmals im rot-wei\u00df-schwarzen Trikot auf. Bis 2013 absolvierte er <strong data-start=\"1419\" data-end=\"1448\">93 Spiele f\u00fcr FASS Berlin<\/strong>, ehe seine Profikarriere volle Fahrt aufnahm.<\/p>\n<p data-start=\"1500\" data-end=\"1702\">2023 kehrte Henry ins Erika-He\u00df-Eisstadion zur\u00fcck. Nach einem Abstecher zu den inzwischen vom Spielbetrieb abgemeldeten Regio-Eisb\u00e4ren ist er nun wieder fest bei FASS angekommen.<\/p>\n<hr \/>\n<h2 data-section-id=\"lb33fy\" data-start=\"1704\" data-end=\"1739\">JETZT WOLLEN WIR DAS VOLLE PAKET<\/h2>\n<p data-start=\"1741\" data-end=\"1919\">In der vergangenen Saison konnte Henry aufgrund seiner Ausbildung insbesondere in den ersten Monaten nur eingeschr\u00e4nkt zur Verf\u00fcgung stehen. Am Ende standen 19 Eins\u00e4tze zu Buche.<\/p>\n<p data-start=\"1921\" data-end=\"1970\">In dieser Saison sind die Voraussetzungen andere.<\/p>\n<p data-start=\"1972\" data-end=\"2001\">Sportdirektor Daniel Kruggel:<\/p>\n<blockquote data-start=\"2003\" data-end=\"2399\">\n<p data-start=\"2005\" data-end=\"2399\">\u00dcber Henrys Qualit\u00e4t m\u00fcssen wir nicht diskutieren. Ein Spieler mit mehr als 500 DEL-Spielen ist auf unserem Niveau etwas Besonderes. Im vergangenen Jahr konnte er uns vor allem bis Weihnachten nur eingeschr\u00e4nkt helfen. Umso mehr freuen wir uns darauf, ihn jetzt wieder regelm\u00e4\u00dfig auf dem Eis zu sehen. Von Henry erwarten wir in dieser Saison das volle Paket.<\/p>\n<\/blockquote>\n<p data-start=\"2401\" data-end=\"2674\">Mit 33 Jahren bringt der Defender dabei nicht nur au\u00dfergew\u00f6hnliche Erfahrung mit. Seine Qualit\u00e4t am Puck, seine k\u00f6rperliche Pr\u00e4senz und seine F\u00e4higkeit, ein Spiel von hinten heraus zu gestalten, geben unserer Mannschaft M\u00f6glichkeiten, die auf diesem Niveau nur wenige Teams besitzen.<\/p>\n<p data-start=\"2676\" data-end=\"2737\"><strong data-start=\"2676\" data-end=\"2730\">Henry bleibt. Und dar\u00fcber freuen wir uns ziemlich.<\/strong> \ud83c\udfd2\u2764\ufe0f\ud83d\udda4<\/p>\n<hr \/>\n<h2 data-section-id=\"10ogd7g\" data-start=\"2739\" data-end=\"2772\">19. SEPTEMBER: ES WIRD GR\u00d6SSER<\/h2>\n<p data-start=\"2774\" data-end=\"2903\">Am <strong data-start=\"2777\" data-end=\"2807\">19. September um 19:00 Uhr<\/strong> steht gegen die Beach Devils Timmendorfer Strand unser erster Heimauftritt der neuen Saison an.<\/p>\n<p data-start=\"2905\" data-end=\"2969\">Saison- und Tagestickets gibt es bereits im <strong data-start=\"2949\" data-end=\"2968\">FASS-Ticketshop<\/strong>. Kauft Eure Tickets vorab, damit k\u00f6nnt Ihr Wartezeiten am Einlass erheblich reduzieren. Es wird nur der QR-Code gescannt &#8211; fertig.<\/p>\n<p data-start=\"2971\" data-end=\"3096\">Dass wir an diesem Abend noch etwas Besonderes vorhaben, haben wir inzwischen verraten. Heute gehen wir einen Schritt weiter:<\/p>\n<p data-start=\"3098\" data-end=\"3317\"><strong data-start=\"3098\" data-end=\"3317\">Die Verantwortlichen bei FASS Berlin halten das, was wir am 19. September pr\u00e4sentieren werden, f\u00fcr ebenso bedeutend f\u00fcr die Entwicklung unseres Vereins wie die drei Meisterschaften der vergangenen Jahre.<\/strong><\/p>\n<p data-start=\"3319\" data-end=\"3335\">Das klingt gro\u00df.<\/p>\n<p data-start=\"3337\" data-end=\"3353\"><strong data-start=\"3337\" data-end=\"3353\">Ist es auch.<\/strong><\/p>\n<p data-start=\"3355\" data-end=\"3435\">Mehr gibt es heute noch nicht. Am <strong data-start=\"3389\" data-end=\"3406\">17. September<\/strong> l\u00f6sen wir das Geheimnis auf.<\/p>\n","protected":false},"excerpt":{"rendered":"<p>Pr\u00e4sentiert von unseren neuen Ausr\u00fcstungspartnern Hockeyshop Forster und Warrior. Viele haben uns in den vergangenen Wochen genau diese Frage gestellt: Bleibt Henry? Die Antwort lautet: Ja! Henry Haase hat seinen Vertrag bei FASS Berlin verl\u00e4ngert und geht mit uns in die neue Regionalliga Nordost. Damit bleibt unserer Mannschaft einer der profiliertesten Spieler der Liga erhalten. [&hellip;]<\/p>\n","protected":false},"author":15,"featured_media":25081,"comment_status":"open","ping_status":"open","sticky":false,"template":"","format":"standard","meta":{"_exactmetrics_skip_tracking":false,"_jetpack_newsletter_access":"","_jetpack_dont_email_post_to_subs":false,"_jetpack_newsletter_tier_id":0,"_jetpack_memberships_contains_paywalled_content":false,"_jetpack_feature_clip_id":0,"_jetpack_memberships_contains_paid_content":false,"footnotes":"","jetpack_publicize_message":"","jetpack_publicize_feature_enabled":true,"jetpack_social_post_already_shared":true,"jetpack_social_options":{"image_generator_settings":{"template":"highway","default_image_id":0,"font":"","enabled":false},"version":2},"jetpack_post_was_ever_published":false},"categories":[1088],"tags":[],"class_list":["post-25084","post","type-post","status-publish","format-standard","has-post-thumbnail","hentry","category-regionalliga-nordost"],"jetpack_publicize_connections":[],"jetpack_sharing_enabled":true,"jetpack_shortlink":"https:\/\/wp.me\/paiOCx-6wA","jetpack_likes_enabled":true,"jetpack-related-posts":[],"jetpack_featured_media_url":"https:\/\/www.fass-berlin.de\/wp-content\/uploads\/2026\/09\/Henry-Haase-Beitrag.jpg","_links":{"self":[{"href":"https:\/\/www.fass-berlin.de\/startseite\/wp-json\/wp\/v2\/posts\/25084","targetHints":{"allow":["GET"]}}],"collection":[{"href":"https:\/\/www.fass-berlin.de\/startseite\/wp-json\/wp\/v2\/posts"}],"about":[{"href":"https:\/\/www.fass-berlin.de\/startseite\/wp-json\/wp\/v2\/types\/post"}],"author":[{"embeddable":true,"href":"https:\/\/www.fass-berlin.de\/startseite\/wp-json\/wp\/v2\/users\/15"}],"replies":[{"embeddable":true,"href":"https:\/\/www.fass-berlin.de\/startseite\/wp-json\/wp\/v2\/comments?post=25084"}],"version-history":[{"count":3,"href":"https:\/\/www.fass-berlin.de\/startseite\/wp-json\/wp\/v2\/posts\/25084\/revisions"}],"predecessor-version":[{"id":25089,"href":"https:\/\/www.fass-berlin.de\/startseite\/wp-json\/wp\/v2\/posts\/25084\/revisions\/25089"}],"wp:featuredmedia":[{"embeddable":true,"href":"https:\/\/www.fass-berlin.de\/startseite\/wp-json\/wp\/v2\/media\/25081"}],"wp:attachment":[{"href":"https:\/\/www.fass-berlin.de\/startseite\/wp-json\/wp\/v2\/media?parent=25084"}],"wp:term":[{"taxonomy":"category","embeddable":true,"href":"https:\/\/www.fass-berlin.de\/startseite\/wp-json\/wp\/v2\/categories?post=25084"},{"taxonomy":"post_tag","embeddable":true,"href":"https:\/\/www.fass-berlin.de\/startseite\/wp-json\/wp\/v2\/tags?post=25084"}],"curies":[{"name":"wp","href":"https:\/\/api.w.org\/{rel}","templated":true}]}}