{"id":2521,"date":"2018-09-15T20:54:48","date_gmt":"2018-09-15T18:54:48","guid":{"rendered":"https:\/\/www.fass-berlin.de\/startseite\/?p=2521"},"modified":"2018-09-16T10:30:25","modified_gmt":"2018-09-16T08:30:25","slug":"5-tore-zur-saisoneroeffnung","status":"publish","type":"post","link":"https:\/\/www.fass-berlin.de\/startseite\/2018\/09\/15\/5-tore-zur-saisoneroeffnung\/","title":{"rendered":"5 Tore zur Saisoner\u00f6ffnung"},"content":{"rendered":"<figure id=\"attachment_2524\" aria-describedby=\"caption-attachment-2524\" style=\"width: 200px\" class=\"wp-caption alignright\"><img loading=\"lazy\" decoding=\"async\" class=\"size-medium wp-image-2524\" src=\"https:\/\/www.fass-berlin.de\/wp-content\/uploads\/2018\/09\/20180915-IMG_2983-200x300.jpg\" alt=\"\" width=\"200\" height=\"300\" srcset=\"https:\/\/www.fass-berlin.de\/wp-content\/uploads\/2018\/09\/20180915-IMG_2983-200x300.jpg 200w, https:\/\/www.fass-berlin.de\/wp-content\/uploads\/2018\/09\/20180915-IMG_2983-600x900.jpg 600w, https:\/\/www.fass-berlin.de\/wp-content\/uploads\/2018\/09\/20180915-IMG_2983-768x1152.jpg 768w, https:\/\/www.fass-berlin.de\/wp-content\/uploads\/2018\/09\/20180915-IMG_2983-683x1024.jpg 683w, https:\/\/www.fass-berlin.de\/wp-content\/uploads\/2018\/09\/20180915-IMG_2983-85x128.jpg 85w, https:\/\/www.fass-berlin.de\/wp-content\/uploads\/2018\/09\/20180915-IMG_2983-21x32.jpg 21w, https:\/\/www.fass-berlin.de\/wp-content\/uploads\/2018\/09\/20180915-IMG_2983.jpg 1200w\" sizes=\"auto, (max-width: 200px) 100vw, 200px\" \/><figcaption id=\"caption-attachment-2524\" class=\"wp-caption-text\">Wolfgang &#8222;Bulle&#8220; Rohrbeck, Foto: Christiane Kuhn<\/figcaption><\/figure>\n<p><strong>Mit 5:0 (1:0, 2:0,2:0) ging heute das Testspiel von <a href=\"https:\/\/www.fass-berlin.de\/startseite\/event\/fass-vs-juniors\/\">FASS Berlin gegen das Landesliga-Team der Eisb\u00e4ren Juniors<\/a> aus. Ein erwartbarer Sieg mit einem Shutout f\u00fcr FASS-Goalie Patrick Hoffmann, der heute das gesamte Spiel \u00fcber den Kasten der Akademiker h\u00fctete.<\/strong><\/p>\n<h5>Saisoner\u00f6ffnung 2018\/2019<\/h5>\n<p>Nach einem morgendlichen offenen Training f\u00fcr den Nachwuchsbereich und einer ausf\u00fchrlichen Pr\u00e4sentation des Teams der aktuellen Saison\u00a0 durch Christoph &#8222;Scholle&#8220; Scholz, dem neuen Stadionsprecher der Saison 2018\/2019 im Erika-He\u00df-Eisstadion, dem vorangegangenen Team-Fotoshooting und der Tombola war die Zeit nun reif f\u00fcr den Start in die neue Saison.<\/p>\n<p>Den offiziellen ersten Bully der Saison 2018\/2019 nahm Wolfang &#8222;Bulle&#8220; Rohrbeck vor, der in der Zeit von 1973 bis 1994 232 Spiele f\u00fcr FASS Berlin in der Landesliga, Regionalliga und auch Oberliga bestritten hat und mit einer Spielerkarriere von insgesamt 21 Jahren bei FASS Berlin derzeit der Rekordhalter unter den &#8222;Dauerbrennern&#8220; ist.<\/p>\n<div id=\"su_slider_69ec84fb806d7\" class=\"su-slider su-slider-centered su-slider-pages-no su-slider-responsive-yes\" style=\"width:100%\" data-autoplay=\"3000\" data-speed=\"600\" data-mousewheel=\"false\"><div class=\"su-slider-slides\"><div class=\"su-slider-slide\"><a><img decoding=\"async\" src=\"https:\/\/www.fass-berlin.de\/wp-content\/uploads\/2018\/09\/20180915-IMG_2967-600x300.jpg\" alt=\"&#8222;Bulle&#8220; Rohrbeck beim offiziellen Anbully, Foto: Christiane Kuhn\" \/><span class=\"su-slider-slide-title\">&#8222;Bulle&#8220; Rohrbeck beim offiziellen Anbully, Foto: Christiane Kuhn<\/span><\/a><\/div><div class=\"su-slider-slide\"><a><img decoding=\"async\" src=\"https:\/\/www.fass-berlin.de\/wp-content\/uploads\/2018\/09\/20180915-IMG_2977-600x300.jpg\" alt=\"&#8222;Bulle&#8220; Rohrbeck beim offiziellen Anbully, Foto: Christiane Kuhn\" \/><span class=\"su-slider-slide-title\">&#8222;Bulle&#8220; Rohrbeck beim offiziellen Anbully, Foto: Christiane Kuhn<\/span><\/a><\/div><\/div><div class=\"su-slider-nav\"><div class=\"su-slider-direction\"><span class=\"su-slider-prev\"><\/span><span class=\"su-slider-next\"><\/span><\/div><div class=\"su-slider-pagination\"><\/div><\/div><\/div>\n<h5>Das Spiel<\/h5>\n<p>Beide Teams starteten voller Elan ins Spiel, in dem die Eisb\u00e4ren Juniors insgesamt etwas robuster in der Spielweise waren als die Gastgeber aus dem Wedding.<br \/>\nDas erste Tor der er\u00f6ffneten\u00a0 Saison vor den 130 Zuschauern des Spiels geb\u00fchrte dann dem &#8222;Gastspieler&#8220; David Trivellato, der schon in der 4. Spielminute den ersten Treffer f\u00fcr den Regionalligisten markierte.<\/p>\n<p>Philipp L\u00fccke im Tor der Eisb\u00e4ren und Patrick Hoffmann im Tor der Akademiker waren aber durchaus gewillt, es den St\u00fcrmern der gegnerischen Vereine \u00e4u\u00dferst schwer zu machen ein Tor zu erzielen und so fielen im ersten Drittel trotz Chancen auf beiden Seiten keine weiteren Treffer.<\/p>\n<p>Angefeuert von den Cheerleadern des <a href=\"https:\/\/dance-deluxe.de\/\">DanceDeluxe-Teams<\/a> starteten beide Teams schwungvoll ins zweite Drittel, in dem die Akademiker nun das Heft fester in die Hand nahmen und auf dem Eis sp\u00fcrbar den Ton angaben. Die Verteidigung zeigte sich heute trotz der erkrankt fehlenden Timm und Eickmann deutlich stabiler als in der letzten Saison. Die Abteilung &#8222;Attacke&#8220;, der heute Richard Jansson und Patrick Czajka fehlten, kam insbesondere in der Spitzenreihe um Julian van Lijden in Spiellaune und es war vor allem Philipp L\u00fccke im Tor der Eisb\u00e4ren zu verdanken, dass nur zwei weitere Treffer f\u00fcr das Team aus dem Wedding fielen, die allesamt Nico Jentzsch vollstreckte.<\/p>\n<p>Im Schlussabschnitt warfen auch die Eisb\u00e4ren noch einmal alles in die Waagschale und erarbeiteten sich Chancen, doch Patrick Hoffman hielt seinen Kasten bis zur Schlusssirene sauber w\u00e4hrend sein Gegen\u00fcber noch zwei Treffer durch Steinbach und Jentzsch, der damit drei Treffer in diesem Spiel erzielte, hinnehmen musste.<\/p>\n<p>Alles in allem ein gutes Spiel, welches letztendlich durch die verbesserte Verteidigung von FASS Berlin entschieden wurde und in dem der Sturm erstmals etwas von dem in ihm schlummernden Potential an Topscorern zeigen konnte.<br \/>\nAm <a href=\"https:\/\/www.fass-berlin.de\/startseite\/event\/hsv-vs-fass\/\">22.09.2018 (18 Uhr, Volksbank Arena Hamburg) <\/a>testen sich die Akademiker nochmals gegen den HSV, ein Team auf Augenh\u00f6he aus der Regionalliga Nord, bevor am 29.09. Mit dem Heimspiel am 29.09.2018 gegen die Saale Bulls beginnt dann der Ernst der Regionalliga.<\/p>\n<p><center><a title=\"RLO 18\/19 FASS Berlin - Eisb\u00e4ren Juniors\" href=\"https:\/\/www.flickr.com\/photos\/141067170@N06\/albums\/72157673450793638\" data-flickr-embed=\"true\" data-header=\"true\" data-footer=\"true\"><img loading=\"lazy\" decoding=\"async\" src=\"https:\/\/farm2.staticflickr.com\/1895\/29762386867_252d5659ac_b.jpg\" alt=\"RLO 18\/19 FASS Berlin - Eisb\u00e4ren Juniors\" width=\"683\" height=\"1024\" \/><\/a><script async src=\"\/\/embedr.flickr.com\/assets\/client-code.js\" charset=\"utf-8\"><\/script><\/center>&nbsp;<\/p>\n<div class=\"sportspress\"><div class=\"sp-template sp-template-event-results\">\n\t<h4 class=\"sp-table-caption\">Ergebnisse<\/h4><div class=\"sp-table-wrapper\"><table class=\"sp-event-results sp-data-table sp-scrollable-table\"><thead><th class=\"data-name\">Mannschaft<\/th><th class=\"data-first\">1st<\/th><th class=\"data-second\">2nd<\/th><th class=\"data-third\">3rd<\/th><th class=\"data-goals\">T<\/th><th class=\"data-outcome\">Spielausgang<\/th><\/tr><\/thead><tbody><tr class=\"odd\"><td class=\"data-name\"><a href=\"https:\/\/www.fass-berlin.de\/startseite\/team\/fass\/fass-berlin-2\/\">FASS Berlin<\/a><\/td><td class=\"data-first\">1<\/td><td class=\"data-second\">2<\/td><td class=\"data-third\">2<\/td><td class=\"data-goals\">5<\/td><td class=\"data-outcome\">W<\/td><\/tr><tr class=\"even\"><td class=\"data-name\"><a href=\"https:\/\/www.fass-berlin.de\/startseite\/team\/eisbaeren-juniors-berlin\/\">Eisb\u00e4ren Juniors<\/a><\/td><td class=\"data-first\">0<\/td><td class=\"data-second\">0<\/td><td class=\"data-third\">0<\/td><td class=\"data-goals\">0<\/td><td class=\"data-outcome\">L<\/td><\/tr><\/tbody><\/table><\/div><\/div>\n<\/div>\n<p>Schiedsrichter: E. Posacki &#8211; A. Betnerowicz, D. Schulz<br \/>\nStrafen: FASS 4 (0\/0\/4), EJB 10 (0\/8\/2)<br \/>\nZuschauer: 130<br \/>\nTore:<br \/>\n1:0 (03:03) D. Trivellato (P. Golz, F. Wagner);<br \/>\n2:0 (28:11) N. Jentzsch (J. v. Jijden); 3:0 (30:55) N. Jentzsch (P. Grunwald, Ch. Steinbach) PP1;<br \/>\n4:0 (57:16) Ch. Steinbach (G. G\u00f6rz, P. Grunwald); 5:0 (59:20) N. Jentzsch (N. Watzke, P. Neugebauer) PP1;<\/p>\n<p>&nbsp;<\/p>\n","protected":false},"excerpt":{"rendered":"<p>Mit 5:0 (1:0, 2:0,2:0) ging heute das Testspiel von FASS Berlin gegen das Landesliga-Team der Eisb\u00e4ren Juniors aus. Ein erwartbarer Sieg mit einem Shutout f\u00fcr FASS-Goalie Patrick Hoffmann, der heute das gesamte Spiel \u00fcber den Kasten der Akademiker h\u00fctete. Saisoner\u00f6ffnung 2018\/2019 Nach einem morgendlichen offenen Training f\u00fcr den Nachwuchsbereich und einer ausf\u00fchrlichen Pr\u00e4sentation des Teams [&hellip;]<\/p>\n","protected":false},"author":2,"featured_media":2523,"comment_status":"closed","ping_status":"closed","sticky":false,"template":"","format":"standard","meta":{"_exactmetrics_skip_tracking":false,"_exactmetrics_sitenote_active":false,"_exactmetrics_sitenote_note":"","_exactmetrics_sitenote_category":0,"jetpack_post_was_ever_published":false,"_jetpack_newsletter_access":"","_jetpack_dont_email_post_to_subs":false,"_jetpack_newsletter_tier_id":0,"_jetpack_memberships_contains_paywalled_content":false,"_jetpack_memberships_contains_paid_content":false,"footnotes":"","jetpack_publicize_message":"","jetpack_publicize_feature_enabled":true,"jetpack_social_post_already_shared":false,"jetpack_social_options":{"image_generator_settings":{"template":"highway","default_image_id":0,"font":"","enabled":false},"version":2}},"categories":[1,50],"tags":[521,80,127,89,61,522,512],"class_list":["post-2521","post","type-post","status-publish","format-standard","has-post-thumbnail","hentry","category-fass_allgemein","category-regionalliga-ost","tag-bulle","tag-eisbaeren","tag-jentzsch","tag-juniors","tag-landesliga","tag-rohrbeck","tag-saisoneroeffnung"],"jetpack_publicize_connections":[],"jetpack_featured_media_url":"https:\/\/www.fass-berlin.de\/wp-content\/uploads\/2018\/09\/2018_09_15_ROL_FASS_Eisb\u00e4ren_Artikel-2.jpg","jetpack_sharing_enabled":true,"jetpack_shortlink":"https:\/\/wp.me\/paiOCx-EF","jetpack_likes_enabled":true,"jetpack-related-posts":[],"_links":{"self":[{"href":"https:\/\/www.fass-berlin.de\/startseite\/wp-json\/wp\/v2\/posts\/2521","targetHints":{"allow":["GET"]}}],"collection":[{"href":"https:\/\/www.fass-berlin.de\/startseite\/wp-json\/wp\/v2\/posts"}],"about":[{"href":"https:\/\/www.fass-berlin.de\/startseite\/wp-json\/wp\/v2\/types\/post"}],"author":[{"embeddable":true,"href":"https:\/\/www.fass-berlin.de\/startseite\/wp-json\/wp\/v2\/users\/2"}],"replies":[{"embeddable":true,"href":"https:\/\/www.fass-berlin.de\/startseite\/wp-json\/wp\/v2\/comments?post=2521"}],"version-history":[{"count":10,"href":"https:\/\/www.fass-berlin.de\/startseite\/wp-json\/wp\/v2\/posts\/2521\/revisions"}],"predecessor-version":[{"id":2541,"href":"https:\/\/www.fass-berlin.de\/startseite\/wp-json\/wp\/v2\/posts\/2521\/revisions\/2541"}],"wp:featuredmedia":[{"embeddable":true,"href":"https:\/\/www.fass-berlin.de\/startseite\/wp-json\/wp\/v2\/media\/2523"}],"wp:attachment":[{"href":"https:\/\/www.fass-berlin.de\/startseite\/wp-json\/wp\/v2\/media?parent=2521"}],"wp:term":[{"taxonomy":"category","embeddable":true,"href":"https:\/\/www.fass-berlin.de\/startseite\/wp-json\/wp\/v2\/categories?post=2521"},{"taxonomy":"post_tag","embeddable":true,"href":"https:\/\/www.fass-berlin.de\/startseite\/wp-json\/wp\/v2\/tags?post=2521"}],"curies":[{"name":"wp","href":"https:\/\/api.w.org\/{rel}","templated":true}]}}