{"id":3206,"date":"2018-10-13T20:58:48","date_gmt":"2018-10-13T18:58:48","guid":{"rendered":"https:\/\/www.fass-berlin.de\/startseite\/?p=3206"},"modified":"2018-10-14T01:07:54","modified_gmt":"2018-10-13T23:07:54","slug":"fass-behaelt-die-oberhand-im-favoriten-derby","status":"publish","type":"post","link":"https:\/\/www.fass-berlin.de\/startseite\/2018\/10\/13\/fass-behaelt-die-oberhand-im-favoriten-derby\/","title":{"rendered":"FASS beh\u00e4lt die Oberhand im Favoriten-Derby"},"content":{"rendered":"<p><strong>Der Knaller des heutigen Landesliga-Spieltages fand heute eindeutig im Erika-He\u00df-Eisstadion statt, standen sich hier doch FASS Berlin und die Eisb\u00e4ren Juniors zum ersten Favoriten-Derby der noch jungen Saison 2018\/2019 gegen\u00fcber.<\/strong><\/p>\n<h5>Auf der Bank<\/h5>\n<p>Wie es sich f\u00fcr zwei echte Favoriten geh\u00f6rt, starteten beide Teams hoch motiviert ins Spiel und neutralisierten sich \u00fcberwiegend gegenseitig recht gut. Am Ende des Drittels hatten zwar die Eisb\u00e4ren spielerisch etwas mehr vom Drittel aber daf\u00fcr nichts z\u00e4hlbares auf der Anzeigetafel.<br \/>\nIm wesentlichen hielten die Teams wechselseitig die Strafbank warm, wobei die G\u00e4ste besser ins PowerPlay fanden. woraus auch ihre leichten spielerischen Vorteile resultieren.<\/p>\n<p>FASS Berlin, heute mit Max Franke aus dem Regionalliga-Team im Tor, hatte im ersten \u00dcberzahlspiel noch echte Probleme, kassierte Sch\u00fcsse auf das eigene Tor und rannte ins Abseits.<br \/>\nAber sowas kann man ja verbessern und nachdem man sich selbst in Unterzahl den Angriffen der Eisb\u00e4ren Juniors erwehren musste, die allesamt sp\u00e4testens in\u00a0 den Armen von Franke endeten, fanden die Weddinger im zweiten PowerPlay des Tages deutlich besser in die Formation und Timothy Stephan (B\u00e4uerle, Thoma PP1 14. Minute) schob zum 1:0 f\u00fcr FASS Berlin ein.<\/p>\n<p>Kurz vor dem Ende des Drittels gab es noch Verwirrung vor dem Tor der Weddinger, die Juniors jubelten bereits doch das Tor wurde nicht gegeben, was zu einem kleinen Tumult auf dem Eis f\u00fchrte. So ging es dann auch ab in die erste Pause.<\/p>\n<h5>F\u00fchrung verspielt<\/h5>\n<p>Deutlich\u00a0 auf den Ausgleich fixiert, kamen die G\u00e4ste ins zweite Drittel, doch schon die n\u00e4chste Strafe der Eisb\u00e4ren, H\u00f6hling sa\u00df wegen Haken auf der Strafbank, nutzten die Weddinger zum 2:0 durch Aicher (Kr\u00e4mer, M\u00fcller PP1 24. Minute).<\/p>\n<p>Die G\u00e4ste jetzt sp\u00fcrbar sauer und nicht immer mit den Entscheidungen der Schiedsrichter einverstanden, sa\u00dfen aber immer wieder auf der Strafbank und FASS Berlin erarbeitete sich mehr Spielanteile. Auch das \u00dcberzahlspiel gelang den G\u00e4sten nicht mehr so wie vorher.<br \/>\nDie Akademiker konnten allerdings eine zwischenzeitlich doppelte \u00dcberzahl nicht nutzen um noch ein Tor draufzulegen.<\/p>\n<p>Die vielen Besuche auf der Strafbank brachten den G\u00e4stecoach in der 29. Minute sogar dazu eine Auszeit zu nehmen und seinem Team eine deutlich h\u00f6rbare Gardinenpredigt zu halten.<br \/>\nDanach l\u00e4uft es f\u00fcr die G\u00e4ste deutlich besser und nutzt bei doppelter \u00dcberzahl in der 34. Minute die Gelegenheit zum Anschlusstreffer durch Gl\u00e4ser (L\u00fcttcher).<br \/>\nKaum sind die Weddinger komplett, kassieren sie dann auch noch den Ausgleich in der 35. Minute durch H\u00f6hling (Dietzel). Gleichzeitig auch das Pausenergebnis.<\/p>\n<h5>R\u00fcckschl\u00e4ge<\/h5>\n<figure id=\"attachment_3207\" aria-describedby=\"caption-attachment-3207\" style=\"width: 300px\" class=\"wp-caption alignright\"><a href=\"https:\/\/www.fass-berlin.de\/wp-content\/uploads\/2018\/10\/20181013-IMG_8234.jpg\"><img loading=\"lazy\" decoding=\"async\" class=\"size-medium wp-image-3207\" src=\"https:\/\/www.fass-berlin.de\/wp-content\/uploads\/2018\/10\/20181013-IMG_8234-300x200.jpg\" alt=\"Max Franke im Tor der Landesliga\" width=\"300\" height=\"200\" srcset=\"https:\/\/www.fass-berlin.de\/wp-content\/uploads\/2018\/10\/20181013-IMG_8234-300x200.jpg 300w, https:\/\/www.fass-berlin.de\/wp-content\/uploads\/2018\/10\/20181013-IMG_8234-768x512.jpg 768w, https:\/\/www.fass-berlin.de\/wp-content\/uploads\/2018\/10\/20181013-IMG_8234-1024x683.jpg 1024w, https:\/\/www.fass-berlin.de\/wp-content\/uploads\/2018\/10\/20181013-IMG_8234-128x85.jpg 128w, https:\/\/www.fass-berlin.de\/wp-content\/uploads\/2018\/10\/20181013-IMG_8234-32x21.jpg 32w, https:\/\/www.fass-berlin.de\/wp-content\/uploads\/2018\/10\/20181013-IMG_8234-600x400.jpg 600w, https:\/\/www.fass-berlin.de\/wp-content\/uploads\/2018\/10\/20181013-IMG_8234-272x182.jpg 272w, https:\/\/www.fass-berlin.de\/wp-content\/uploads\/2018\/10\/20181013-IMG_8234.jpg 1800w\" sizes=\"auto, (max-width: 300px) 100vw, 300px\" \/><\/a><figcaption id=\"caption-attachment-3207\" class=\"wp-caption-text\">Max Franke im Tor der Landesliga. Foto: Christiane Kuhn<\/figcaption><\/figure>\n<p>Die Eisb\u00e4ren Juniors dr\u00e4ngen auf die Entscheidung, das sp\u00fcrt man sofort nach dem Anbully im letzten Drittel: FASS Berlin hat M\u00fche sich aus dem eigenen Drittel zu befreien und die logische Folge ist dann schlie\u00dflich das 2:3 erneut durch durch Gl\u00e4ser (d&#8217;Arino, Br\u00e4uer 44. Minute).<br \/>\nFASS in der Folge immer wieder in Unterzahl, doch auch dank Franke im Tor ringen beide Teams\u00a0weiterhin torlos um die endg\u00fcltige Entscheidung des Spiels.<br \/>\nIn der 52. Minute bekommen die Weddinger einen Penalty zugesprochen, nachdem man Aicher bei einem Konter am Abschluss hinderte.<br \/>\nDer Penalty geht an den Pfosten!<\/p>\n<p>Doch irgendwie legen die Gastgeber jetzt noch mal eine Kelle mehr aufs Eis und beginnen ihrerseits Druck zu machen und werden dann, als die Eisb\u00e4ren nach einer Strafzeit gerade wieder komplett sind mit dem 3:3 durch Jules Thoma (von Helden, Kr\u00e4mer) in der 58. Spielminute belohnt.<br \/>\nDie Eisb\u00e4ren geraten sogar noch einmal in doppelte Unterzahl, aber die Akademiker bringen zu wenig Sch\u00fcsse auf das gegnerische Tor um noch vor Abpfiff zur Entscheidung zu kommen.<br \/>\nDie Entscheidung fiel dann durch Martens, der den insgesamt 10. Penalty zum 4:3 n.P. f\u00fcr FASS Berlin einschie\u00dft.<\/p>\n<h5>Wie auch immer: Verdient!<\/h5>\n<p>Letztlich h\u00e4tte diese Spiel genauso auch umgekehrt enden k\u00f6nnen, doch das Team aus dem Wedding konnte letztlich die Oberhand im ersten Aufeinandertreffen der Saison behalten. Der Ausgleich fiel durchaus verdient, weil die Bem\u00fchungen der Eisb\u00e4ren den Sack zu zu binden letztlich etwas erlahmten.<br \/>\nMax Franke im Tor der Gastgeber zeigte sich im Penalty-Schie\u00dfen dann ruhig und gelassen und rettete den zweiten Punkt.<br \/>\nInsgesamt ein tolles Eishockeyspiel, dass f\u00fcr seine Besucher bis zur letzten Sekunde spannend war.<\/p>\n<p><strong>Weiter geht es f\u00fcr das Landesliga-Team am <a href=\"https:\/\/www.fass-berlin.de\/startseite\/event\/eternit-vs-fass\/\">27.10.2018 um 19 Uhr bei der BSG Eternit im Eisstadion Neuk\u00f6lln<\/a>.<\/strong><\/p>\n<div class=\"sportspress\"><\/div>\n<p><a data-flickr-embed=\"true\" data-header=\"true\" data-footer=\"true\"  href=\"https:\/\/www.flickr.com\/photos\/141067170@N06\/albums\/72157674455212878\" title=\"LL-B Fass Berlin vs. Eisb\u00e4ren Juniors\"><img loading=\"lazy\" decoding=\"async\" src=\"https:\/\/farm2.staticflickr.com\/1950\/30358637057_432f214eb6_c.jpg\" width=\"800\" height=\"534\" alt=\"LL-B Fass Berlin vs. Eisb\u00e4ren Juniors\"><\/a><script async src=\"\/\/embedr.flickr.com\/assets\/client-code.js\" charset=\"utf-8\"><\/script><\/p>\n<p>Tore:<br \/>\n14:27 1:0 Stephan (B\u00e4uerle, Thoma) PP1<br \/>\n22:10 2:0 Aicher (Kr\u00e4mer, M\u00fcller) PP1<br \/>\n33:34 2:1 Gl\u00e4ser (L\u00fcttcher) PP2<br \/>\n35:28 2:2 H\u00f6hling (Dietzel)<br \/>\n42:50 2:3 Gl\u00e4ser (d&#8217;Arino, Br\u00e4uer)<br \/>\n47:45 3:3 Thoma (von Helden, Kr\u00e4mer)<br \/>\n60:00 4:3 Martens PS GWG<\/p>\n","protected":false},"excerpt":{"rendered":"<p>Der Knaller des heutigen Landesliga-Spieltages fand heute eindeutig im Erika-He\u00df-Eisstadion statt, standen sich hier doch FASS Berlin und die Eisb\u00e4ren Juniors zum ersten Favoriten-Derby der noch jungen Saison 2018\/2019 gegen\u00fcber. Auf der Bank Wie es sich f\u00fcr zwei echte Favoriten geh\u00f6rt, starteten beide Teams hoch motiviert ins Spiel und neutralisierten sich \u00fcberwiegend gegenseitig recht gut. [&hellip;]<\/p>\n","protected":false},"author":2,"featured_media":3205,"comment_status":"closed","ping_status":"closed","sticky":false,"template":"","format":"standard","meta":{"_exactmetrics_skip_tracking":false,"_exactmetrics_sitenote_active":false,"_exactmetrics_sitenote_note":"","_exactmetrics_sitenote_category":0,"jetpack_post_was_ever_published":false,"_jetpack_newsletter_access":"","_jetpack_dont_email_post_to_subs":false,"_jetpack_newsletter_tier_id":0,"_jetpack_memberships_contains_paywalled_content":false,"_jetpack_memberships_contains_paid_content":false,"footnotes":"","jetpack_publicize_message":"","jetpack_publicize_feature_enabled":true,"jetpack_social_post_already_shared":true,"jetpack_social_options":{"image_generator_settings":{"template":"highway","default_image_id":0,"font":"","enabled":false},"version":2}},"categories":[53],"tags":[335,55,80,363,61,203,73],"class_list":["post-3206","post","type-post","status-publish","format-standard","has-post-thumbnail","hentry","category-landesliga","tag-akademiker","tag-berlin","tag-eisbaeren","tag-heimsieg","tag-landesliga","tag-penalty","tag-wedding"],"jetpack_publicize_connections":[],"jetpack_featured_media_url":"https:\/\/www.fass-berlin.de\/wp-content\/uploads\/2018\/10\/20181013-IMG_8409.jpg","jetpack_sharing_enabled":false,"jetpack_shortlink":"https:\/\/wp.me\/paiOCx-PI","jetpack_likes_enabled":true,"jetpack-related-posts":[],"_links":{"self":[{"href":"https:\/\/www.fass-berlin.de\/startseite\/wp-json\/wp\/v2\/posts\/3206","targetHints":{"allow":["GET"]}}],"collection":[{"href":"https:\/\/www.fass-berlin.de\/startseite\/wp-json\/wp\/v2\/posts"}],"about":[{"href":"https:\/\/www.fass-berlin.de\/startseite\/wp-json\/wp\/v2\/types\/post"}],"author":[{"embeddable":true,"href":"https:\/\/www.fass-berlin.de\/startseite\/wp-json\/wp\/v2\/users\/2"}],"replies":[{"embeddable":true,"href":"https:\/\/www.fass-berlin.de\/startseite\/wp-json\/wp\/v2\/comments?post=3206"}],"version-history":[{"count":4,"href":"https:\/\/www.fass-berlin.de\/startseite\/wp-json\/wp\/v2\/posts\/3206\/revisions"}],"predecessor-version":[{"id":3217,"href":"https:\/\/www.fass-berlin.de\/startseite\/wp-json\/wp\/v2\/posts\/3206\/revisions\/3217"}],"wp:featuredmedia":[{"embeddable":true,"href":"https:\/\/www.fass-berlin.de\/startseite\/wp-json\/wp\/v2\/media\/3205"}],"wp:attachment":[{"href":"https:\/\/www.fass-berlin.de\/startseite\/wp-json\/wp\/v2\/media?parent=3206"}],"wp:term":[{"taxonomy":"category","embeddable":true,"href":"https:\/\/www.fass-berlin.de\/startseite\/wp-json\/wp\/v2\/categories?post=3206"},{"taxonomy":"post_tag","embeddable":true,"href":"https:\/\/www.fass-berlin.de\/startseite\/wp-json\/wp\/v2\/tags?post=3206"}],"curies":[{"name":"wp","href":"https:\/\/api.w.org\/{rel}","templated":true}]}}