{"id":3497,"date":"2018-10-31T20:41:44","date_gmt":"2018-10-31T19:41:44","guid":{"rendered":"https:\/\/www.fass-berlin.de\/startseite\/?p=3497"},"modified":"2018-11-01T09:14:11","modified_gmt":"2018-11-01T08:14:11","slug":"nicht-das-jahr-des-meisters-norden-verkehrt-herum","status":"publish","type":"post","link":"https:\/\/www.fass-berlin.de\/startseite\/2018\/10\/31\/nicht-das-jahr-des-meisters-norden-verkehrt-herum\/","title":{"rendered":"Nicht das Jahr des Meisters &#8211; Norden verkehrt herum"},"content":{"rendered":"<p><strong>Es ist wohl noch nicht ganz das Jahr von Tornado Niesky und im Norden teilt der Adendorfer EC das Fehlstart-Schicksal der Sachsen.<\/strong><\/p>\n<h5>Verdrehter Norden<\/h5>\n<p>Adendorf hat im Norden in den ersten beiden Spielen gegen den Vorjahresletzten Nordhorn doch einen klassischen Fehlstart hingelegt und h\u00e4lt momentan das Schlusslicht der Liga in den H\u00e4nden.<\/p>\n<p>Ganz anders dagegen Aufsteiger ECW Sande, der bislang in allen Spielen gepunktet hat und nur im dritten Spiel gegen den HSV die Mehrzahl davon bei den Hanseaten lassen musste.\u00a0 Mit sieben Punkten aus drei Spielen ist der Aufsteiger an der Spitze zu finden. Sicherlich hilft dabei auch die Tatsache, das in der Regionalliga Nord EU-B\u00fcrger nicht das Ausl\u00e4nder-Kontingent belasten.<br \/>\n\u00c4hnlich funktioniert das offenbar auch beim EC Nordhorn, der im Vorjahr die rote Lampe gehalten hat und nun den zweiten Platz erobert hat.<br \/>\nDas wird sicherlich noch einmal spannend zu sehen sein, wie sich das auf die St\u00e4rke der Nord-Teams auswirkt, wenn die Verzahnung mit dem Norden beginnt.<\/p>\n<p>Der n\u00e4chste Spieltag zwischen dem 2.11. und 4.11. wird die Tabelle sicher wieder etwas ver\u00e4ndern, denn Salzgitter und Adendorf spielen jeweils zweimal, haben also die Gelegenheit m\u00e4chtig an Boden aufzuholen. Mit Spannung erwartet dabei sicherlich das Re-Match des letztj\u00e4hrigen Finales zwischen Adendorf und den Weserstars im <a href=\"https:\/\/www.fass-berlin.de\/startseite\/event\/aec-vs-stars\/\">Walter-Maack-Eisstadion zu Adendorf (2.11.2018, 20:00 Uhr)<\/a>.<\/p>\n<h5>Nicht das Jahr des Meisters?<\/h5>\n<p>Im Osten ziehen nach dem Sieg im Topspiel gegen FASS Berlin die Sch\u00f6nheider W\u00f6lfe derzeit als einziges noch ungeschlagenes Team ihre Kreise an der Tabellenspitze, dicht gefolgt von einem Dreigestirn aus FASS Berlin, den Dresdner Eisl\u00f6wen und den Chemnitz Crashers, die derzeit die weiteren Spitzenpl\u00e4tze besetzen, die sp\u00e4ter zur Verzahnungsrunde f\u00fchren w\u00fcrden.<br \/>\nDie Eisl\u00f6wen sind dabei mit einem souver\u00e4nen 11:3 am heutigen Nachmittag bei den Bad Muskau Bombers noch einmal ein St\u00fcck nach oben gefallen.<\/p>\n<p>Wie von vielen Experten erwartet, sind die Blues und die Bombers hier die Schlusslichter und der Aufsteiger aus Halle hat sich vorerst im Mittelfeld etabliert.<\/p>\n<p>Tornado Niesky nach einem Fehlstart mit Niederlagen gegen FASS Berlin und den Aufsteiger Saale Bulls Halle zuletzt mit zwei Heimsiegen zumindest punktetechnisch auf dem Weg der Genesung, jedoch plagen den Meister durch Verletzungen Personalsorgen. Allerdings hat man auch bis zum 17.11. spielfrei und damit etwas Zeit um die Lage zu beurteilen.<\/p>\n<p>F\u00fcr FASS Berlin geht es am <a href=\"https:\/\/www.fass-berlin.de\/startseite\/event\/bombers-vs-fass\/\">3.11.2018 (20:00 Uhr, Eisarena Wei\u00dfwasser)<\/a> zum Schlusslicht bevor es danach zum Hin- und R\u00fcckspiel gegen die Chemnitz Crashers kommt.<br \/>\nNach der Niederlage im Topspiel doch drei sehr wichtige Spiele in denen Punkte generiert werden m\u00fcssen, um weiterhin den Anschluss zur Spitze halten zu k\u00f6nnen.<\/p>\n<p>Foto: Christiane Kuhn<\/p>\n","protected":false},"excerpt":{"rendered":"<p>Es ist wohl noch nicht ganz das Jahr von Tornado Niesky und im Norden teilt der Adendorfer EC das Fehlstart-Schicksal der Sachsen. Verdrehter Norden Adendorf hat im Norden in den ersten beiden Spielen gegen den Vorjahresletzten Nordhorn doch einen klassischen Fehlstart hingelegt und h\u00e4lt momentan das Schlusslicht der Liga in den H\u00e4nden. Ganz anders dagegen [&hellip;]<\/p>\n","protected":false},"author":2,"featured_media":3498,"comment_status":"open","ping_status":"open","sticky":false,"template":"","format":"standard","meta":{"_exactmetrics_skip_tracking":false,"_exactmetrics_sitenote_active":false,"_exactmetrics_sitenote_note":"","_exactmetrics_sitenote_category":0,"jetpack_post_was_ever_published":false,"_jetpack_newsletter_access":"","_jetpack_dont_email_post_to_subs":false,"_jetpack_newsletter_tier_id":0,"_jetpack_memberships_contains_paywalled_content":false,"_jetpack_memberships_contains_paid_content":false,"footnotes":"","jetpack_publicize_message":"","jetpack_publicize_feature_enabled":true,"jetpack_social_post_already_shared":true,"jetpack_social_options":{"image_generator_settings":{"template":"highway","default_image_id":0,"font":"","enabled":false},"version":2}},"categories":[50],"tags":[112,353,54,114,557,313,496,217],"class_list":["post-3497","post","type-post","status-publish","format-standard","has-post-thumbnail","hentry","category-regionalliga-ost","tag-adendorf","tag-bombers","tag-fass","tag-nord","tag-ost","tag-tornado","tag-weserstars","tag-woelfe"],"jetpack_publicize_connections":[],"jetpack_featured_media_url":"https:\/\/www.fass-berlin.de\/wp-content\/uploads\/2018\/10\/20181007-IMG_7437.jpg","jetpack_sharing_enabled":true,"jetpack_shortlink":"https:\/\/wp.me\/paiOCx-Up","jetpack_likes_enabled":true,"jetpack-related-posts":[],"_links":{"self":[{"href":"https:\/\/www.fass-berlin.de\/startseite\/wp-json\/wp\/v2\/posts\/3497","targetHints":{"allow":["GET"]}}],"collection":[{"href":"https:\/\/www.fass-berlin.de\/startseite\/wp-json\/wp\/v2\/posts"}],"about":[{"href":"https:\/\/www.fass-berlin.de\/startseite\/wp-json\/wp\/v2\/types\/post"}],"author":[{"embeddable":true,"href":"https:\/\/www.fass-berlin.de\/startseite\/wp-json\/wp\/v2\/users\/2"}],"replies":[{"embeddable":true,"href":"https:\/\/www.fass-berlin.de\/startseite\/wp-json\/wp\/v2\/comments?post=3497"}],"version-history":[{"count":4,"href":"https:\/\/www.fass-berlin.de\/startseite\/wp-json\/wp\/v2\/posts\/3497\/revisions"}],"predecessor-version":[{"id":3505,"href":"https:\/\/www.fass-berlin.de\/startseite\/wp-json\/wp\/v2\/posts\/3497\/revisions\/3505"}],"wp:featuredmedia":[{"embeddable":true,"href":"https:\/\/www.fass-berlin.de\/startseite\/wp-json\/wp\/v2\/media\/3498"}],"wp:attachment":[{"href":"https:\/\/www.fass-berlin.de\/startseite\/wp-json\/wp\/v2\/media?parent=3497"}],"wp:term":[{"taxonomy":"category","embeddable":true,"href":"https:\/\/www.fass-berlin.de\/startseite\/wp-json\/wp\/v2\/categories?post=3497"},{"taxonomy":"post_tag","embeddable":true,"href":"https:\/\/www.fass-berlin.de\/startseite\/wp-json\/wp\/v2\/tags?post=3497"}],"curies":[{"name":"wp","href":"https:\/\/api.w.org\/{rel}","templated":true}]}}