{"id":3655,"date":"2018-11-07T22:57:57","date_gmt":"2018-11-07T21:57:57","guid":{"rendered":"https:\/\/www.fass-berlin.de\/startseite\/?p=3655"},"modified":"2018-11-07T22:57:57","modified_gmt":"2018-11-07T21:57:57","slug":"zittersieg-gegen-bombers-und-punktlose-heidschnucken","status":"publish","type":"post","link":"https:\/\/www.fass-berlin.de\/startseite\/2018\/11\/07\/zittersieg-gegen-bombers-und-punktlose-heidschnucken\/","title":{"rendered":"Zittersieg gegen Bombers und punktlose Heidschnucken"},"content":{"rendered":"<p><strong>Dem Adendorfer EC ist in dieser Saison bislang nur der Fehlstart wirklich gut gelungen, w\u00e4hrend sich die Akademiker im Osten gegen das Schlusslicht beinahe blamieren.<\/strong><\/p>\n<h5>Aufw\u00e4rtstrend im Kellerduell?<\/h5>\n<p>In der Regionalliga Nord kommt es am Freitag zum Kellerduell der letztj\u00e4hrigen Halbfinalisten: Der HSV gibt seine Visitenkarte erstmals in dieser Saison zum Punktspiel im Walter-Maack-Eisstadion ab, was die Sorgenfalten von AEC-Gesch\u00e4ftsf\u00fchrer Finn Sonntag zun\u00e4chst nicht schrumpfen l\u00e4sst.<br \/>\nDie Vorbereitung und auch das Pokalspiel gegen den HSV gingen heuer schon verloren und der AEC steht punktlos auf dem letzten Tabellenplatz, w\u00e4hrend der HSV in bisher nur 3 Spielen schon 5 Punkte errungen hat.<\/p>\n<blockquote><p>\u201eWir haben vor der Saison mehrfach gesagt wie stark die Liga geworden ist, aber mit so einem doch relativ verkorksten Saisonstart haben wir nat\u00fcrlich auch nicht gerechnet\u201c,<br \/>\nAEC Gesch\u00e4ftsf\u00fchrer Finn Sonntag.<\/p><\/blockquote>\n<p>Au\u00dferhalb der L\u00fcneburger Heide haben die Jungs des EC Nordhorn die Chance Revanche f\u00fcr die in der Vorwoche verlorene Partie bei den Salzgitter Icefighters zu nehmen und damit ihren guten Saisonstart zu best\u00e4tigen und wieder Fahrt aufzunehmen.<\/p>\n<p>Das ParadIce in Bremen sieht das Spitzenspiel der Woche, dort treffen der Meister Weserstars und der in F\u00fchrung liegende Aufsteiger ECW Sande aufeinander. Da beliebt abzuwarten, f\u00fcr wen es am Ende paradiesische Verh\u00e4ltnisse sind.\u00a0\u201eWer am Samstag die bessere Defensivleistung abruft, wird das Spiel gewinnen\u201c, erkl\u00e4rt Alexander Josch, der nach 4 erfolgreichen Jahren in Bremen inzwischen in Wilhelmshaven auf Puckjagd geht.<\/p>\n<h5>Beinahe-Patzer bei den Bombers<\/h5>\n<figure id=\"attachment_3353\" aria-describedby=\"caption-attachment-3353\" style=\"width: 300px\" class=\"wp-caption alignright\"><a href=\"https:\/\/www.fass-berlin.de\/wp-content\/uploads\/2018\/10\/20181020-IMG_0277.jpg\"><img loading=\"lazy\" decoding=\"async\" class=\"size-medium wp-image-3353\" src=\"https:\/\/www.fass-berlin.de\/wp-content\/uploads\/2018\/10\/20181020-IMG_0277-300x200.jpg\" alt=\"2018-10-20 FASS vs Bombers\" width=\"300\" height=\"200\" srcset=\"https:\/\/www.fass-berlin.de\/wp-content\/uploads\/2018\/10\/20181020-IMG_0277-300x200.jpg 300w, https:\/\/www.fass-berlin.de\/wp-content\/uploads\/2018\/10\/20181020-IMG_0277-768x512.jpg 768w, https:\/\/www.fass-berlin.de\/wp-content\/uploads\/2018\/10\/20181020-IMG_0277-1024x683.jpg 1024w, https:\/\/www.fass-berlin.de\/wp-content\/uploads\/2018\/10\/20181020-IMG_0277-128x85.jpg 128w, https:\/\/www.fass-berlin.de\/wp-content\/uploads\/2018\/10\/20181020-IMG_0277-32x21.jpg 32w, https:\/\/www.fass-berlin.de\/wp-content\/uploads\/2018\/10\/20181020-IMG_0277-272x182.jpg 272w, https:\/\/www.fass-berlin.de\/wp-content\/uploads\/2018\/10\/20181020-IMG_0277.jpg 1800w\" sizes=\"auto, (max-width: 300px) 100vw, 300px\" \/><\/a><figcaption id=\"caption-attachment-3353\" class=\"wp-caption-text\">Immer auf die Bombers&#8230;, Fotos: Christiane Kuhn, Archivbild<\/figcaption><\/figure>\n<p>Mit M\u00fche und Not brachte FASS Berlin in der Regionalliga Ost am Ende dann doch noch drei Punkte aus dem Spiel beim Tabellenschlusslicht Bombers Bad Muskau mit und sicherte so den zweiten Tabellenplatz hinter den spielfreien Sch\u00f6nheider W\u00f6lfen ab.<\/p>\n<p>Dahinter entspinnt sich derzeit ein Vierkampf zwischen Aufsteiger Saale Bulls (3.), Dresden (4.), Chemnitz (5.) und Niesky (6.) die alle jeweils einen Punkte untereinander auseinander liegen, w\u00e4hrend die L\u00fccke hinter Niesky langsam zu wachsen beginnt.<\/p>\n<p>Die Bulls konnten mit einem 6:3 die Dresdner Eisl\u00f6wen im Zaum halten und haben in dieser Saison auch schon gegen Niesky gepunktet. Nun erwarten sie Sch\u00f6nheide auf heimischem Eis und k\u00f6nnen sich zumindest sicher sein, das manch ein Berliner ihnen hier auch kr\u00e4ftig die Daumen dr\u00fcckt und den Hallensern die Sensation g\u00f6nnen w\u00fcrde.<\/p>\n<p>F\u00fcr FASS Berlin geht es zu Hause gegen Chemnitz (<a href=\"https:\/\/www.fass-berlin.de\/startseite\/event\/fass-vs-crashers\/\">10.11.2018. 19 Uhr, Erika-He\u00df-Eisstadion<\/a>), das Re-Match ist eine Woche sp\u00e4ter in Chemnitz.<br \/>\nWenn die Akademiker rund um Trainer Norbert Pascha hier nicht zu einer konstanten Leistung \u00fcber 60 Minuten zur\u00fcck finden, kann das schnell mit 6 verlorenen Punkten enden, die Crashers sind durchaus in der Lage dargebotene Chancen zu nutzen.<\/p>\n<p>Am Ende der Tabelle k\u00f6nnen die Blues im Kellerduell mit dem Bombers Boden nach oben gut machen. Das Team aus Bad Muskau wird aber im Spiel auf Augenh\u00f6he sicherlich alles geben um Punkte zu gewinnen, damit die rote Laterne nicht auf ewig bei ihnen baumelt.<\/p>\n","protected":false},"excerpt":{"rendered":"<p>Dem Adendorfer EC ist in dieser Saison bislang nur der Fehlstart wirklich gut gelungen, w\u00e4hrend sich die Akademiker im Osten gegen das Schlusslicht beinahe blamieren. Aufw\u00e4rtstrend im Kellerduell? In der Regionalliga Nord kommt es am Freitag zum Kellerduell der letztj\u00e4hrigen Halbfinalisten: Der HSV gibt seine Visitenkarte erstmals in dieser Saison zum Punktspiel im Walter-Maack-Eisstadion ab, [&hellip;]<\/p>\n","protected":false},"author":2,"featured_media":1291,"comment_status":"open","ping_status":"open","sticky":false,"template":"","format":"standard","meta":{"_exactmetrics_skip_tracking":false,"_exactmetrics_sitenote_active":false,"_exactmetrics_sitenote_note":"","_exactmetrics_sitenote_category":0,"jetpack_post_was_ever_published":false,"_jetpack_newsletter_access":"","_jetpack_dont_email_post_to_subs":false,"_jetpack_newsletter_tier_id":0,"_jetpack_memberships_contains_paywalled_content":false,"_jetpack_memberships_contains_paid_content":false,"footnotes":"","jetpack_publicize_message":"","jetpack_publicize_feature_enabled":true,"jetpack_social_post_already_shared":true,"jetpack_social_options":{"image_generator_settings":{"template":"highway","default_image_id":0,"font":"","enabled":false},"version":2}},"categories":[50],"tags":[112,113,650,649,626,114,207],"class_list":["post-3655","post","type-post","status-publish","format-standard","has-post-thumbnail","hentry","category-regionalliga-ost","tag-adendorf","tag-hsv","tag-kellerduell","tag-lage","tag-liga","tag-nord","tag-spitzenspiel"],"jetpack_publicize_connections":[],"jetpack_featured_media_url":"https:\/\/www.fass-berlin.de\/wp-content\/uploads\/2018\/07\/2018-02-04_FASS_AEC_Transpi.jpg","jetpack_sharing_enabled":true,"jetpack_shortlink":"https:\/\/wp.me\/paiOCx-WX","jetpack_likes_enabled":true,"jetpack-related-posts":[],"_links":{"self":[{"href":"https:\/\/www.fass-berlin.de\/startseite\/wp-json\/wp\/v2\/posts\/3655","targetHints":{"allow":["GET"]}}],"collection":[{"href":"https:\/\/www.fass-berlin.de\/startseite\/wp-json\/wp\/v2\/posts"}],"about":[{"href":"https:\/\/www.fass-berlin.de\/startseite\/wp-json\/wp\/v2\/types\/post"}],"author":[{"embeddable":true,"href":"https:\/\/www.fass-berlin.de\/startseite\/wp-json\/wp\/v2\/users\/2"}],"replies":[{"embeddable":true,"href":"https:\/\/www.fass-berlin.de\/startseite\/wp-json\/wp\/v2\/comments?post=3655"}],"version-history":[{"count":4,"href":"https:\/\/www.fass-berlin.de\/startseite\/wp-json\/wp\/v2\/posts\/3655\/revisions"}],"predecessor-version":[{"id":3659,"href":"https:\/\/www.fass-berlin.de\/startseite\/wp-json\/wp\/v2\/posts\/3655\/revisions\/3659"}],"wp:featuredmedia":[{"embeddable":true,"href":"https:\/\/www.fass-berlin.de\/startseite\/wp-json\/wp\/v2\/media\/1291"}],"wp:attachment":[{"href":"https:\/\/www.fass-berlin.de\/startseite\/wp-json\/wp\/v2\/media?parent=3655"}],"wp:term":[{"taxonomy":"category","embeddable":true,"href":"https:\/\/www.fass-berlin.de\/startseite\/wp-json\/wp\/v2\/categories?post=3655"},{"taxonomy":"post_tag","embeddable":true,"href":"https:\/\/www.fass-berlin.de\/startseite\/wp-json\/wp\/v2\/tags?post=3655"}],"curies":[{"name":"wp","href":"https:\/\/api.w.org\/{rel}","templated":true}]}}