{"id":3838,"date":"2018-11-26T20:05:27","date_gmt":"2018-11-26T19:05:27","guid":{"rendered":"https:\/\/www.fass-berlin.de\/startseite\/?p=3838"},"modified":"2018-11-26T21:08:06","modified_gmt":"2018-11-26T20:08:06","slug":"filmreife-leistung-filmset-bei-den-knaben","status":"publish","type":"post","link":"https:\/\/www.fass-berlin.de\/startseite\/2018\/11\/26\/filmreife-leistung-filmset-bei-den-knaben\/","title":{"rendered":"Filmreife Leistung &#8211; Filmset bei den Knaben"},"content":{"rendered":"<p><strong>Gro\u00dfer Drehtag am 23.11.2018 in der Erika f\u00fcr die Knabenmannschaft der Knaben.<\/strong><\/p>\n<h5>Filmdreh im Erika-He\u00df-Eisstadion<\/h5>\n<p>Die Firma <a href=\"http:\/\/www.lupa-film.com\/\"><strong>Lupa-Film<\/strong><\/a> war am 23.11.2018 im Erika-He\u00df-Eisstadion zu Gast, um f\u00fcr eines ihrer Filmprojekte ein paar Szenen zu drehen.<br \/>\n\u00dcber den Film und die Leute die dabei waren, darf aber leider noch nichts erz\u00e4hlt werden.<\/p>\n<p>FASS Berlin war schon h\u00e4ufiger behilflich bei Filmproduktionen und gilt als das &#8222;meist verfilmte Team Deutschlands&#8220; und so waren die Verantwortlichen gerne bereit auch hier wieder einmal zu helfen.<\/p>\n<p>Coach Norbert Pascha, verantwortlich f\u00fcr das Regionalliga-Team und die Laufschule, war anwesend um die Vorstellungen des Filmteams mit dem Knaben-Team umzusetzen.<br \/>\nGanz viel Technik, k\u00fcnstliches Licht und viele Menschen sorgten f\u00fcr ein aufregendes Umfeld in dem das Team die Vorstellungen der Filmleute immer wieder umzusetzen versuchte.<br \/>\nAb 09.30 Uhr wurde gedreht, gefilmt und wiederholt bis die Szenen im Kasten waren.<\/p>\n<p>Trotzdem stand der Spa\u00df an der Sache im Vordergrund und die Mannschaft war begeistert das sie so einen Drehtag miterleben durfte.<\/p>\n<p><strong>Wir bedanken uns bei dem gesamten Team von <a href=\"http:\/\/www.lupa-film.com\/\">Lupa-Film<\/a> und bei Norbert f\u00fcr die Ausdauer mit uns!<\/strong><\/p>\n<p>&nbsp;<\/p>\n<p>Bild: Peter Wendel<\/p>\n","protected":false},"excerpt":{"rendered":"<p>Gro\u00dfer Drehtag am 23.11.2018 in der Erika f\u00fcr die Knabenmannschaft der Knaben. Filmdreh im Erika-He\u00df-Eisstadion Die Firma Lupa-Film war am 23.11.2018 im Erika-He\u00df-Eisstadion zu Gast, um f\u00fcr eines ihrer Filmprojekte ein paar Szenen zu drehen. \u00dcber den Film und die Leute die dabei waren, darf aber leider noch nichts erz\u00e4hlt werden. FASS Berlin war schon [&hellip;]<\/p>\n","protected":false},"author":2,"featured_media":3839,"comment_status":"open","ping_status":"open","sticky":false,"template":"","format":"standard","meta":{"_exactmetrics_skip_tracking":false,"_exactmetrics_sitenote_active":false,"_exactmetrics_sitenote_note":"","_exactmetrics_sitenote_category":0,"jetpack_post_was_ever_published":false,"_jetpack_newsletter_access":"","_jetpack_dont_email_post_to_subs":false,"_jetpack_newsletter_tier_id":0,"_jetpack_memberships_contains_paywalled_content":false,"_jetpack_memberships_contains_paid_content":false,"footnotes":"","jetpack_publicize_message":"","jetpack_publicize_feature_enabled":true,"jetpack_social_post_already_shared":true,"jetpack_social_options":{"image_generator_settings":{"template":"highway","default_image_id":0,"font":"","enabled":false},"version":2}},"categories":[179,184],"tags":[698,696,695,257,694,697],"class_list":["post-3838","post","type-post","status-publish","format-standard","has-post-thumbnail","hentry","category-nachwuchs","category-knaben","tag-drehtag","tag-filmset","tag-flimdreh","tag-knaben","tag-lupa-film","tag-set"],"jetpack_publicize_connections":[],"jetpack_featured_media_url":"https:\/\/www.fass-berlin.de\/wp-content\/uploads\/2018\/11\/2018-11-26_Lupa_film.jpg","jetpack_sharing_enabled":true,"jetpack_shortlink":"https:\/\/wp.me\/paiOCx-ZU","jetpack_likes_enabled":true,"jetpack-related-posts":[],"_links":{"self":[{"href":"https:\/\/www.fass-berlin.de\/startseite\/wp-json\/wp\/v2\/posts\/3838","targetHints":{"allow":["GET"]}}],"collection":[{"href":"https:\/\/www.fass-berlin.de\/startseite\/wp-json\/wp\/v2\/posts"}],"about":[{"href":"https:\/\/www.fass-berlin.de\/startseite\/wp-json\/wp\/v2\/types\/post"}],"author":[{"embeddable":true,"href":"https:\/\/www.fass-berlin.de\/startseite\/wp-json\/wp\/v2\/users\/2"}],"replies":[{"embeddable":true,"href":"https:\/\/www.fass-berlin.de\/startseite\/wp-json\/wp\/v2\/comments?post=3838"}],"version-history":[{"count":5,"href":"https:\/\/www.fass-berlin.de\/startseite\/wp-json\/wp\/v2\/posts\/3838\/revisions"}],"predecessor-version":[{"id":3844,"href":"https:\/\/www.fass-berlin.de\/startseite\/wp-json\/wp\/v2\/posts\/3838\/revisions\/3844"}],"wp:featuredmedia":[{"embeddable":true,"href":"https:\/\/www.fass-berlin.de\/startseite\/wp-json\/wp\/v2\/media\/3839"}],"wp:attachment":[{"href":"https:\/\/www.fass-berlin.de\/startseite\/wp-json\/wp\/v2\/media?parent=3838"}],"wp:term":[{"taxonomy":"category","embeddable":true,"href":"https:\/\/www.fass-berlin.de\/startseite\/wp-json\/wp\/v2\/categories?post=3838"},{"taxonomy":"post_tag","embeddable":true,"href":"https:\/\/www.fass-berlin.de\/startseite\/wp-json\/wp\/v2\/tags?post=3838"}],"curies":[{"name":"wp","href":"https:\/\/api.w.org\/{rel}","templated":true}]}}