{"id":3873,"date":"2018-12-02T18:31:53","date_gmt":"2018-12-02T17:31:53","guid":{"rendered":"https:\/\/www.fass-berlin.de\/startseite\/?p=3873"},"modified":"2018-12-02T18:40:33","modified_gmt":"2018-12-02T17:40:33","slug":"fanfahrt-2018-akademiker-unterwegs","status":"publish","type":"post","link":"https:\/\/www.fass-berlin.de\/startseite\/2018\/12\/02\/fanfahrt-2018-akademiker-unterwegs\/","title":{"rendered":"Fanfahrt 2018 &#8211; Akademiker unterwegs&#8230;."},"content":{"rendered":"<p><strong>Sie sind ja nicht so oft unterwegs, die Akademiker, schon gar nicht so geh\u00e4uft. Daf\u00fcr war die Fahrt an sich aber immerhin lustiger als das Spiel in Sch\u00f6nheide.<br \/>\n<\/strong><strong>Vielen Dank an die Sponsoren von FASS Berlin und die flei\u00dfigen Organisatoren die diesen lustigen Betriebsausflug m\u00f6glich gemacht haben!<\/strong><\/p>\n<p>Das Webeam von FASS Berlin hat f\u00fcr euch ein paar Impressionen von der Fahrt zu einen kleinen Erinnerungsvideo vermischt. Viel Spa\u00df dabei!<\/p>\n","protected":false},"excerpt":{"rendered":"<p>Sie sind ja nicht so oft unterwegs, die Akademiker, schon gar nicht so geh\u00e4uft. Daf\u00fcr war die Fahrt an sich aber immerhin lustiger als das Spiel in Sch\u00f6nheide. Vielen Dank an die Sponsoren von FASS Berlin und die flei\u00dfigen Organisatoren die diesen lustigen Betriebsausflug m\u00f6glich gemacht haben! Das Webeam von FASS Berlin hat f\u00fcr euch [&hellip;]<\/p>\n","protected":false},"author":2,"featured_media":0,"comment_status":"open","ping_status":"open","sticky":false,"template":"","format":"video","meta":{"_exactmetrics_skip_tracking":false,"_exactmetrics_sitenote_active":false,"_exactmetrics_sitenote_note":"","_exactmetrics_sitenote_category":0,"jetpack_post_was_ever_published":false,"_jetpack_newsletter_access":"","_jetpack_dont_email_post_to_subs":false,"_jetpack_newsletter_tier_id":0,"_jetpack_memberships_contains_paywalled_content":false,"_jetpack_memberships_contains_paid_content":false,"footnotes":"","jetpack_publicize_message":"Fanfahrt 2018 - Akademiker unterwegs.... #FASS #Berlin #Eishockey #Fans","jetpack_publicize_feature_enabled":true,"jetpack_social_post_already_shared":true,"jetpack_social_options":{"image_generator_settings":{"template":"highway","default_image_id":0,"font":"","enabled":false},"version":2}},"categories":[50],"tags":[561,708,564,707,706,54,60,118],"class_list":["post-3873","post","type-post","status-publish","format-video","hentry","category-regionalliga-ost","tag-auswaertsfahrt","tag-betriebsausflug","tag-busfahrt","tag-fans","tag-fanzone","tag-fass","tag-regionalliga","tag-schoenheide","post_format-post-format-video"],"jetpack_publicize_connections":[],"jetpack_featured_media_url":"","jetpack_sharing_enabled":true,"jetpack_shortlink":"https:\/\/wp.me\/paiOCx-10t","jetpack_likes_enabled":true,"jetpack-related-posts":[],"_links":{"self":[{"href":"https:\/\/www.fass-berlin.de\/startseite\/wp-json\/wp\/v2\/posts\/3873","targetHints":{"allow":["GET"]}}],"collection":[{"href":"https:\/\/www.fass-berlin.de\/startseite\/wp-json\/wp\/v2\/posts"}],"about":[{"href":"https:\/\/www.fass-berlin.de\/startseite\/wp-json\/wp\/v2\/types\/post"}],"author":[{"embeddable":true,"href":"https:\/\/www.fass-berlin.de\/startseite\/wp-json\/wp\/v2\/users\/2"}],"replies":[{"embeddable":true,"href":"https:\/\/www.fass-berlin.de\/startseite\/wp-json\/wp\/v2\/comments?post=3873"}],"version-history":[{"count":4,"href":"https:\/\/www.fass-berlin.de\/startseite\/wp-json\/wp\/v2\/posts\/3873\/revisions"}],"predecessor-version":[{"id":3877,"href":"https:\/\/www.fass-berlin.de\/startseite\/wp-json\/wp\/v2\/posts\/3873\/revisions\/3877"}],"wp:attachment":[{"href":"https:\/\/www.fass-berlin.de\/startseite\/wp-json\/wp\/v2\/media?parent=3873"}],"wp:term":[{"taxonomy":"category","embeddable":true,"href":"https:\/\/www.fass-berlin.de\/startseite\/wp-json\/wp\/v2\/categories?post=3873"},{"taxonomy":"post_tag","embeddable":true,"href":"https:\/\/www.fass-berlin.de\/startseite\/wp-json\/wp\/v2\/tags?post=3873"}],"curies":[{"name":"wp","href":"https:\/\/api.w.org\/{rel}","templated":true}]}}