{"id":4066,"date":"2018-12-24T06:59:16","date_gmt":"2018-12-24T05:59:16","guid":{"rendered":"https:\/\/www.fass-berlin.de\/startseite\/?p=4066"},"modified":"2018-12-24T06:59:16","modified_gmt":"2018-12-24T05:59:16","slug":"erst-geschlafen-dann-gespielt-und-am-ende-gewonnen","status":"publish","type":"post","link":"https:\/\/www.fass-berlin.de\/startseite\/2018\/12\/24\/erst-geschlafen-dann-gespielt-und-am-ende-gewonnen\/","title":{"rendered":"Erst geschlafen, dann gespielt und am Ende gewonnen"},"content":{"rendered":"<p><strong>Nach einigen Anlaufschwierigkeiten, einem s\u00e4uerlichen Trainer und einer guten Moral holte sich die FASS Allstars im letzten Spiel des Jahres am vergangenen Samstag drei Punkte. Bei der 1b der Berlin Blues wurde mit 8:4 (0:1\/6:3\/2:0) gewonnen.<\/strong><\/p>\n<h5>Geschlafen<\/h5>\n<p>Die Allstars kamen am Samstag nur sehr schwer in Tritt. So konnten Steven Haucke (9.), Marko Lange (23.) und Vincent Sp\u00e4th (24.) die Blues gegen schl\u00e4frige Akademiker in F\u00fchrung bringen. Coach Martin Ohme nahm nach 26 Minuten eine Auszeit und weckte die Jungs auf. Dazu kamen dann ein paar Umstellungen und schon ging es los.<\/p>\n<h5>Gespielt<\/h5>\n<p>Benjamin Salzmann (28.), Christopher Kr\u00e4mer (31.), Maximilian M\u00fcller (32.), Lucien Aicher (33.), Denis Karrenbauer (36.) und erneut Benjamin Salzmann (37.) drehten das Spiel innerhalb von neun Minuten zu Gunsten der Weddinger. Der Anschlusstreffer von Steven Haucke nach 38 Minuten st\u00f6rte vor allem nur noch Torh\u00fcter Dennis Gembus. Denn seine Vorderleute lie\u00dfen nun nichts mehr anbrennen und Jules Thoma sorgte mit zwei Treffern f\u00fcr den Endstand (52., 53.). So wurden doch noch drei wichtige Punkte geholt und der 3. Platz gefestigt. Und Trainer Martin Ohme war am Ende auch wieder einigerma\u00dfen beruhigt.<\/p>\n<p><strong>Die Allstars bedanken sich bei allen Helfern und Fans f\u00fcr die Unterst\u00fctzung in diesem Jahr und w\u00fcnschen allen ein sch\u00f6nes Weihnachtsfest und einen guten Rutsch ins neue Jahr.<\/strong><\/p>\n<p>Schiedsrichter: M. Metzkow, M. A. Niedermeyer<\/p>\n<div class=\"sportspress\"><div class=\"sp-section-content sp-section-content-logos\"><\/div><div class=\"sp-section-content sp-section-content-details\"><div class=\"sp-template sp-template-event-details\">\n\t<h4 class=\"sp-table-caption\">Details<\/h4>\n\t<div class=\"sp-table-wrapper\">\n\t\t<table class=\"sp-event-details sp-data-table\n\t\t\t\t\t sp-scrollable-table\">\n\t\t\t<thead>\n\t\t\t\t<tr>\n\t\t\t\t\t\t\t\t\t\t\t<th>Datum<\/th>\n\t\t\t\t\t\t\t\t\t\t\t\t<th>Zeit<\/th>\n\t\t\t\t\t\t\t\t\t\t<\/tr>\n\t\t\t<\/thead>\n\t\t\t<tbody>\n\t\t\t\t<tr class=\"odd\">\n\t\t\t\t\t\t\t\t\t\t\t<td><\/td>\n\t\t\t\t\t\t\t\t\t\t\t\t<td>60'<\/td>\n\t\t\t\t\t\t\t\t\t\t<\/tr>\n\t\t\t<\/tbody>\n\t\t<\/table>\n\t<\/div>\n<\/div>\n<\/div><div class=\"sp-section-content sp-section-content-results\"><\/div><div class=\"sp-section-content sp-section-content-content\"><\/div><div class=\"sp-section-content sp-section-content-video\"><\/div><div class=\"sp-tab-group\"><\/div><\/div>\n<p>Strafen: Blues 4 (0\/4\/0), FASS 8 (2\/4\/2)<\/p>\n<p>Tore:<\/p>\n<p>1:0 (08:01) S. Haucke;<br \/>\n2:0 (22:53) M. Lange (S. Bork, A. Grabe);<br \/>\n3:0 (23:38) K. Haucke (S. Haucke, A. Petters) PP1;<br \/>\n3:1 (27:12) B. Salzmann (L. Aicher, M. M\u00fcller);<br \/>\n3:2 (30:07) Ch. Kr\u00e4mer (J. M\u00fcller, M. M\u00fcller);<br \/>\n3:3 (31:13) M. M\u00fcller (D. Karrenbauer, L. Aicher);<br \/>\n3:4 (32:50) L. Aicher (B. Salzmann, P. Buscham);<br \/>\n3:5 (35:28) D. Karrenbauer (L. Aicher) PP1;<br \/>\n3:6 (36:04) B. Salzmann (L. Aicher, D. Karrenbauer);<br \/>\n4:6 (37:48) V. Sp\u00e4th (K. Haucke, A. Petters) PP1:<br \/>\n4:7 (51:24) J. Thoma (Ch. Kr\u00e4mer);<br \/>\n4:8 (52:37) J. Thoma (B. Salzmann, L. Aicher);<\/p>\n","protected":false},"excerpt":{"rendered":"<p>Nach einigen Anlaufschwierigkeiten, einem s\u00e4uerlichen Trainer und einer guten Moral holte sich die FASS Allstars im letzten Spiel des Jahres am vergangenen Samstag drei Punkte. Bei der 1b der Berlin Blues wurde mit 8:4 (0:1\/6:3\/2:0) gewonnen. Geschlafen Die Allstars kamen am Samstag nur sehr schwer in Tritt. So konnten Steven Haucke (9.), Marko Lange (23.) [&hellip;]<\/p>\n","protected":false},"author":15,"featured_media":2725,"comment_status":"open","ping_status":"open","sticky":false,"template":"","format":"standard","meta":{"_exactmetrics_skip_tracking":false,"_exactmetrics_sitenote_active":false,"_exactmetrics_sitenote_note":"","_exactmetrics_sitenote_category":0,"jetpack_post_was_ever_published":false,"_jetpack_newsletter_access":"","_jetpack_dont_email_post_to_subs":false,"_jetpack_newsletter_tier_id":0,"_jetpack_memberships_contains_paywalled_content":false,"_jetpack_memberships_contains_paid_content":false,"footnotes":"","jetpack_publicize_message":"Erst geschlafen, dann gespielt und am Ende gewonnen\r\n#FASS #Berlin #Eishockey #Landesliga","jetpack_publicize_feature_enabled":true,"jetpack_social_post_already_shared":true,"jetpack_social_options":{"image_generator_settings":{"template":"highway","default_image_id":0,"font":"","enabled":false},"version":2}},"categories":[53],"tags":[55,225,691,61],"class_list":["post-4066","post","type-post","status-publish","format-standard","has-post-thumbnail","hentry","category-landesliga","tag-berlin","tag-blues","tag-charlottenburg","tag-landesliga"],"jetpack_publicize_connections":[],"jetpack_featured_media_url":"https:\/\/www.fass-berlin.de\/wp-content\/uploads\/2018\/09\/kat_landesliga_beitragsbild.jpg","jetpack_sharing_enabled":true,"jetpack_shortlink":"https:\/\/wp.me\/paiOCx-13A","jetpack_likes_enabled":true,"jetpack-related-posts":[],"_links":{"self":[{"href":"https:\/\/www.fass-berlin.de\/startseite\/wp-json\/wp\/v2\/posts\/4066","targetHints":{"allow":["GET"]}}],"collection":[{"href":"https:\/\/www.fass-berlin.de\/startseite\/wp-json\/wp\/v2\/posts"}],"about":[{"href":"https:\/\/www.fass-berlin.de\/startseite\/wp-json\/wp\/v2\/types\/post"}],"author":[{"embeddable":true,"href":"https:\/\/www.fass-berlin.de\/startseite\/wp-json\/wp\/v2\/users\/15"}],"replies":[{"embeddable":true,"href":"https:\/\/www.fass-berlin.de\/startseite\/wp-json\/wp\/v2\/comments?post=4066"}],"version-history":[{"count":3,"href":"https:\/\/www.fass-berlin.de\/startseite\/wp-json\/wp\/v2\/posts\/4066\/revisions"}],"predecessor-version":[{"id":4069,"href":"https:\/\/www.fass-berlin.de\/startseite\/wp-json\/wp\/v2\/posts\/4066\/revisions\/4069"}],"wp:featuredmedia":[{"embeddable":true,"href":"https:\/\/www.fass-berlin.de\/startseite\/wp-json\/wp\/v2\/media\/2725"}],"wp:attachment":[{"href":"https:\/\/www.fass-berlin.de\/startseite\/wp-json\/wp\/v2\/media?parent=4066"}],"wp:term":[{"taxonomy":"category","embeddable":true,"href":"https:\/\/www.fass-berlin.de\/startseite\/wp-json\/wp\/v2\/categories?post=4066"},{"taxonomy":"post_tag","embeddable":true,"href":"https:\/\/www.fass-berlin.de\/startseite\/wp-json\/wp\/v2\/tags?post=4066"}],"curies":[{"name":"wp","href":"https:\/\/api.w.org\/{rel}","templated":true}]}}