{"id":4251,"date":"2019-01-17T16:30:00","date_gmt":"2019-01-17T15:30:00","guid":{"rendered":"https:\/\/www.fass-berlin.de\/startseite\/?p=4251"},"modified":"2019-01-17T15:50:55","modified_gmt":"2019-01-17T14:50:55","slug":"sind-die-gruppen-schon-gesetzt-mega-eishockey-wochenende-bei-fass-berlin-hinter-den-kulissen-von-fass","status":"publish","type":"post","link":"https:\/\/www.fass-berlin.de\/startseite\/2019\/01\/17\/sind-die-gruppen-schon-gesetzt-mega-eishockey-wochenende-bei-fass-berlin-hinter-den-kulissen-von-fass\/","title":{"rendered":"Sind die Gruppen schon gesetzt? &#8211; Mega-Eishockey-Wochenende bei FASS Berlin &#8211; Hinter den Kulissen von FASS"},"content":{"rendered":"<p><strong>Die Regionalligen Nord und Ost scheinen entschieden. Gibt es noch Gerangel um die Pl\u00e4tze? Verbandsliga, Regionalliga und Landesliga &#8211; Eishockey satt in Berlin bei den Top-Spielen von FASS Berlin am Samstag und Sonntag!<\/strong><\/p>\n<h5>Sande und HSV die \u00dcberflieger<\/h5>\n<figure id=\"attachment_2876\" aria-describedby=\"caption-attachment-2876\" style=\"width: 300px\" class=\"wp-caption alignleft\"><a href=\"https:\/\/www.fass-berlin.de\/wp-content\/uploads\/2018\/09\/20180922190519_IMG_4634-02.jpeg\"><img loading=\"lazy\" decoding=\"async\" class=\"size-medium wp-image-2876\" src=\"https:\/\/www.fass-berlin.de\/wp-content\/uploads\/2018\/09\/20180922190519_IMG_4634-02-300x200.jpeg\" alt=\"FASS -HSV RLO 2018-09-22\" width=\"300\" height=\"200\" srcset=\"https:\/\/www.fass-berlin.de\/wp-content\/uploads\/2018\/09\/20180922190519_IMG_4634-02-300x200.jpeg 300w, https:\/\/www.fass-berlin.de\/wp-content\/uploads\/2018\/09\/20180922190519_IMG_4634-02-600x400.jpeg 600w, https:\/\/www.fass-berlin.de\/wp-content\/uploads\/2018\/09\/20180922190519_IMG_4634-02-768x512.jpeg 768w, https:\/\/www.fass-berlin.de\/wp-content\/uploads\/2018\/09\/20180922190519_IMG_4634-02-1024x683.jpeg 1024w, https:\/\/www.fass-berlin.de\/wp-content\/uploads\/2018\/09\/20180922190519_IMG_4634-02-128x85.jpeg 128w, https:\/\/www.fass-berlin.de\/wp-content\/uploads\/2018\/09\/20180922190519_IMG_4634-02-32x21.jpeg 32w, https:\/\/www.fass-berlin.de\/wp-content\/uploads\/2018\/09\/20180922190519_IMG_4634-02-272x182.jpeg 272w, https:\/\/www.fass-berlin.de\/wp-content\/uploads\/2018\/09\/20180922190519_IMG_4634-02-150x100.jpeg 150w, https:\/\/www.fass-berlin.de\/wp-content\/uploads\/2018\/09\/20180922190519_IMG_4634-02.jpeg 1749w\" sizes=\"auto, (max-width: 300px) 100vw, 300px\" \/><\/a><figcaption id=\"caption-attachment-2876\" class=\"wp-caption-text\">FASS macht Druck auf das Tor der Hamburger, Foto: Christiane Kuhn<\/figcaption><\/figure>\n<p>Die Top-Zwei der Regionalliga Nord programmieren schon die Navis f\u00fcr die Verzahnung mit dem Norden, das ist so sicher wie Ebbe und Flut in der Nordsee.<br \/>\nEbenso sicher muss Finn Sonntag dieses Jahr auf die &#8222;Berliner&#8220; verzichten und auch die Weserstars werden diese Saison wohl vorzeitig beenden, stehen doch auch sie als Vorletzter schon 8 Punkte hinter dem 4. Platz.<\/p>\n<p>Die beiden Treffen sich dann auch zum Kellerduell am Freitag in Adendorf und es bleibt abzuwarten wer anschlie\u00dfend noch gr\u00f6\u00dfere Wunden leckt in einer f\u00fcr beide Teams verkorksten Saison.<br \/>\nEbenfalls am Freitag das Duell des Spitzenreiters gegen den 4., also ECW Sande gegen den EC Nordhorn in Nordhorn.<br \/>\nNordhorn k\u00f6nnte noch ein paar Punkte Abstand brauchen, um sicher in unter den Top-4 zu bleiben. Ob das gegen den \u00dcberflieger der Liga gelingt?<\/p>\n<p>Sonntag trifft der HSV (2.) auf Salzgitter (3.), der HSV hat hier 10 Punkte Vorsprung, trotzdem ist es das wohl spannendste Spiel zwischen den direkten Tabellennachbarn in Brokdorf.<br \/>\nEbenfalls am Sonntag reist der Adendorfer EC nach Sande, sicherlich schwere Kilometer f\u00fcr den Letzten.<\/p>\n<h5>FASS und Sch\u00f6nheide on Top<\/h5>\n<p>Das gleiche Bild findet sich in der Regionalliga Ost wieder: Sch\u00f6nheide ist schon Meister und FASS auf dem zweiten Platz hat 12 Punkte Vorsprung auf den dritten Platz.<\/p>\n\t\t\t<div \n\t\t\tclass=\"yotu-playlist yotuwp yotu-limit-min yotu-limit-max   yotu-thumb-43  yotu-template-grid\" \n\t\t\tdata-page=\"1\"\n\t\t\tid=\"yotuwp-69f49a95ac0c2\"\n\t\t\tdata-yotu=\"69f49a95d7d0b\"\n\t\t\tdata-total=\"1\"\n\t\t\tdata-settings=\"eyJ0eXBlIjoidmlkZW9zIiwiaWQiOiJSRlluWkpzeGxhZyIsInBhZ2luYXRpb24iOiJvbiIsInBhZ2l0eXBlIjoicGFnZXIiLCJjb2x1bW4iOiIyIiwicGVyX3BhZ2UiOiIxMiIsInRlbXBsYXRlIjoiZ3JpZCIsInRpdGxlIjoib24iLCJkZXNjcmlwdGlvbiI6Im9mZiIsInRodW1icmF0aW8iOiI0MyIsIm1ldGEiOiJvZmYiLCJtZXRhX2RhdGEiOiJvZmYiLCJtZXRhX3Bvc2l0aW9uIjoib2ZmIiwiZGF0ZV9mb3JtYXQiOiJvZmYiLCJtZXRhX2FsaWduIjoib2ZmIiwic3Vic2NyaWJlIjoib2ZmIiwiZHVyYXRpb24iOiJvZmYiLCJtZXRhX2ljb24iOiJvZmYiLCJuZXh0dGV4dCI6IiIsInByZXZ0ZXh0IjoiIiwibG9hZG1vcmV0ZXh0IjoiIiwicGxheWVyIjp7Im1vZGUiOiJsYXJnZSIsIndpZHRoIjo4MDAsInNjcm9sbGluZyI6IjEwMCIsImF1dG9wbGF5IjowLCJjb250cm9scyI6MSwibW9kZXN0YnJhbmRpbmciOjEsImxvb3AiOjAsImF1dG9uZXh0IjowLCJzaG93aW5mbyI6MSwicmVsIjoxLCJwbGF5aW5nIjoxLCJwbGF5aW5nX2Rlc2NyaXB0aW9uIjoxLCJ0aHVtYm5haWxzIjowLCJjY19sb2FkX3BvbGljeSI6MCwiY2NfbGFuZ19wcmVmIjowLCJobCI6MCwiaXZfbG9hZF9wb2xpY3kiOjAsImFtcDtjY19sb2FkX3BvbGljeSI6MCwiYW1wO2l2X2xvYWRfcG9saWN5IjozfSwibGFzdF90YWIiOiJzZXR0aW5ncyIsInVzZV9hc19tb2RhbCI6Im9mZiIsIm1vZGFsX2lkIjoib2ZmIiwibGFzdF91cGRhdGUiOiIiLCJzdHlsaW5nIjp7InBhZ2VyX2xheW91dCI6ImRlZmF1bHQiLCJidXR0b24iOiIxIiwiYnV0dG9uX2NvbG9yIjoiIiwiYnV0dG9uX2JnX2NvbG9yIjoiIiwiYnV0dG9uX2NvbG9yX2hvdmVyIjoiIiwiYnV0dG9uX2JnX2NvbG9yX2hvdmVyIjoiIiwidmlkZW9fc3R5bGUiOiIiLCJwbGF5aWNvbl9jb2xvciI6IiIsImhvdmVyX2ljb24iOiIiLCJnYWxsZXJ5X2JnIjoiIn0sImVmZmVjdHMiOnsidmlkZW9fYm94IjoiIiwiZmxpcF9lZmZlY3QiOiIifSwiZ2FsbGVyeV9pZCI6IjY5ZjQ5YTk1YWMwYzIifQ==\"\n\t\t\tdata-player=\"large\"\n\t\t\tdata-showdesc=\"off\" >\n\t\t\t\t<div>\n\t\t\t\t\t\t\t\t\t\t<div class=\"yotu-wrapper-player\" style=\"width:800px\">\n\t\t\t\t\t\t\t\t\t\t\t\t\t<div class=\"yotu-playing\">\n\t\t\t\t\t\t\t\tFASS on air: FASS Berlin - Sch\u00f6nheider W\u00f6lfe\t\t\t\t\t\t\t<\/div>\n\t\t\t\t\t\t\t\t\t\t\t\t<div class=\"yotu-player\">\n\t\t\t\t\t\t\t<div class=\"yotu-video-placeholder\" id=\"yotu-player-69f49a95d7d0b\"><\/div>\n\t\t\t\t\t\t<\/div>\n\t\t\t\t\t\t<div class=\"yotu-playing-status\"><\/div>\n\t\t\t\t\t\t\t\t\t\t\t\t<div class=\"yotu-playing-description\">\n\t\t\t\t\t\t\t\t\t\t\t\t\t<\/div>\n\t\t\t\t\t\t\t\t\t\t\t<\/div>\n\n\t\t\t\t\t<div class=\"yotu-pagination yotu-hide yotu-pager_layout-default yotu-pagination-top\">\n<a href=\"#\" class=\"yotu-pagination-prev yotu-button-prs yotu-button-prs-1\" data-page=\"prev\">Voriges<\/a>\n<span class=\"yotu-pagination-current\">1<\/span> <span>von<\/span> <span class=\"yotu-pagination-total\">1<\/span>\n<a href=\"#\" class=\"yotu-pagination-next yotu-button-prs yotu-button-prs-1\" data-page=\"next\">N\u00e4chstes<\/a>\n<\/div>\n<div class=\"yotu-videos yotu-mode-grid yotu-column-2 yotu-player-mode-large\">\n\t<ul>\n\t\t\t\t\t<li class=\" yotu-first yotu-last\">\n\t\t\t\t\t\t\t\t<a href=\"#RFYnZJsxlag\" class=\"yotu-video\" data-videoid=\"RFYnZJsxlag\" data-title=\"FASS on air: FASS Berlin - Sch\u00f6nheider W\u00f6lfe\" title=\"FASS on air: FASS Berlin - Sch\u00f6nheider W\u00f6lfe\">\n\t\t\t\t\t<div class=\"yotu-video-thumb-wrp\">\n\t\t\t\t\t\t<div>\n\t\t\t\t\t\t\t\t\t\t\t\t\t\t<img decoding=\"async\" class=\"yotu-video-thumb\" src=\"https:\/\/i.ytimg.com\/vi\/RFYnZJsxlag\/sddefault.jpg\" alt=\"FASS on air: FASS Berlin - Sch\u00f6nheider W\u00f6lfe\">\t\n\t\t\t\t\t\t\t\t\t\t\t\t\t<\/div>\n\t\t\t\t\t<\/div>\n\t\t\t\t\t\t\t\t\t\t\t<h3 class=\"yotu-video-title\">FASS on air: FASS Berlin - Sch\u00f6nheider W\u00f6lfe<\/h3>\n\t\t\t\t\t\t\t\t\t\t\t\t\t\t\t\t\t\t\t<\/a>\n\t\t\t\t\t\t\t<\/li>\n\t\t\t\t\n\t\t\t\t<\/ul>\n<\/div><div class=\"yotu-pagination yotu-hide yotu-pager_layout-default yotu-pagination-bottom\">\n<a href=\"#\" class=\"yotu-pagination-prev yotu-button-prs yotu-button-prs-1\" data-page=\"prev\">Voriges<\/a>\n<span class=\"yotu-pagination-current\">1<\/span> <span>von<\/span> <span class=\"yotu-pagination-total\">1<\/span>\n<a href=\"#\" class=\"yotu-pagination-next yotu-button-prs yotu-button-prs-1\" data-page=\"next\">N\u00e4chstes<\/a>\n<\/div>\n\t\t\t\t<\/div>\n\t\t\t<\/div>\n\t\t\t\n<p>Den Auftakt am Samstag, schon um 12.30 Uhr, machen die Saale Bulls zu Hause gegen Tornado Niesky. Die windigen Jungs aus Niesky waren hier schon mal unter die R\u00e4der geraten, was auch wieder passieren m\u00fcsste, wenn die Bulls noch mal den 4. Platz attackieren m\u00f6chten. Die Bulls spielen tags darauf gegen Dresden uns k\u00f6nnten mit einem Sieg dann die L\u00fccke zum begehrten vierten Platz etwas schlie\u00dfen.<\/p>\n<p>Crashers gegen Berlin Blues (17 Uhr) hei\u00dft die n\u00e4chste Paarung, in der die Crashers vermutlich ihren guten Tabellenplatz weiter sichern wollen.<\/p>\n<p>Topspiel des Tages aber unbestritten das erneute Duell zwischen <strong>FASS Berlin<\/strong> und den noch immer ungeschlagenen W\u00f6lfen aus <strong>Sch\u00f6nheide<\/strong> um <a href=\"https:\/\/www.fass-berlin.de\/startseite\/event\/fass-vs-woelfe-4\/\">19 Uhr im Erika-He\u00df-Eisstadion im Berliner Wedding (Eintritt 5\u20ac)<\/a>. Die Berliner und ihre Fans sind motiviert hier noch mal alles in die Waagschale zu werfen um dem G\u00e4sten die perfekte Saison doch noch zu vermasseln.<\/p>\n<p>Ein ganz anderes Highlight ist dann die Partie der Bad Muskau Bombers gegen Tornado Niesky, die <a href=\"https:\/\/www.mdr.de\/sport\/sport-im-osten\/video-266404.html?fbclid=IwAR1InLbWWOlhjGOgtvP4VE-jPYJIXHbpNIc8d75wV_2MQX1KmrbXRhLjLmk\">vom MDR live \u00fcbertragen<\/a> wird!<\/p>\n<h5>Eishockey satt im Wedding<\/h5>\n<figure id=\"attachment_3944\" aria-describedby=\"caption-attachment-3944\" style=\"width: 300px\" class=\"wp-caption alignright\"><a href=\"https:\/\/www.fass-berlin.de\/wp-content\/uploads\/2018\/12\/IMG_0563.jpg\"><img loading=\"lazy\" decoding=\"async\" class=\"size-medium wp-image-3944\" src=\"https:\/\/www.fass-berlin.de\/wp-content\/uploads\/2018\/12\/IMG_0563-300x181.jpg\" alt=\"2018-12-08 Landesliga FASS Club\" width=\"300\" height=\"181\" srcset=\"https:\/\/www.fass-berlin.de\/wp-content\/uploads\/2018\/12\/IMG_0563-300x181.jpg 300w, https:\/\/www.fass-berlin.de\/wp-content\/uploads\/2018\/12\/IMG_0563-768x464.jpg 768w, https:\/\/www.fass-berlin.de\/wp-content\/uploads\/2018\/12\/IMG_0563-1024x619.jpg 1024w, https:\/\/www.fass-berlin.de\/wp-content\/uploads\/2018\/12\/IMG_0563-128x77.jpg 128w, https:\/\/www.fass-berlin.de\/wp-content\/uploads\/2018\/12\/IMG_0563-32x19.jpg 32w, https:\/\/www.fass-berlin.de\/wp-content\/uploads\/2018\/12\/IMG_0563.jpg 1986w\" sizes=\"auto, (max-width: 300px) 100vw, 300px\" \/><\/a><figcaption id=\"caption-attachment-3944\" class=\"wp-caption-text\">Get\u00fcmmel vor dem Tor des Clubs, Foto: Christiane Kuhn<\/figcaption><\/figure>\n<p>Der Berliner Eishockey-Fan hat diese Wochenende ein volles Programm bei FASS Berlin: Am <a href=\"https:\/\/www.fass-berlin.de\/startseite\/event\/fass-vs-tigers\/\">Samstag um 14.30 Uhr spielt das <strong>Team der Verbandsliga<\/strong> im Erika-He\u00df-Eisstadion<\/a> gegen die <strong>Harsefeld Tigers<\/strong> um die ersten Punkte in einer bisher schwierigen Saison.<\/p>\n<p>Wer dann nach dem Regio-Topspiel am Samstag Abend noch nicht genug hat, besucht am<a href=\"https:\/\/www.fass-berlin.de\/startseite\/event\/juniors-vs-fass\/\"> Sonntag, 20.01.2019 das Top-Spiel der Landesliga Berlin (17 Uhr, Wellblechpalast)<\/a> zwischen den <strong>Eisb\u00e4ren Juniors (1.)<\/strong>\u00a0 und den <strong>AllStars der FASS Berlin Landesliga (2.)<\/strong>.<\/p>\n<h5>Dein Heimspiel &#8211; Live &amp; Hautnah<\/h5>\n<p>Mach ein Heimspiel zu Deinem Heimspiel und ersteigere Dir einen Tag hinter den Kulissen eines Regionalliga-Spiels!<br \/>\n<a href=\"https:\/\/www.fass-berlin.de\/startseite\/anmelden\/\">Melde dich hier auf der Webseite an<\/a> und biete mit um einen Tag zwischen Spielerkabine und Mannschaftsbank und nutze Deine Chance die Jungs von FASS Berlin mal aus der N\u00e4he kennen zu lernen!<\/p>\n<a href=\"https:\/\/www.fass-berlin.de\/startseite\/fanauktion\/\" class=\"su-button su-button-style-3d\" style=\"color:#FFFFFF;background-color:#cd2929;border-color:#a42121;border-radius:7px\" target=\"_blank\" rel=\"noopener noreferrer\"><span style=\"color:#FFFFFF;padding:7px 20px;font-size:16px;line-height:24px;border-color:#dc6a6a;border-radius:7px;text-shadow:none\"><i class=\"sui sui-chevron-right\" style=\"font-size:16px;color:#FFFFFF\"><\/i> Zur Fan-Auktion<\/span><\/a>\n<p>&nbsp;<\/p>\n<p>Fotos: Christiane Kuhn<\/p>\n","protected":false},"excerpt":{"rendered":"<p>Die Regionalligen Nord und Ost scheinen entschieden. Gibt es noch Gerangel um die Pl\u00e4tze? Verbandsliga, Regionalliga und Landesliga &#8211; Eishockey satt in Berlin bei den Top-Spielen von FASS Berlin am Samstag und Sonntag! Sande und HSV die \u00dcberflieger Die Top-Zwei der Regionalliga Nord programmieren schon die Navis f\u00fcr die Verzahnung mit dem Norden, das ist [&hellip;]<\/p>\n","protected":false},"author":2,"featured_media":3866,"comment_status":"open","ping_status":"open","sticky":false,"template":"","format":"standard","meta":{"_exactmetrics_skip_tracking":false,"_exactmetrics_sitenote_active":false,"_exactmetrics_sitenote_note":"","_exactmetrics_sitenote_category":0,"jetpack_post_was_ever_published":false,"_jetpack_newsletter_access":"","_jetpack_dont_email_post_to_subs":false,"_jetpack_newsletter_tier_id":0,"_jetpack_memberships_contains_paywalled_content":false,"_jetpack_memberships_contains_paid_content":false,"footnotes":"","jetpack_publicize_message":"Mega-Eishockey-Wochenende bei FASS Berlin\r\n#FASS #Berlin #Eishockey #Regionalliga #Landesliga #Verbandsliga","jetpack_publicize_feature_enabled":true,"jetpack_social_post_already_shared":true,"jetpack_social_options":{"image_generator_settings":{"template":"highway","default_image_id":0,"font":"","enabled":false},"version":2}},"categories":[53,50],"tags":[55,80,315,89,650,349,118,207,759,757,758],"class_list":["post-4251","post","type-post","status-publish","format-standard","has-post-thumbnail","hentry","category-landesliga","category-regionalliga-ost","tag-berlin","tag-eisbaeren","tag-harsefeld","tag-juniors","tag-kellerduell","tag-sande","tag-schoenheide","tag-spitzenspiel","tag-tigers","tag-verzahnungsrunde","tag-zwischenrunde"],"jetpack_publicize_connections":[],"jetpack_featured_media_url":"https:\/\/www.fass-berlin.de\/wp-content\/uploads\/2018\/12\/0112-2018-0704974127714051806123.jpeg","jetpack_sharing_enabled":true,"jetpack_shortlink":"https:\/\/wp.me\/paiOCx-16z","jetpack_likes_enabled":true,"jetpack-related-posts":[],"_links":{"self":[{"href":"https:\/\/www.fass-berlin.de\/startseite\/wp-json\/wp\/v2\/posts\/4251","targetHints":{"allow":["GET"]}}],"collection":[{"href":"https:\/\/www.fass-berlin.de\/startseite\/wp-json\/wp\/v2\/posts"}],"about":[{"href":"https:\/\/www.fass-berlin.de\/startseite\/wp-json\/wp\/v2\/types\/post"}],"author":[{"embeddable":true,"href":"https:\/\/www.fass-berlin.de\/startseite\/wp-json\/wp\/v2\/users\/2"}],"replies":[{"embeddable":true,"href":"https:\/\/www.fass-berlin.de\/startseite\/wp-json\/wp\/v2\/comments?post=4251"}],"version-history":[{"count":5,"href":"https:\/\/www.fass-berlin.de\/startseite\/wp-json\/wp\/v2\/posts\/4251\/revisions"}],"predecessor-version":[{"id":4259,"href":"https:\/\/www.fass-berlin.de\/startseite\/wp-json\/wp\/v2\/posts\/4251\/revisions\/4259"}],"wp:featuredmedia":[{"embeddable":true,"href":"https:\/\/www.fass-berlin.de\/startseite\/wp-json\/wp\/v2\/media\/3866"}],"wp:attachment":[{"href":"https:\/\/www.fass-berlin.de\/startseite\/wp-json\/wp\/v2\/media?parent=4251"}],"wp:term":[{"taxonomy":"category","embeddable":true,"href":"https:\/\/www.fass-berlin.de\/startseite\/wp-json\/wp\/v2\/categories?post=4251"},{"taxonomy":"post_tag","embeddable":true,"href":"https:\/\/www.fass-berlin.de\/startseite\/wp-json\/wp\/v2\/tags?post=4251"}],"curies":[{"name":"wp","href":"https:\/\/api.w.org\/{rel}","templated":true}]}}