{"id":4356,"date":"2019-01-30T12:56:23","date_gmt":"2019-01-30T11:56:23","guid":{"rendered":"https:\/\/www.fass-berlin.de\/startseite\/?p=4356"},"modified":"2019-01-30T21:48:37","modified_gmt":"2019-01-30T20:48:37","slug":"verbandsliga-der-kampf-um-die-mindestantrittsstaerke","status":"publish","type":"post","link":"https:\/\/www.fass-berlin.de\/startseite\/2019\/01\/30\/verbandsliga-der-kampf-um-die-mindestantrittsstaerke\/","title":{"rendered":"Verbandsliga: Der Kampf um die Mindestantrittsst\u00e4rke"},"content":{"rendered":"<p><strong>Bereits der vergangenen\u00a0 Woche zeichnete sich ab, dass durch berufliche Verpflichtungen, Krankheit usw. der Kader f\u00fcr das Ausw\u00e4rtsspiel gegen die Herren ESC Wedemark Scorpions mal wieder sehr d\u00fcnn sein w\u00fcrde. Dass aber am Donnerstag, 2 Tage vor dem Spiel, nur ein Kader von 8+2 zur Verf\u00fcgung stand, war mehr als deprimierend. <\/strong><\/p>\n<h5>Spielersuche<\/h5>\n<figure id=\"attachment_4360\" aria-describedby=\"caption-attachment-4360\" style=\"width: 208px\" class=\"wp-caption alignright\"><a href=\"https:\/\/www.fass-berlin.de\/wp-content\/uploads\/2019\/01\/Foto-Piroddi-26.01.19.jpg\"><img loading=\"lazy\" decoding=\"async\" class=\"size-medium wp-image-4360\" src=\"https:\/\/www.fass-berlin.de\/wp-content\/uploads\/2019\/01\/Foto-Piroddi-26.01.19-208x300.jpg\" alt=\"2019-01-26 Verbandsliga nord wedemark FASS\" width=\"208\" height=\"300\" srcset=\"https:\/\/www.fass-berlin.de\/wp-content\/uploads\/2019\/01\/Foto-Piroddi-26.01.19-208x300.jpg 208w, https:\/\/www.fass-berlin.de\/wp-content\/uploads\/2019\/01\/Foto-Piroddi-26.01.19-768x1105.jpg 768w, https:\/\/www.fass-berlin.de\/wp-content\/uploads\/2019\/01\/Foto-Piroddi-26.01.19-711x1024.jpg 711w, https:\/\/www.fass-berlin.de\/wp-content\/uploads\/2019\/01\/Foto-Piroddi-26.01.19-89x128.jpg 89w, https:\/\/www.fass-berlin.de\/wp-content\/uploads\/2019\/01\/Foto-Piroddi-26.01.19-22x32.jpg 22w, https:\/\/www.fass-berlin.de\/wp-content\/uploads\/2019\/01\/Foto-Piroddi-26.01.19.jpg 922w\" sizes=\"auto, (max-width: 208px) 100vw, 208px\" \/><\/a><figcaption id=\"caption-attachment-4360\" class=\"wp-caption-text\">Dario Piroddi auf dem Eis, Foto: Steffi Rathje<\/figcaption><\/figure>\n<p>Nachdem im Plan B (Spieler aus unseren anderen Seniorenmannschaften zur Unterst\u00fctzung zu holen) nichts zu machen war, das Spiel aber unbedingt stattfinden sollte, war etwas Kreativit\u00e4t gefragt.<br \/>\nNun gut,\u00a0 Coach Michael Reinhardt ging also wieder mal mit auf das Eis und unser Goalie Dario Piroddi (#36) war bereit seinen Torraum gegen die restliche Eisfl\u00e4che zu tauschen und den Kasten ganz Max Lorenz zu \u00fcberlassen.<br \/>\nLars Krautmann, der eh in Hannover unterwegs war, schmiss kurzerhand seine eigentlichen Pl\u00e4ne f\u00fcr den Samstagabend \u00fcber den Haufen, und kam nach Wedemark nachgereist um als Backup-Goalie sein Team zu unterst\u00fctzen.<br \/>\nSo macht man also aus einem 8+2 Kader ein antrittsf\u00e4higes 10+2 Team! Wedemark dagegen hatte einen Kader von 15+2 aufzubieten.<\/p>\n<h5>Das Spiel<\/h5>\n<p>In einem durchaus fairen Spiel, mit Strafzeiten von jeweils insgesamt 2 Minuten auf beiden Seiten, zeigte die 1b von FASS endlich mal wieder Spielfreude.<br \/>\nBereits im 1.Drittel kam man viel h\u00e4ufiger vor das gegnerische Tor und zu mehr Torsch\u00fcssen als noch vor einer Woche zu Hause \u00fcber drei Drittel.<br \/>\nDie Angriffe der Gegner wurden auch deutlich fr\u00fcher gest\u00f6rt.<\/p>\n<p>Leider fehlte es, neben ein paar Spielern, am sicheren Abschluss auf das Tor. Der Jubel war gro\u00df als in der 32. Minute unser Juniorenspieler Maik Palicki (nach Vorlage von Michael Reinhardt und Dennis Wegener) auf 3:1 verk\u00fcrzte.<br \/>\nLeider blieb es trotz mehrerer Chancen bei dem einen Tor f\u00fcr FASS und das Team musste sich letztendlich mit einem 8:1 (2:0; 2:1; 4:0) geschlagen geben.<\/p>\n<div class=\"sportspress\"><\/div>\n<p><strong>Kader FASS:<\/strong><br \/>\nLorenz, Krautmann<br \/>\nPiroddi, Palicki, , Wegener<br \/>\nWartha, M\u00fcller,Fl<br \/>\nHoshino, Frehse, M\u00fcller, Fa.<br \/>\nR\u00f6themeier, Reinhardt<\/p>\n<p>&nbsp;<\/p>\n","protected":false},"excerpt":{"rendered":"<p>Bereits der vergangenen\u00a0 Woche zeichnete sich ab, dass durch berufliche Verpflichtungen, Krankheit usw. der Kader f\u00fcr das Ausw\u00e4rtsspiel gegen die Herren ESC Wedemark Scorpions mal wieder sehr d\u00fcnn sein w\u00fcrde. Dass aber am Donnerstag, 2 Tage vor dem Spiel, nur ein Kader von 8+2 zur Verf\u00fcgung stand, war mehr als deprimierend. Spielersuche Nachdem im Plan [&hellip;]<\/p>\n","protected":false},"author":4,"featured_media":4359,"comment_status":"open","ping_status":"open","sticky":false,"template":"","format":"standard","meta":{"_exactmetrics_skip_tracking":false,"_exactmetrics_sitenote_active":false,"_exactmetrics_sitenote_note":"","_exactmetrics_sitenote_category":0,"jetpack_post_was_ever_published":false,"_jetpack_newsletter_access":"","_jetpack_dont_email_post_to_subs":false,"_jetpack_newsletter_tier_id":0,"_jetpack_memberships_contains_paywalled_content":false,"_jetpack_memberships_contains_paid_content":false,"footnotes":"","jetpack_publicize_message":"","jetpack_publicize_feature_enabled":true,"jetpack_social_post_already_shared":true,"jetpack_social_options":{"image_generator_settings":{"template":"highway","default_image_id":0,"font":"","enabled":false},"version":2}},"categories":[1],"tags":[744,114,93],"class_list":["post-4356","post","type-post","status-publish","format-standard","has-post-thumbnail","hentry","category-fass_allgemein","tag-mannschaft","tag-nord","tag-wedemark"],"jetpack_publicize_connections":[],"jetpack_featured_media_url":"https:\/\/www.fass-berlin.de\/wp-content\/uploads\/2019\/01\/Foto-26.01.19.jpg","jetpack_sharing_enabled":true,"jetpack_shortlink":"https:\/\/wp.me\/paiOCx-18g","jetpack_likes_enabled":true,"jetpack-related-posts":[],"_links":{"self":[{"href":"https:\/\/www.fass-berlin.de\/startseite\/wp-json\/wp\/v2\/posts\/4356","targetHints":{"allow":["GET"]}}],"collection":[{"href":"https:\/\/www.fass-berlin.de\/startseite\/wp-json\/wp\/v2\/posts"}],"about":[{"href":"https:\/\/www.fass-berlin.de\/startseite\/wp-json\/wp\/v2\/types\/post"}],"author":[{"embeddable":true,"href":"https:\/\/www.fass-berlin.de\/startseite\/wp-json\/wp\/v2\/users\/4"}],"replies":[{"embeddable":true,"href":"https:\/\/www.fass-berlin.de\/startseite\/wp-json\/wp\/v2\/comments?post=4356"}],"version-history":[{"count":4,"href":"https:\/\/www.fass-berlin.de\/startseite\/wp-json\/wp\/v2\/posts\/4356\/revisions"}],"predecessor-version":[{"id":4364,"href":"https:\/\/www.fass-berlin.de\/startseite\/wp-json\/wp\/v2\/posts\/4356\/revisions\/4364"}],"wp:featuredmedia":[{"embeddable":true,"href":"https:\/\/www.fass-berlin.de\/startseite\/wp-json\/wp\/v2\/media\/4359"}],"wp:attachment":[{"href":"https:\/\/www.fass-berlin.de\/startseite\/wp-json\/wp\/v2\/media?parent=4356"}],"wp:term":[{"taxonomy":"category","embeddable":true,"href":"https:\/\/www.fass-berlin.de\/startseite\/wp-json\/wp\/v2\/categories?post=4356"},{"taxonomy":"post_tag","embeddable":true,"href":"https:\/\/www.fass-berlin.de\/startseite\/wp-json\/wp\/v2\/tags?post=4356"}],"curies":[{"name":"wp","href":"https:\/\/api.w.org\/{rel}","templated":true}]}}