{"id":4366,"date":"2019-01-31T19:44:59","date_gmt":"2019-01-31T18:44:59","guid":{"rendered":"https:\/\/www.fass-berlin.de\/startseite\/?p=4366"},"modified":"2019-01-31T19:44:59","modified_gmt":"2019-01-31T18:44:59","slug":"was-wann-wo-das-wochenende-bei-fass-berlin","status":"publish","type":"post","link":"https:\/\/www.fass-berlin.de\/startseite\/2019\/01\/31\/was-wann-wo-das-wochenende-bei-fass-berlin\/","title":{"rendered":"Was? Wann? Wo? &#8211; Das Wochenende bei FASS Berlin"},"content":{"rendered":"<p><strong>Was ist los bei FASS Berlin am ersten Februar-Wochenende 2019? Eishockey satt f\u00fcr alle Fans!<\/strong><\/p>\n<h5>Verbandsliga: Die J\u00e4ger vom Pferdeturm<\/h5>\n<figure id=\"attachment_4359\" aria-describedby=\"caption-attachment-4359\" style=\"width: 300px\" class=\"wp-caption alignright\"><a href=\"https:\/\/www.fass-berlin.de\/wp-content\/uploads\/2019\/01\/Foto-26.01.19.jpg\"><img loading=\"lazy\" decoding=\"async\" class=\"size-medium wp-image-4359\" src=\"https:\/\/www.fass-berlin.de\/wp-content\/uploads\/2019\/01\/Foto-26.01.19-300x225.jpg\" alt=\"Verbandsliga Nord Wedemark FASS\" width=\"300\" height=\"225\" srcset=\"https:\/\/www.fass-berlin.de\/wp-content\/uploads\/2019\/01\/Foto-26.01.19-300x225.jpg 300w, https:\/\/www.fass-berlin.de\/wp-content\/uploads\/2019\/01\/Foto-26.01.19-768x576.jpg 768w, https:\/\/www.fass-berlin.de\/wp-content\/uploads\/2019\/01\/Foto-26.01.19-1024x768.jpg 1024w, https:\/\/www.fass-berlin.de\/wp-content\/uploads\/2019\/01\/Foto-26.01.19-128x96.jpg 128w, https:\/\/www.fass-berlin.de\/wp-content\/uploads\/2019\/01\/Foto-26.01.19-32x24.jpg 32w, https:\/\/www.fass-berlin.de\/wp-content\/uploads\/2019\/01\/Foto-26.01.19.jpg 1600w\" sizes=\"auto, (max-width: 300px) 100vw, 300px\" \/><\/a><figcaption id=\"caption-attachment-4359\" class=\"wp-caption-text\">Team Verbandsliga Nord<\/figcaption><\/figure>\n<p>Den Auftakt ins Wochenende machen die Jungs vom\u00a0 Team der Verbandsliga Nord.<br \/>\nZum Punktspiel reisen die Jungs vom EC\u00a0 Pferdeturm Hunters an, derzeit f\u00fcnfte in der Tabelle in der Liga nach Berlin.<br \/>\nSie treffen im <a href=\"https:\/\/www.fass-berlin.de\/startseite\/event\/fass-vs-echyi\/\"><strong>Erika-He\u00df-Eisstadion (2019-02-02, 14.30 Uhr, Eintritt frei!)<\/strong><\/a> auf zwar noch immer punktlose, aber l\u00e4ngst nicht demotivierte Akademiker, die mit ihrem jungen Team bereit sind f\u00fcr eine \u00dcberraschung und hei\u00df sind auf die ersten Punkte.<\/p>\n<h5>Landesliga: Die Allstars beim OSC<\/h5>\n<p>Im <a href=\"https:\/\/www.fass-berlin.de\/startseite\/event\/osc-vs-fass\/\"><strong>Eisstadion Neuk\u00f6lln (2019-02-02, 19 Uhr, Eintritt frei!)<\/strong><\/a> ringen die &#8222;Allstars&#8220;\u00a0 aus der Landesliga weiter um den zweiten Tabellenplatz und da sind hier drei Punkte Pflicht um den Anschluss nicht zu verlieren. Der ECC Preussen liegt derzeit 2 Punkte vor den Akademikern auf dem zweiten Rang.<\/p>\n<figure id=\"attachment_3751\" aria-describedby=\"caption-attachment-3751\" style=\"width: 300px\" class=\"wp-caption alignleft\"><a href=\"https:\/\/www.fass-berlin.de\/wp-content\/uploads\/2018\/11\/IMG_1113.jpg\"><img loading=\"lazy\" decoding=\"async\" class=\"size-medium wp-image-3751\" src=\"https:\/\/www.fass-berlin.de\/wp-content\/uploads\/2018\/11\/IMG_1113-300x225.jpg\" alt=\"2018-11-17 Landesliga FASS OSC\" width=\"300\" height=\"225\" srcset=\"https:\/\/www.fass-berlin.de\/wp-content\/uploads\/2018\/11\/IMG_1113-300x225.jpg 300w, https:\/\/www.fass-berlin.de\/wp-content\/uploads\/2018\/11\/IMG_1113-768x576.jpg 768w, https:\/\/www.fass-berlin.de\/wp-content\/uploads\/2018\/11\/IMG_1113-1024x768.jpg 1024w, https:\/\/www.fass-berlin.de\/wp-content\/uploads\/2018\/11\/IMG_1113-128x96.jpg 128w, https:\/\/www.fass-berlin.de\/wp-content\/uploads\/2018\/11\/IMG_1113-32x24.jpg 32w, https:\/\/www.fass-berlin.de\/wp-content\/uploads\/2018\/11\/IMG_1113.jpg 1600w\" sizes=\"auto, (max-width: 300px) 100vw, 300px\" \/><\/a><figcaption id=\"caption-attachment-3751\" class=\"wp-caption-text\">FASS siegt im Eisstadion Neuk\u00f6lln, Foto: Matze Penk<\/figcaption><\/figure>\n<p>Zu Platz den Berliner B\u00e4ren auf dem vierten Platz hat man zwar 7 Punkte Vorsprung, aber die B\u00e4ren haben 3 Spiele weniger als\u00a0 die Weddinger.<br \/>\nDrei Punkte gegen den OSC w\u00e4ren also auch ein beruhigendes Polster f\u00fcr die n\u00e4chsten Spiele.<\/p>\n<h5>Regionalliga: Die Eisl\u00f6wen besuchen Tante Erika<\/h5>\n<p>Den Eisl\u00f6wen fehlt mit Ex-FASS-St\u00fcrmer John Koslowski der Kapit\u00e4n und auch die Saison der Dresdner ist nicht so gut verlaufen wie im letzten Jahr. Mit zw\u00f6lf Punkten Abstand auf einen Platz in der Verzahnungsrunde ist die Saison f\u00fcr die Sachsen nach der Vorrunde beendet.<br \/>\nDie Akademiker wollen aber trotzdem punkten und sich mit guten sportlichen Leistungen aus der Regio-Ost in die Nord\/Ost-Endrunde verabschieden.<br \/>\nAm Ende sollten 3 Punkte f\u00fcr die Hausherren in der Tabelle stehen, doch muss das Team hellwach sein, denn den Eisl\u00f6wen gelangen heuer zwar noch nicht viele \u00dcberraschungen aber das kann sich ja auch \u00e4ndern&#8230; <strong>(<a href=\"https:\/\/www.fass-berlin.de\/startseite\/event\/fass-vs-dresden\/\">2019-02-02, 19 Uhr, Erika-He\u00df-Eisstadion, Eintritt 5\u20ac, Kinder bis 15 Jahren frei<\/a>)<\/strong>.<\/p>\n<h5>Regionalliga: Es wird nochmal st\u00fcrmisch<\/h5>\n<figure id=\"attachment_3158\" aria-describedby=\"caption-attachment-3158\" style=\"width: 300px\" class=\"wp-caption alignright\"><a href=\"https:\/\/www.fass-berlin.de\/wp-content\/uploads\/2018\/10\/20181007-IMG_7360.jpg\"><img loading=\"lazy\" decoding=\"async\" class=\"size-medium wp-image-3158\" src=\"https:\/\/www.fass-berlin.de\/wp-content\/uploads\/2018\/10\/20181007-IMG_7360-300x200.jpg\" alt=\"2018-10-07 RLO FASS-Niesky\" width=\"300\" height=\"200\" srcset=\"https:\/\/www.fass-berlin.de\/wp-content\/uploads\/2018\/10\/20181007-IMG_7360-300x200.jpg 300w, https:\/\/www.fass-berlin.de\/wp-content\/uploads\/2018\/10\/20181007-IMG_7360-768x512.jpg 768w, https:\/\/www.fass-berlin.de\/wp-content\/uploads\/2018\/10\/20181007-IMG_7360-1024x683.jpg 1024w, https:\/\/www.fass-berlin.de\/wp-content\/uploads\/2018\/10\/20181007-IMG_7360-128x85.jpg 128w, https:\/\/www.fass-berlin.de\/wp-content\/uploads\/2018\/10\/20181007-IMG_7360-32x21.jpg 32w, https:\/\/www.fass-berlin.de\/wp-content\/uploads\/2018\/10\/20181007-IMG_7360-600x400.jpg 600w, https:\/\/www.fass-berlin.de\/wp-content\/uploads\/2018\/10\/20181007-IMG_7360-272x182.jpg 272w, https:\/\/www.fass-berlin.de\/wp-content\/uploads\/2018\/10\/20181007-IMG_7360-150x100.jpg 150w, https:\/\/www.fass-berlin.de\/wp-content\/uploads\/2018\/10\/20181007-IMG_7360.jpg 1800w\" sizes=\"auto, (max-width: 300px) 100vw, 300px\" \/><\/a><figcaption id=\"caption-attachment-3158\" class=\"wp-caption-text\">Miethke vor dem Tor der Tornados, Foto: Christiane Kuhn<\/figcaption><\/figure>\n<p>Komplett in die (Wind-)Hose ist die Saison des amtierenden Meisters Tornado Niesky gegangen: 12 Punkte Abstand auf den zweiten Platz und bisher 7 Niederlagen sind weit weg von einer Titelverteidigung. Immerhin berappelte sich das Team soweit, dass die G\u00e4ste die Nord\/Ost-Finalrunde erreichen werden, auch wenn derzeit noch nicht endg\u00fcltig gekl\u00e4rt ist, ob sie das als Dritter oder Vierter tun werden.<\/p>\n<p>Noch nicht einmal 24 Stunden <strong>(<a href=\"https:\/\/www.fass-berlin.de\/startseite\/event\/fass-vs-tornado-4\/\">2019-02-03, 13.30 Uhr, Erika-He\u00df-Eisstadion, Eintritt 5\u20ac, Kinder bis 15 Jahren frei<\/a>)<\/strong> nach dem Spiel gegen Dresden am Vortag ist das keine leichte Aufgabe f\u00fcr die Jungs um Headcoach Norbert Pascha und ein Sieg g\u00e4be dem Team und auch den Fans noch einen Schub mehr Selbstvertrauen im Hinblick auf die Endrunde und die schweren Aufgaben, die dort auf die Akademiker warten.<\/p>\n","protected":false},"excerpt":{"rendered":"<p>Was ist los bei FASS Berlin am ersten Februar-Wochenende 2019? Eishockey satt f\u00fcr alle Fans! Verbandsliga: Die J\u00e4ger vom Pferdeturm Den Auftakt ins Wochenende machen die Jungs vom\u00a0 Team der Verbandsliga Nord. Zum Punktspiel reisen die Jungs vom EC\u00a0 Pferdeturm Hunters an, derzeit f\u00fcnfte in der Tabelle in der Liga nach Berlin. Sie treffen im [&hellip;]<\/p>\n","protected":false},"author":2,"featured_media":4367,"comment_status":"open","ping_status":"open","sticky":false,"template":"","format":"standard","meta":{"_exactmetrics_skip_tracking":false,"_exactmetrics_sitenote_active":false,"_exactmetrics_sitenote_note":"","_exactmetrics_sitenote_category":0,"jetpack_post_was_ever_published":false,"_jetpack_newsletter_access":"","_jetpack_dont_email_post_to_subs":false,"_jetpack_newsletter_tier_id":0,"_jetpack_memberships_contains_paywalled_content":false,"_jetpack_memberships_contains_paid_content":false,"footnotes":"","jetpack_publicize_message":"Was? Wann? Wo? - Das Wochenende bei FASS Berlin\r\n@weddingweiser #FASS #Berlin #Eishockey #Regionalliga #Verbandsliga #Landesliga","jetpack_publicize_feature_enabled":true,"jetpack_social_post_already_shared":true,"jetpack_social_options":{"image_generator_settings":{"template":"highway","default_image_id":0,"font":"","enabled":false},"version":2}},"categories":[53,50],"tags":[221,767,768,311,628,121,569],"class_list":["post-4366","post","type-post","status-publish","format-standard","has-post-thumbnail","hentry","category-landesliga","category-regionalliga-ost","tag-dresden","tag-game-weekend","tag-hannover","tag-niesky","tag-osc","tag-termine","tag-vorschau"],"jetpack_publicize_connections":[],"jetpack_featured_media_url":"https:\/\/www.fass-berlin.de\/wp-content\/uploads\/2019\/01\/wochenendvorschau.jpg","jetpack_sharing_enabled":true,"jetpack_shortlink":"https:\/\/wp.me\/paiOCx-18q","jetpack_likes_enabled":true,"jetpack-related-posts":[],"_links":{"self":[{"href":"https:\/\/www.fass-berlin.de\/startseite\/wp-json\/wp\/v2\/posts\/4366","targetHints":{"allow":["GET"]}}],"collection":[{"href":"https:\/\/www.fass-berlin.de\/startseite\/wp-json\/wp\/v2\/posts"}],"about":[{"href":"https:\/\/www.fass-berlin.de\/startseite\/wp-json\/wp\/v2\/types\/post"}],"author":[{"embeddable":true,"href":"https:\/\/www.fass-berlin.de\/startseite\/wp-json\/wp\/v2\/users\/2"}],"replies":[{"embeddable":true,"href":"https:\/\/www.fass-berlin.de\/startseite\/wp-json\/wp\/v2\/comments?post=4366"}],"version-history":[{"count":6,"href":"https:\/\/www.fass-berlin.de\/startseite\/wp-json\/wp\/v2\/posts\/4366\/revisions"}],"predecessor-version":[{"id":4373,"href":"https:\/\/www.fass-berlin.de\/startseite\/wp-json\/wp\/v2\/posts\/4366\/revisions\/4373"}],"wp:featuredmedia":[{"embeddable":true,"href":"https:\/\/www.fass-berlin.de\/startseite\/wp-json\/wp\/v2\/media\/4367"}],"wp:attachment":[{"href":"https:\/\/www.fass-berlin.de\/startseite\/wp-json\/wp\/v2\/media?parent=4366"}],"wp:term":[{"taxonomy":"category","embeddable":true,"href":"https:\/\/www.fass-berlin.de\/startseite\/wp-json\/wp\/v2\/categories?post=4366"},{"taxonomy":"post_tag","embeddable":true,"href":"https:\/\/www.fass-berlin.de\/startseite\/wp-json\/wp\/v2\/tags?post=4366"}],"curies":[{"name":"wp","href":"https:\/\/api.w.org\/{rel}","templated":true}]}}