{"id":4412,"date":"2019-02-03T18:33:56","date_gmt":"2019-02-03T17:33:56","guid":{"rendered":"https:\/\/www.fass-berlin.de\/startseite\/?p=4412"},"modified":"2019-11-29T16:15:09","modified_gmt":"2019-11-29T15:15:09","slug":"zweites-wochenendspiel-bringt-zwei-punkte","status":"publish","type":"post","link":"https:\/\/www.fass-berlin.de\/startseite\/2019\/02\/03\/zweites-wochenendspiel-bringt-zwei-punkte\/","title":{"rendered":"Zweites Wochenendspiel bringt zwei Punkte"},"content":{"rendered":"<p><strong>Ein Punkt abgegeben und zwei verletzte Spieler &#8211; den 4:3-Erfolg (1:1\/1:1\/1:1) nach Verl\u00e4ngerung gegen Tornado Niesky musste FASS Berlin teuer bezahlen.<\/strong><\/p>\n<p>Mit Fabian Wagner fehlte im Vergleich zum Vortag ein Spieler. Und auch im Tor wurde rotiert, Patrick Hoffmann begann.\u00a0Die G\u00e4ste reisten zwar im gro\u00dfen Bus des DEL2-Teams Lausitzer F\u00fcchse an, die Spieler hatten aber viel Platz: Zehn Feldspieler und zwei Goalies konnten es sich im Bus bequem machen.<\/p>\n<h5>Munteres Spielchen<\/h5>\n<p>Es entwickelte sich ein munteres Spielchen, beide Teams griffen immer wieder an. Die besseren Torchancen hatten die Gastgeber, Lars Morawitz im Tor der Tornados musste \u00f6fter eingreifen. Nach neun Minuten war aber auch er machtlos, Luis Noack brachte die Weddinger verdient in F\u00fchrung. Es ging weiter hin und her, nur konnte FASS seine Vorteile nicht nutzen. Daf\u00fcr trafen die G\u00e4ste, Tom Domula erzielte nach 15 Minuten den Ausgleich. Weitere Tore sahen die Zuschauer im 1. Drittel nicht.<\/p>\n<h5>Paraden von Hoffmann<\/h5>\n<figure id=\"attachment_4415\" aria-describedby=\"caption-attachment-4415\" style=\"width: 300px\" class=\"wp-caption alignright\"><a href=\"https:\/\/www.fass-berlin.de\/wp-content\/uploads\/2019\/02\/IMG_8331.jpg\"><img loading=\"lazy\" decoding=\"async\" class=\"size-medium wp-image-4415\" src=\"https:\/\/www.fass-berlin.de\/wp-content\/uploads\/2019\/02\/IMG_8331-300x214.jpg\" alt=\"2019-02-03 FASS Tornado Regionalliga\" width=\"300\" height=\"214\" srcset=\"https:\/\/www.fass-berlin.de\/wp-content\/uploads\/2019\/02\/IMG_8331-300x214.jpg 300w, https:\/\/www.fass-berlin.de\/wp-content\/uploads\/2019\/02\/IMG_8331-768x548.jpg 768w, https:\/\/www.fass-berlin.de\/wp-content\/uploads\/2019\/02\/IMG_8331-1024x730.jpg 1024w, https:\/\/www.fass-berlin.de\/wp-content\/uploads\/2019\/02\/IMG_8331-128x91.jpg 128w, https:\/\/www.fass-berlin.de\/wp-content\/uploads\/2019\/02\/IMG_8331-32x23.jpg 32w, https:\/\/www.fass-berlin.de\/wp-content\/uploads\/2019\/02\/IMG_8331.jpg 1683w\" sizes=\"auto, (max-width: 300px) 100vw, 300px\" \/><\/a><figcaption id=\"caption-attachment-4415\" class=\"wp-caption-text\">Schwer umk\u00e4mpft: Der Torraum von Niesky<\/figcaption><\/figure>\n<p>35 Sekunden nach Wiederbeginn konnte FASS erneut in F\u00fchrung gehen. Nico Jentzsch \u00fcberwand den guten Torh\u00fcter der G\u00e4ste zum 2:1. Dann durfte sich Patrick Hoffmann mehrfach auszeichnen. Mit tollen Paraden verhinderte er den schnellen Ausgleich. Nach 28 Minuten war er aber geschlagen. Tom Domula bekam sch\u00f6n aufgelegt und lie\u00df dem Torh\u00fcter von FASS keine Chance. Und auch in diesem Drittel blieb es bei diesen zwei Toren.<\/p>\n<p>FASS Berlin musste ab Mitte des 2. Drittels auf Richard Jansson verzichten, der nach einem Bandencheck vom Eis ging und in der Pause mit Verdacht auf eine Gehirnersch\u00fctterung zu weiteren Untersuchungen ins Krankenhaus gefahren wurde.<\/p>\n<h5>Am Ende ein Unentschieden<\/h5>\n<p>Auf den Eis ging es wie zuvor weiter beide Teams hatten ihre Chancen. Pech hatte Nils Watzke, sein Hammer landete am Pfosten (44.). Niesky war aber inzwischen das bessere Team, die Tornados wurden im Laufe des Spiels immer st\u00e4rker. Drei Minuten vor dem Ende gab es kleine Verwirrungen. Marvin Miethke f\u00e4lschte einen Schuss von Max B\u00f6we ab und der Puck war verschwunden. Nach einem kurzen Blick wurde dieser im Tor der G\u00e4ste gefunden und FASS f\u00fchrte etwas \u00fcberraschend. Das allerdings nicht sehr lange, denn 121 Sekunden vor dem Ende stocherte Philipp R\u00e4decker den Puck zum Ausgleich ins Tor. 65 Sekunden vor dem Ende folgte der n\u00e4chste Schock, Phillip Golz wurde verletzt vom Eis gef\u00fchrt. Es blieb beim 3:3 nach 60 Minuten und so folgte eine Verl\u00e4ngerung.<\/p>\n<p>Die Verl\u00e4ngerung dauerte 153 Sekunden, dann konnte David Trivellato den Siegtreffer erzielen. So wurden zwei Punkte geholt, es gibt aber auch zwei Verletzte zu beklagen. Bleibt zu hoffen, das die Verletzten schnell wieder dabei sind. Beiden w\u00fcnschen wir von dieser Stelle gute Besserung.<\/p>\n<p>Und zum Abschluss noch ein Hinweis, der Spielplan f\u00fcr die Verzahnungsrunde erscheint in den n\u00e4chsten Tagen, los geht es am 15. Februar. Alles weitere wird zeitnah ver\u00f6ffentlicht.<\/p>\n<p><a title=\"RLO 18\/19 FASS Berlin vs. Tornado Niesky\" href=\"https:\/\/www.flickr.com\/photos\/141067170@N06\/albums\/72157706463271724\" data-flickr-embed=\"true\" data-header=\"true\" data-footer=\"true\"><img loading=\"lazy\" decoding=\"async\" src=\"https:\/\/farm5.staticflickr.com\/4873\/46920399672_f976d67b49_c.jpg\" alt=\"RLO 18\/19 FASS Berlin vs. Tornado Niesky\" width=\"800\" height=\"551\" \/><\/a><script async=\"\" src=\"\/\/embedr.flickr.com\/assets\/client-code.js\" charset=\"utf-8\"><\/script><\/p>\n<p>Fotos: Christiane Kuhn<\/p>\n","protected":false},"excerpt":{"rendered":"<p>Ein Punkt abgegeben und zwei verletzte Spieler &#8211; den 4:3-Erfolg (1:1\/1:1\/1:1) nach Verl\u00e4ngerung gegen Tornado Niesky musste FASS Berlin teuer bezahlen. Mit Fabian Wagner fehlte im Vergleich zum Vortag ein Spieler. Und auch im Tor wurde rotiert, Patrick Hoffmann begann.\u00a0Die G\u00e4ste reisten zwar im gro\u00dfen Bus des DEL2-Teams Lausitzer F\u00fcchse an, die Spieler hatten aber [&hellip;]<\/p>\n","protected":false},"author":9,"featured_media":4413,"comment_status":"open","ping_status":"open","sticky":false,"template":"","format":"standard","meta":{"_exactmetrics_skip_tracking":false,"_exactmetrics_sitenote_active":false,"_exactmetrics_sitenote_note":"","_exactmetrics_sitenote_category":0,"jetpack_post_was_ever_published":false,"_jetpack_newsletter_access":"","_jetpack_dont_email_post_to_subs":false,"_jetpack_newsletter_tier_id":0,"_jetpack_memberships_contains_paywalled_content":false,"_jetpack_memberships_contains_paid_content":false,"footnotes":"","jetpack_publicize_message":"Zweites Wochenendspiel bringt zwei Punkte\r\n#FASS #Berlin #Eishockey #Regionalliga","jetpack_publicize_feature_enabled":true,"jetpack_social_post_already_shared":true,"jetpack_social_options":{"image_generator_settings":{"template":"highway","default_image_id":0,"font":"","enabled":false},"version":2}},"categories":[50],"tags":[773,774,313],"class_list":["post-4412","post","type-post","status-publish","format-standard","has-post-thumbnail","hentry","category-regionalliga-ost","tag-overtime","tag-sonntag","tag-tornado"],"jetpack_publicize_connections":[],"jetpack_featured_media_url":"https:\/\/www.fass-berlin.de\/wp-content\/uploads\/2019\/02\/IMG_8350.jpg","jetpack_sharing_enabled":true,"jetpack_shortlink":"https:\/\/wp.me\/paiOCx-19a","jetpack_likes_enabled":true,"jetpack-related-posts":[],"_links":{"self":[{"href":"https:\/\/www.fass-berlin.de\/startseite\/wp-json\/wp\/v2\/posts\/4412","targetHints":{"allow":["GET"]}}],"collection":[{"href":"https:\/\/www.fass-berlin.de\/startseite\/wp-json\/wp\/v2\/posts"}],"about":[{"href":"https:\/\/www.fass-berlin.de\/startseite\/wp-json\/wp\/v2\/types\/post"}],"author":[{"embeddable":true,"href":"https:\/\/www.fass-berlin.de\/startseite\/wp-json\/wp\/v2\/users\/9"}],"replies":[{"embeddable":true,"href":"https:\/\/www.fass-berlin.de\/startseite\/wp-json\/wp\/v2\/comments?post=4412"}],"version-history":[{"count":5,"href":"https:\/\/www.fass-berlin.de\/startseite\/wp-json\/wp\/v2\/posts\/4412\/revisions"}],"predecessor-version":[{"id":8961,"href":"https:\/\/www.fass-berlin.de\/startseite\/wp-json\/wp\/v2\/posts\/4412\/revisions\/8961"}],"wp:featuredmedia":[{"embeddable":true,"href":"https:\/\/www.fass-berlin.de\/startseite\/wp-json\/wp\/v2\/media\/4413"}],"wp:attachment":[{"href":"https:\/\/www.fass-berlin.de\/startseite\/wp-json\/wp\/v2\/media?parent=4412"}],"wp:term":[{"taxonomy":"category","embeddable":true,"href":"https:\/\/www.fass-berlin.de\/startseite\/wp-json\/wp\/v2\/categories?post=4412"},{"taxonomy":"post_tag","embeddable":true,"href":"https:\/\/www.fass-berlin.de\/startseite\/wp-json\/wp\/v2\/tags?post=4412"}],"curies":[{"name":"wp","href":"https:\/\/api.w.org\/{rel}","templated":true}]}}