{"id":4706,"date":"2019-03-11T20:51:06","date_gmt":"2019-03-11T19:51:06","guid":{"rendered":"https:\/\/www.fass-berlin.de\/startseite\/?p=4706"},"modified":"2019-03-11T20:51:06","modified_gmt":"2019-03-11T19:51:06","slug":"u7-milchzaehnchen-stuermen-das-eis","status":"publish","type":"post","link":"https:\/\/www.fass-berlin.de\/startseite\/2019\/03\/11\/u7-milchzaehnchen-stuermen-das-eis\/","title":{"rendered":"U7: Milchz\u00e4hnchen st\u00fcrmen das Eis"},"content":{"rendered":"<p><strong>Da gucken die Eismeister einmal nicht hin und schon st\u00fcrmen spontan die j\u00fcngsten von FASS Berlin, den Eisb\u00e4ren Juniors, den Berlin Blues und dem ECC Preussen aufs Eis und halten ein Trainigsmatch ab&#8230;<\/strong><\/p>\n<h4>3 Stunden Eiszeit<\/h4>\n<figure id=\"attachment_4710\" aria-describedby=\"caption-attachment-4710\" style=\"width: 300px\" class=\"wp-caption alignright\"><a href=\"https:\/\/www.fass-berlin.de\/wp-content\/uploads\/2019\/03\/IMG_5285.jpg\"><img loading=\"lazy\" decoding=\"async\" class=\"size-medium wp-image-4710\" src=\"https:\/\/www.fass-berlin.de\/wp-content\/uploads\/2019\/03\/IMG_5285-300x201.jpg\" alt=\"\" width=\"300\" height=\"201\" srcset=\"https:\/\/www.fass-berlin.de\/wp-content\/uploads\/2019\/03\/IMG_5285-300x201.jpg 300w, https:\/\/www.fass-berlin.de\/wp-content\/uploads\/2019\/03\/IMG_5285-128x86.jpg 128w, https:\/\/www.fass-berlin.de\/wp-content\/uploads\/2019\/03\/IMG_5285-32x21.jpg 32w, https:\/\/www.fass-berlin.de\/wp-content\/uploads\/2019\/03\/IMG_5285-272x182.jpg 272w, https:\/\/www.fass-berlin.de\/wp-content\/uploads\/2019\/03\/IMG_5285.jpg 640w\" sizes=\"auto, (max-width: 300px) 100vw, 300px\" \/><\/a><figcaption id=\"caption-attachment-4710\" class=\"wp-caption-text\">Trainingsspiel im Erika-He\u00df-Eisstadion<\/figcaption><\/figure>\n<p>Eine freie Eisfl\u00e4che f\u00fcr 3 Stunden! Da l\u00e4sst man bei FASS Berlin spontan die Mobiltelefone in der Stadt klingeln und l\u00e4dt die Kleinsten der anderen mit ein zur Sause auf dem Eis!<br \/>\nVielen Dank an alle Betreuer, Eltern und sonstige spontan verdonnerte Helfer, das daraus ein Mordsspa\u00df f\u00fcr die Kids werden konnte!<br \/>\nFASS Berlin trat mit zwei Teams an: Den wei\u00dfen FASS-Engelchen\u00a0 und den roten FASS-Teufelchen.<\/p>\n<h4>DJ Norbert<\/h4>\n<p>Nicht ganz so bekannt wie sein Schweizer Kollege, aber offenbar auch talentiert \u00fcbernahm Coach Norbert Pascha das Musikprogramm der Veranstaltung und \u00fcberlie\u00df das Coaching den bew\u00e4hrten Co-Trainern Enrique, Christina und Heiner.<br \/>\nEs wird sogar von dem Tanzen \u00e4hnlichen Bewegungen unter dem Personal auf dem Eis berichtet&#8230;<\/p>\n","protected":false},"excerpt":{"rendered":"<p>Da gucken die Eismeister einmal nicht hin und schon st\u00fcrmen spontan die j\u00fcngsten von FASS Berlin, den Eisb\u00e4ren Juniors, den Berlin Blues und dem ECC Preussen aufs Eis und halten ein Trainigsmatch ab&#8230; 3 Stunden Eiszeit Eine freie Eisfl\u00e4che f\u00fcr 3 Stunden! Da l\u00e4sst man bei FASS Berlin spontan die Mobiltelefone in der Stadt klingeln [&hellip;]<\/p>\n","protected":false},"author":2,"featured_media":4708,"comment_status":"open","ping_status":"open","sticky":false,"template":"","format":"standard","meta":{"_exactmetrics_skip_tracking":false,"_exactmetrics_sitenote_active":false,"_exactmetrics_sitenote_note":"","_exactmetrics_sitenote_category":0,"jetpack_post_was_ever_published":false,"_jetpack_newsletter_access":"","_jetpack_dont_email_post_to_subs":false,"_jetpack_newsletter_tier_id":0,"_jetpack_memberships_contains_paywalled_content":false,"_jetpack_memberships_contains_paid_content":false,"footnotes":"","jetpack_publicize_message":"","jetpack_publicize_feature_enabled":true,"jetpack_social_post_already_shared":true,"jetpack_social_options":{"image_generator_settings":{"template":"highway","default_image_id":0,"font":"","enabled":false},"version":2}},"categories":[179,185],"tags":[795,794,130,256],"class_list":["post-4706","post","type-post","status-publish","format-standard","has-post-thumbnail","hentry","category-nachwuchs","category-laufschule","tag-dj-norbert","tag-michzahn","tag-training","tag-turnier"],"jetpack_publicize_connections":[],"jetpack_featured_media_url":"https:\/\/www.fass-berlin.de\/wp-content\/uploads\/2019\/03\/IMG_5284.jpg","jetpack_sharing_enabled":true,"jetpack_shortlink":"https:\/\/wp.me\/paiOCx-1dU","jetpack_likes_enabled":true,"jetpack-related-posts":[],"_links":{"self":[{"href":"https:\/\/www.fass-berlin.de\/startseite\/wp-json\/wp\/v2\/posts\/4706","targetHints":{"allow":["GET"]}}],"collection":[{"href":"https:\/\/www.fass-berlin.de\/startseite\/wp-json\/wp\/v2\/posts"}],"about":[{"href":"https:\/\/www.fass-berlin.de\/startseite\/wp-json\/wp\/v2\/types\/post"}],"author":[{"embeddable":true,"href":"https:\/\/www.fass-berlin.de\/startseite\/wp-json\/wp\/v2\/users\/2"}],"replies":[{"embeddable":true,"href":"https:\/\/www.fass-berlin.de\/startseite\/wp-json\/wp\/v2\/comments?post=4706"}],"version-history":[{"count":5,"href":"https:\/\/www.fass-berlin.de\/startseite\/wp-json\/wp\/v2\/posts\/4706\/revisions"}],"predecessor-version":[{"id":4713,"href":"https:\/\/www.fass-berlin.de\/startseite\/wp-json\/wp\/v2\/posts\/4706\/revisions\/4713"}],"wp:featuredmedia":[{"embeddable":true,"href":"https:\/\/www.fass-berlin.de\/startseite\/wp-json\/wp\/v2\/media\/4708"}],"wp:attachment":[{"href":"https:\/\/www.fass-berlin.de\/startseite\/wp-json\/wp\/v2\/media?parent=4706"}],"wp:term":[{"taxonomy":"category","embeddable":true,"href":"https:\/\/www.fass-berlin.de\/startseite\/wp-json\/wp\/v2\/categories?post=4706"},{"taxonomy":"post_tag","embeddable":true,"href":"https:\/\/www.fass-berlin.de\/startseite\/wp-json\/wp\/v2\/tags?post=4706"}],"curies":[{"name":"wp","href":"https:\/\/api.w.org\/{rel}","templated":true}]}}