{"id":5299,"date":"2019-09-06T07:05:32","date_gmt":"2019-09-06T05:05:32","guid":{"rendered":"https:\/\/www.fass-berlin.de\/startseite\/?p=5299"},"modified":"2019-12-05T17:38:43","modified_gmt":"2019-12-05T16:38:43","slug":"david-trivellato-nimmt-zweite-tk-position-ein-mobilitaetspartnerschaft-mit-transdev-verlaengert","status":"publish","type":"post","link":"https:\/\/www.fass-berlin.de\/startseite\/2019\/09\/06\/david-trivellato-nimmt-zweite-tk-position-ein-mobilitaetspartnerschaft-mit-transdev-verlaengert\/","title":{"rendered":"David Trivellato nimmt zweite TK-Position ein &#8211; Mobilit\u00e4tspartnerschaft mit Transdev verl\u00e4ngert"},"content":{"rendered":"<p>Gute Nachricht vor dem Testspiel-Auftakt gegen die Rostock Piranhas (Freitag, 6. September 2019, 19:30 Uhr, Erika-He\u00df-Eisstadion): <strong>David Trivellato<\/strong> bleibt bei FASS Berlin und geht in seine dritte Saison f\u00fcr das Weddinger Team. Der 21j\u00e4hrige Angreifer wurde im Nachwuchs der Eisb\u00e4ren Juniors ausgebildet, wo er bis 2017 97 DNL-Spiele absolvierte und f\u00fcnfmal in die italienische Jugend-Nationalmannschaft berufen wurde. F\u00fcr FASS hat David seit 2017 32 Spiele (18 Tore, 17 Assists) in der Regionalliga Ost bestritten.<\/p>\n<p>\u201eWir sind sehr froh, dass David bei uns bleibt\u201c, ist der Sportliche Leiter und Headcoach Oliver Miethke zufrieden. \u201eEr hat eine hervorragende Ausbildung genossen, ist schnell und hat gute H\u00e4nde. Ein junger Spieler mit seinen Qualit\u00e4ten schaut nat\u00fcrlich, ob er in h\u00f6heren Spielklassen seinen Platz findet. Jetzt wird er die M\u00f6glichkeit erhalten, sich bei uns weiter zu entwickeln.\u201c <\/p>\n<p>David Trivellato: \u201eF\u00fcr mich kam in der Regionalliga nur FASS in Frage, ich f\u00fchle mich in der Mannschaft sowie mit den Fans und dem ganzen Umfeld einfach wohl. In den beiden letzten Jahren bin ich erst w\u00e4hrend der Saison dazu gesto\u00dfen, jetzt kann ich von Beginn an Gas geben. Mit unserem Team k\u00f6nnen wir einiges erreichen, und ich werde meinen Beitrag leisten.\u201c <\/p>\n<p>Eine weitere wichtige Vertragsverl\u00e4ngerung gab es am Rande der Bande. Die Transdev-Gruppe, Deutschlands gr\u00f6\u00dfter privater Betreiber von Bussen und Bahnen, bleibt auch weiterhin Mobilit\u00e4tspartner von FASS Berlin.<\/p>\n","protected":false},"excerpt":{"rendered":"<p>Gute Nachricht vor dem Testspiel-Auftakt gegen die Rostock Piranhas (Freitag, 6. September 2019, 19:30 Uhr, Erika-He\u00df-Eisstadion): David Trivellato bleibt bei FASS Berlin und geht in seine dritte Saison f\u00fcr das Weddinger Team. Der 21j\u00e4hrige Angreifer wurde im Nachwuchs der Eisb\u00e4ren Juniors ausgebildet, wo er bis 2017 97 DNL-Spiele absolvierte und f\u00fcnfmal in die italienische Jugend-Nationalmannschaft [&hellip;]<\/p>\n","protected":false},"author":4,"featured_media":5300,"comment_status":"open","ping_status":"open","sticky":false,"template":"","format":"standard","meta":{"_exactmetrics_skip_tracking":false,"_exactmetrics_sitenote_active":false,"_exactmetrics_sitenote_note":"","_exactmetrics_sitenote_category":0,"jetpack_post_was_ever_published":false,"_jetpack_newsletter_access":"","_jetpack_dont_email_post_to_subs":false,"_jetpack_newsletter_tier_id":0,"_jetpack_memberships_contains_paywalled_content":false,"_jetpack_memberships_contains_paid_content":false,"footnotes":"","jetpack_publicize_message":"","jetpack_publicize_feature_enabled":true,"jetpack_social_post_already_shared":true,"jetpack_social_options":{"image_generator_settings":{"template":"highway","default_image_id":0,"font":"","enabled":false},"version":2}},"categories":[50],"tags":[],"class_list":["post-5299","post","type-post","status-publish","format-standard","has-post-thumbnail","hentry","category-regionalliga-ost"],"jetpack_publicize_connections":[],"jetpack_featured_media_url":"https:\/\/www.fass-berlin.de\/wp-content\/uploads\/2019\/09\/Pressemitteilung.jpg","jetpack_sharing_enabled":true,"jetpack_shortlink":"https:\/\/wp.me\/paiOCx-1nt","jetpack_likes_enabled":true,"jetpack-related-posts":[],"_links":{"self":[{"href":"https:\/\/www.fass-berlin.de\/startseite\/wp-json\/wp\/v2\/posts\/5299","targetHints":{"allow":["GET"]}}],"collection":[{"href":"https:\/\/www.fass-berlin.de\/startseite\/wp-json\/wp\/v2\/posts"}],"about":[{"href":"https:\/\/www.fass-berlin.de\/startseite\/wp-json\/wp\/v2\/types\/post"}],"author":[{"embeddable":true,"href":"https:\/\/www.fass-berlin.de\/startseite\/wp-json\/wp\/v2\/users\/4"}],"replies":[{"embeddable":true,"href":"https:\/\/www.fass-berlin.de\/startseite\/wp-json\/wp\/v2\/comments?post=5299"}],"version-history":[{"count":3,"href":"https:\/\/www.fass-berlin.de\/startseite\/wp-json\/wp\/v2\/posts\/5299\/revisions"}],"predecessor-version":[{"id":5307,"href":"https:\/\/www.fass-berlin.de\/startseite\/wp-json\/wp\/v2\/posts\/5299\/revisions\/5307"}],"wp:featuredmedia":[{"embeddable":true,"href":"https:\/\/www.fass-berlin.de\/startseite\/wp-json\/wp\/v2\/media\/5300"}],"wp:attachment":[{"href":"https:\/\/www.fass-berlin.de\/startseite\/wp-json\/wp\/v2\/media?parent=5299"}],"wp:term":[{"taxonomy":"category","embeddable":true,"href":"https:\/\/www.fass-berlin.de\/startseite\/wp-json\/wp\/v2\/categories?post=5299"},{"taxonomy":"post_tag","embeddable":true,"href":"https:\/\/www.fass-berlin.de\/startseite\/wp-json\/wp\/v2\/tags?post=5299"}],"curies":[{"name":"wp","href":"https:\/\/api.w.org\/{rel}","templated":true}]}}