{"id":6020,"date":"2019-10-12T08:36:33","date_gmt":"2019-10-12T06:36:33","guid":{"rendered":"https:\/\/www.fass-berlin.de\/startseite\/?p=6020"},"modified":"2019-10-12T08:36:33","modified_gmt":"2019-10-12T06:36:33","slug":"heute-abend-ins-erika-hess-eisstadion","status":"publish","type":"post","link":"https:\/\/www.fass-berlin.de\/startseite\/2019\/10\/12\/heute-abend-ins-erika-hess-eisstadion\/","title":{"rendered":"Heute Abend ins Erika-He\u00df-Eisstadion"},"content":{"rendered":"<p><strong>Heute um 19:00 Uhr<\/strong> empf\u00e4ngt FASS Berlin mit Tornado Niesky eine der Spitzenmannschaften der Regionalliga Ost im Erika-He\u00df-Eisstadion. Der Eintritt betr\u00e4gt <strong>5 Euro<\/strong> auf allen Pl\u00e4tzen (VIP-Tagesticket: 15 Euro).<\/p>\n<p>Joe Timm ist doch nicht rechtzeitig zum Wochenende fit geworden. Der Kader von Headcoach Oliver Miethke wird also wie am vergangenen Wochenende aussehen.<\/p>\n<p>Noch mehr Eishockey im Erika-He\u00df-Eisstadion: Um 14:30 Uhr empf\u00e4ngt FASS U20 die Black Panther Jonsdorf. Da kein U20-Spielbetrieb der ostdeutschen Landesverb\u00e4nde zustande kam, tritt die Juniorenmannschaft der Weddinger in der neu gegr\u00fcndeten Landesliga Sachsen an.<\/p>\n","protected":false},"excerpt":{"rendered":"<p>Heute um 19:00 Uhr empf\u00e4ngt FASS Berlin mit Tornado Niesky eine der Spitzenmannschaften der Regionalliga Ost im Erika-He\u00df-Eisstadion. Der Eintritt betr\u00e4gt 5 Euro auf allen Pl\u00e4tzen (VIP-Tagesticket: 15 Euro). Joe Timm ist doch nicht rechtzeitig zum Wochenende fit geworden. Der Kader von Headcoach Oliver Miethke wird also wie am vergangenen Wochenende aussehen. Noch mehr Eishockey [&hellip;]<\/p>\n","protected":false},"author":4,"featured_media":6021,"comment_status":"open","ping_status":"open","sticky":false,"template":"","format":"standard","meta":{"_exactmetrics_skip_tracking":false,"_exactmetrics_sitenote_active":false,"_exactmetrics_sitenote_note":"","_exactmetrics_sitenote_category":0,"jetpack_post_was_ever_published":false,"_jetpack_newsletter_access":"","_jetpack_dont_email_post_to_subs":false,"_jetpack_newsletter_tier_id":0,"_jetpack_memberships_contains_paywalled_content":false,"_jetpack_memberships_contains_paid_content":false,"footnotes":"","jetpack_publicize_message":"","jetpack_publicize_feature_enabled":true,"jetpack_social_post_already_shared":true,"jetpack_social_options":{"image_generator_settings":{"template":"highway","default_image_id":0,"font":"","enabled":false},"version":2}},"categories":[50,644],"tags":[],"class_list":["post-6020","post","type-post","status-publish","format-standard","has-post-thumbnail","hentry","category-regionalliga-ost","category-junioren"],"jetpack_publicize_connections":[],"jetpack_featured_media_url":"https:\/\/www.fass-berlin.de\/wp-content\/uploads\/2019\/10\/Gameday.jpg","jetpack_sharing_enabled":true,"jetpack_shortlink":"https:\/\/wp.me\/paiOCx-1z6","jetpack_likes_enabled":true,"jetpack-related-posts":[],"_links":{"self":[{"href":"https:\/\/www.fass-berlin.de\/startseite\/wp-json\/wp\/v2\/posts\/6020","targetHints":{"allow":["GET"]}}],"collection":[{"href":"https:\/\/www.fass-berlin.de\/startseite\/wp-json\/wp\/v2\/posts"}],"about":[{"href":"https:\/\/www.fass-berlin.de\/startseite\/wp-json\/wp\/v2\/types\/post"}],"author":[{"embeddable":true,"href":"https:\/\/www.fass-berlin.de\/startseite\/wp-json\/wp\/v2\/users\/4"}],"replies":[{"embeddable":true,"href":"https:\/\/www.fass-berlin.de\/startseite\/wp-json\/wp\/v2\/comments?post=6020"}],"version-history":[{"count":2,"href":"https:\/\/www.fass-berlin.de\/startseite\/wp-json\/wp\/v2\/posts\/6020\/revisions"}],"predecessor-version":[{"id":6023,"href":"https:\/\/www.fass-berlin.de\/startseite\/wp-json\/wp\/v2\/posts\/6020\/revisions\/6023"}],"wp:featuredmedia":[{"embeddable":true,"href":"https:\/\/www.fass-berlin.de\/startseite\/wp-json\/wp\/v2\/media\/6021"}],"wp:attachment":[{"href":"https:\/\/www.fass-berlin.de\/startseite\/wp-json\/wp\/v2\/media?parent=6020"}],"wp:term":[{"taxonomy":"category","embeddable":true,"href":"https:\/\/www.fass-berlin.de\/startseite\/wp-json\/wp\/v2\/categories?post=6020"},{"taxonomy":"post_tag","embeddable":true,"href":"https:\/\/www.fass-berlin.de\/startseite\/wp-json\/wp\/v2\/tags?post=6020"}],"curies":[{"name":"wp","href":"https:\/\/api.w.org\/{rel}","templated":true}]}}