{"id":7297,"date":"2019-10-31T22:25:18","date_gmt":"2019-10-31T21:25:18","guid":{"rendered":"https:\/\/www.fass-berlin.de\/startseite\/?p=7297"},"modified":"2019-10-31T22:25:18","modified_gmt":"2019-10-31T21:25:18","slug":"fass-trauert-um-connolly-brueder","status":"publish","type":"post","link":"https:\/\/www.fass-berlin.de\/startseite\/2019\/10\/31\/fass-trauert-um-connolly-brueder\/","title":{"rendered":"FASS trauert um Connolly-Br\u00fcder"},"content":{"rendered":"<p>Briggs (\u202011) und Logan (\u20209) Connolly sind am Montag bei einem Wohnungsbrand auf tragische Weise ums Leben gekommen.<\/p>\n<p>Das Bruderpaar wurde in Berlin geboren und schn\u00fcrte schon in jungen Jahren die Schlittschuhe bei FASS Berlin. Unter der \u00c4gide von Trainer Ingo Gruczek lernten beide das Eishockeyspielen. Die Leidenschaft f\u00fcr den Sport bekamen die beiden von ihrem Vater Walter sprichw\u00f6rtlich in die Wiege gelegt. Walter lief w\u00e4hrend seiner Zeit in Berlin erfolgreich f\u00fcr die Landesliga-Mannschaft von FASS auf. Bereits vom Arm ihrer Mutter aus verfolgten die beiden Br\u00fcder in ihren ersten Lebensjahren regelm\u00e4\u00dfig die Eishockeyspiele ihres Vaters. Keine \u00dcberraschung, dass sie selbst aufs Eis st\u00fcrmen wollten, sobald sie alt genug waren.<\/p>\n<p>Im Jahr 2015 sind die Br\u00fcder mit ihren Eltern in die alte Heimat zur\u00fcckgekehrt, wo sie dem Eishockey nat\u00fcrlich treu geblieben sind.<\/p>\n<p>Die Nachricht vom Tod von Briggs und Logan versetzt uns in tiefe Trauer. Unsere Anteilnahme gilt den Eltern, Walter und Azucena, sowie der gesamten Familie. Wir w\u00fcnschen ihnen, dass sie diese schwere Zeit gemeinsam \u00fcberstehen.<\/p>\n<p>F\u00fcr die Familie, die nicht nur ihre beiden S\u00f6hne sondern auch ihr Haus verloren hat, wurde <a href=\"https:\/\/www.gofundme.com\/f\/the-connelly-fire\">eine Spendenkampagne eingerichtet.<\/a><\/p>\n","protected":false},"excerpt":{"rendered":"<p>Briggs (\u202011) und Logan (\u20209) Connolly sind am Montag bei einem Wohnungsbrand auf tragische Weise ums Leben gekommen. Das Bruderpaar wurde in Berlin geboren und schn\u00fcrte schon in jungen Jahren die Schlittschuhe bei FASS Berlin. Unter der \u00c4gide von Trainer Ingo Gruczek lernten beide das Eishockeyspielen. Die Leidenschaft f\u00fcr den Sport bekamen die beiden von [&hellip;]<\/p>\n","protected":false},"author":15,"featured_media":7298,"comment_status":"open","ping_status":"open","sticky":false,"template":"","format":"standard","meta":{"_exactmetrics_skip_tracking":false,"_exactmetrics_sitenote_active":false,"_exactmetrics_sitenote_note":"","_exactmetrics_sitenote_category":0,"jetpack_post_was_ever_published":false,"_jetpack_newsletter_access":"","_jetpack_dont_email_post_to_subs":false,"_jetpack_newsletter_tier_id":0,"_jetpack_memberships_contains_paywalled_content":false,"_jetpack_memberships_contains_paid_content":false,"footnotes":"","jetpack_publicize_message":"FASS trauert um Connolly-Br\u00fcder","jetpack_publicize_feature_enabled":true,"jetpack_social_post_already_shared":true,"jetpack_social_options":{"image_generator_settings":{"template":"highway","default_image_id":0,"font":"","enabled":false},"version":2}},"categories":[1],"tags":[],"class_list":["post-7297","post","type-post","status-publish","format-standard","has-post-thumbnail","hentry","category-fass_allgemein"],"jetpack_publicize_connections":[],"jetpack_featured_media_url":"https:\/\/www.fass-berlin.de\/wp-content\/uploads\/2019\/10\/hockey-stick.jpg","jetpack_sharing_enabled":true,"jetpack_shortlink":"https:\/\/wp.me\/paiOCx-1TH","jetpack_likes_enabled":true,"jetpack-related-posts":[],"_links":{"self":[{"href":"https:\/\/www.fass-berlin.de\/startseite\/wp-json\/wp\/v2\/posts\/7297","targetHints":{"allow":["GET"]}}],"collection":[{"href":"https:\/\/www.fass-berlin.de\/startseite\/wp-json\/wp\/v2\/posts"}],"about":[{"href":"https:\/\/www.fass-berlin.de\/startseite\/wp-json\/wp\/v2\/types\/post"}],"author":[{"embeddable":true,"href":"https:\/\/www.fass-berlin.de\/startseite\/wp-json\/wp\/v2\/users\/15"}],"replies":[{"embeddable":true,"href":"https:\/\/www.fass-berlin.de\/startseite\/wp-json\/wp\/v2\/comments?post=7297"}],"version-history":[{"count":1,"href":"https:\/\/www.fass-berlin.de\/startseite\/wp-json\/wp\/v2\/posts\/7297\/revisions"}],"predecessor-version":[{"id":7299,"href":"https:\/\/www.fass-berlin.de\/startseite\/wp-json\/wp\/v2\/posts\/7297\/revisions\/7299"}],"wp:featuredmedia":[{"embeddable":true,"href":"https:\/\/www.fass-berlin.de\/startseite\/wp-json\/wp\/v2\/media\/7298"}],"wp:attachment":[{"href":"https:\/\/www.fass-berlin.de\/startseite\/wp-json\/wp\/v2\/media?parent=7297"}],"wp:term":[{"taxonomy":"category","embeddable":true,"href":"https:\/\/www.fass-berlin.de\/startseite\/wp-json\/wp\/v2\/categories?post=7297"},{"taxonomy":"post_tag","embeddable":true,"href":"https:\/\/www.fass-berlin.de\/startseite\/wp-json\/wp\/v2\/tags?post=7297"}],"curies":[{"name":"wp","href":"https:\/\/api.w.org\/{rel}","templated":true}]}}