{"id":790,"date":"2017-09-12T12:00:58","date_gmt":"2017-09-12T10:00:58","guid":{"rendered":"https:\/\/www.fass-berlin.de\/startseite\/?p=790"},"modified":"2018-05-19T22:20:23","modified_gmt":"2018-05-19T20:20:23","slug":"zwei-weitere-talente-fuer-fass","status":"publish","type":"post","link":"https:\/\/www.fass-berlin.de\/startseite\/2017\/09\/12\/zwei-weitere-talente-fuer-fass\/","title":{"rendered":"Zwei weitere Talente f\u00fcr FASS"},"content":{"rendered":"<p>Mit Niklas Weihrauch (20) und Grigorij G\u00f6rz (19) verpflichtet FASS noch zwei Talente f\u00fcr die Regionalliga-Saison 2017\/18, die zuletzt in der aufgel\u00f6sten 1b-Mannschaft des Charlottenburger Lokalrivalen gespielt haben.<\/p>\n<p>\u201eBeide haben mir im Try-out gut gefallen, weil sie Talent und Lernbereitschaft zeigen\u201c, stellt Trainer Victor Proskuryakov fest. Weihrauch hat am vergangenen Wochenende beide Spiele gegen Rostock bestritten, G\u00f6rz war sogar in allen v<span class=\"text_exposed_show\">ier bisherigen Vorbereitungsspielen dabei. David Trivellato, der in Hamburg dabei war, wird hingegen nicht als dritter Import-Spieler im Kader der Nordberliner stehen.<\/span><\/p>\n<div class=\"text_exposed_show\">\n<p>\u201eEinschlie\u00dflich der Verletzten Bohn und Butasch haben wir jetzt 25 Spieler im Kader. Unsere Personalplanungen sind damit vorl\u00e4ufig abgeschlossen\u201c, bilanziert Sportdirektor Oliver Miethke. \u201eGerade die jungen Spieler werden auch in unserer Verbandsliga-Mannschaft Spielpraxis sammeln. Wir bieten mit diesen Teams, die beide unter Victors Verantwortung stehen, eine optimale Ausbildung f\u00fcr Spieler, die sich im M\u00e4nnerbereich etablieren wollen.&#8220;<\/p>\n<\/div>\n","protected":false},"excerpt":{"rendered":"<p>Mit Niklas Weihrauch (20) und Grigorij G\u00f6rz (19) verpflichtet FASS noch zwei Talente f\u00fcr die Regionalliga-Saison 2017\/18, die zuletzt in der aufgel\u00f6sten 1b-Mannschaft des Charlottenburger Lokalrivalen gespielt haben. \u201eBeide haben mir im Try-out gut gefallen, weil sie Talent und Lernbereitschaft zeigen\u201c, stellt Trainer Victor Proskuryakov fest. Weihrauch hat am vergangenen Wochenende beide Spiele gegen Rostock [&hellip;]<\/p>\n","protected":false},"author":2,"featured_media":791,"comment_status":"open","ping_status":"open","sticky":false,"template":"","format":"standard","meta":{"_exactmetrics_skip_tracking":false,"_exactmetrics_sitenote_active":false,"_exactmetrics_sitenote_note":"","_exactmetrics_sitenote_category":0,"jetpack_post_was_ever_published":false,"_jetpack_newsletter_access":"","_jetpack_dont_email_post_to_subs":false,"_jetpack_newsletter_tier_id":0,"_jetpack_memberships_contains_paywalled_content":false,"_jetpack_memberships_contains_paid_content":false,"footnotes":"","jetpack_publicize_message":"","jetpack_publicize_feature_enabled":true,"jetpack_social_post_already_shared":false,"jetpack_social_options":{"image_generator_settings":{"template":"highway","default_image_id":0,"font":"","enabled":false},"version":2}},"categories":[50],"tags":[69,87,141],"class_list":["post-790","post","type-post","status-publish","format-standard","has-post-thumbnail","hentry","category-regionalliga-ost","tag-1b","tag-ecc","tag-trivellato"],"jetpack_publicize_connections":[],"jetpack_featured_media_url":"https:\/\/www.fass-berlin.de\/wp-content\/uploads\/2018\/05\/Neuzugaenge_Goerz_Weihrauch-7f00eda4.jpg","jetpack_sharing_enabled":true,"jetpack_shortlink":"https:\/\/wp.me\/paiOCx-cK","jetpack_likes_enabled":true,"jetpack-related-posts":[],"_links":{"self":[{"href":"https:\/\/www.fass-berlin.de\/startseite\/wp-json\/wp\/v2\/posts\/790","targetHints":{"allow":["GET"]}}],"collection":[{"href":"https:\/\/www.fass-berlin.de\/startseite\/wp-json\/wp\/v2\/posts"}],"about":[{"href":"https:\/\/www.fass-berlin.de\/startseite\/wp-json\/wp\/v2\/types\/post"}],"author":[{"embeddable":true,"href":"https:\/\/www.fass-berlin.de\/startseite\/wp-json\/wp\/v2\/users\/2"}],"replies":[{"embeddable":true,"href":"https:\/\/www.fass-berlin.de\/startseite\/wp-json\/wp\/v2\/comments?post=790"}],"version-history":[{"count":1,"href":"https:\/\/www.fass-berlin.de\/startseite\/wp-json\/wp\/v2\/posts\/790\/revisions"}],"predecessor-version":[{"id":792,"href":"https:\/\/www.fass-berlin.de\/startseite\/wp-json\/wp\/v2\/posts\/790\/revisions\/792"}],"wp:featuredmedia":[{"embeddable":true,"href":"https:\/\/www.fass-berlin.de\/startseite\/wp-json\/wp\/v2\/media\/791"}],"wp:attachment":[{"href":"https:\/\/www.fass-berlin.de\/startseite\/wp-json\/wp\/v2\/media?parent=790"}],"wp:term":[{"taxonomy":"category","embeddable":true,"href":"https:\/\/www.fass-berlin.de\/startseite\/wp-json\/wp\/v2\/categories?post=790"},{"taxonomy":"post_tag","embeddable":true,"href":"https:\/\/www.fass-berlin.de\/startseite\/wp-json\/wp\/v2\/tags?post=790"}],"curies":[{"name":"wp","href":"https:\/\/api.w.org\/{rel}","templated":true}]}}