{"id":8732,"date":"2019-11-19T17:20:37","date_gmt":"2019-11-19T16:20:37","guid":{"rendered":"https:\/\/www.fass-berlin.de\/startseite\/?p=8732"},"modified":"2019-11-19T17:20:37","modified_gmt":"2019-11-19T16:20:37","slug":"fanfahrt-nach-niesky-am-7-dezember","status":"publish","type":"post","link":"https:\/\/www.fass-berlin.de\/startseite\/2019\/11\/19\/fanfahrt-nach-niesky-am-7-dezember\/","title":{"rendered":"Fanfahrt nach Niesky am 7. Dezember"},"content":{"rendered":"<p>Nach dem Spitzenspiel gegen Sch\u00f6nheide (Samstag, 23.11.19, 19:00 Uhr) beginnt f\u00fcr FASS Berlin die allj\u00e4hrliche \u201eVerbannung\u201c aus dem Erika-He\u00df-Eisstadion. Das n\u00e4chste Heimspiel ist erst f\u00fcr den 18. Januar 2020 angesetzt, in der Zwischenzeit m\u00fcssen die Weddinger sieben Mal in Folge ausw\u00e4rts antreten.<span class=\"Apple-converted-space\">\u00a0<\/span><\/p>\n<p>Da liegt es nat\u00fcrlich f\u00fcr die FASS-Anh\u00e4nger nahe, ihre Mannschaft in der Fremde zu unterst\u00fctzen. Die diesj\u00e4hrige Fanfahrt geht am Samstag, dem 7. Dezember 2019 nach Niesky, wo uns die heimischen Tornados um 18:30 Uhr erwarten. Abfahrt wird etwa um 13:00 Uhr am Erika-He\u00df-Eisstadion sein.<span class=\"Apple-converted-space\">\u00a0<\/span><\/p>\n<p>Der Fahrpreis betr\u00e4gt 32 Euro pro Person, die Eintrittskarte (7 Euro) ist darin bereits enthalten. Verbindliche Anmeldungen nimmt <a href=\"mailto:sylvana.hoch@fass-berlin.de\">sylvana.hoch@fass-berlin.de<\/a> entgegen. Oder meldet euch am Samstag im Eisstadion an.<span class=\"Apple-converted-space\">\u00a0<\/span><\/p>\n<p>Die Mannschaft freut sich auf eure Unterst\u00fctzung bei diesem schweren Ausw\u00e4rtsspiel. Tornado Niesky ist Serienmeister der Regionalliga Ost (2016-18), muss aber in dieser Saison hart um einen Play-off-Platz k\u00e4mpfen. Beste Voraussetzungen also f\u00fcr ein spannendes Spiel!<\/p>\n","protected":false},"excerpt":{"rendered":"<p>Nach dem Spitzenspiel gegen Sch\u00f6nheide (Samstag, 23.11.19, 19:00 Uhr) beginnt f\u00fcr FASS Berlin die allj\u00e4hrliche \u201eVerbannung\u201c aus dem Erika-He\u00df-Eisstadion. Das n\u00e4chste Heimspiel ist erst f\u00fcr den 18. Januar 2020 angesetzt, in der Zwischenzeit m\u00fcssen die Weddinger sieben Mal in Folge ausw\u00e4rts antreten.\u00a0 Da liegt es nat\u00fcrlich f\u00fcr die FASS-Anh\u00e4nger nahe, ihre Mannschaft in der Fremde [&hellip;]<\/p>\n","protected":false},"author":4,"featured_media":8733,"comment_status":"open","ping_status":"open","sticky":false,"template":"","format":"standard","meta":{"_exactmetrics_skip_tracking":false,"_exactmetrics_sitenote_active":false,"_exactmetrics_sitenote_note":"","_exactmetrics_sitenote_category":0,"jetpack_post_was_ever_published":false,"_jetpack_newsletter_access":"","_jetpack_dont_email_post_to_subs":false,"_jetpack_newsletter_tier_id":0,"_jetpack_memberships_contains_paywalled_content":false,"_jetpack_memberships_contains_paid_content":false,"footnotes":"","jetpack_publicize_message":"","jetpack_publicize_feature_enabled":true,"jetpack_social_post_already_shared":true,"jetpack_social_options":{"image_generator_settings":{"template":"highway","default_image_id":0,"font":"","enabled":false},"version":2}},"categories":[50],"tags":[],"class_list":["post-8732","post","type-post","status-publish","format-standard","has-post-thumbnail","hentry","category-regionalliga-ost"],"jetpack_publicize_connections":[],"jetpack_featured_media_url":"https:\/\/www.fass-berlin.de\/wp-content\/uploads\/2019\/11\/Fanfahrt-2019.png","jetpack_sharing_enabled":true,"jetpack_shortlink":"https:\/\/wp.me\/paiOCx-2gQ","jetpack_likes_enabled":true,"jetpack-related-posts":[],"_links":{"self":[{"href":"https:\/\/www.fass-berlin.de\/startseite\/wp-json\/wp\/v2\/posts\/8732","targetHints":{"allow":["GET"]}}],"collection":[{"href":"https:\/\/www.fass-berlin.de\/startseite\/wp-json\/wp\/v2\/posts"}],"about":[{"href":"https:\/\/www.fass-berlin.de\/startseite\/wp-json\/wp\/v2\/types\/post"}],"author":[{"embeddable":true,"href":"https:\/\/www.fass-berlin.de\/startseite\/wp-json\/wp\/v2\/users\/4"}],"replies":[{"embeddable":true,"href":"https:\/\/www.fass-berlin.de\/startseite\/wp-json\/wp\/v2\/comments?post=8732"}],"version-history":[{"count":3,"href":"https:\/\/www.fass-berlin.de\/startseite\/wp-json\/wp\/v2\/posts\/8732\/revisions"}],"predecessor-version":[{"id":8736,"href":"https:\/\/www.fass-berlin.de\/startseite\/wp-json\/wp\/v2\/posts\/8732\/revisions\/8736"}],"wp:featuredmedia":[{"embeddable":true,"href":"https:\/\/www.fass-berlin.de\/startseite\/wp-json\/wp\/v2\/media\/8733"}],"wp:attachment":[{"href":"https:\/\/www.fass-berlin.de\/startseite\/wp-json\/wp\/v2\/media?parent=8732"}],"wp:term":[{"taxonomy":"category","embeddable":true,"href":"https:\/\/www.fass-berlin.de\/startseite\/wp-json\/wp\/v2\/categories?post=8732"},{"taxonomy":"post_tag","embeddable":true,"href":"https:\/\/www.fass-berlin.de\/startseite\/wp-json\/wp\/v2\/tags?post=8732"}],"curies":[{"name":"wp","href":"https:\/\/api.w.org\/{rel}","templated":true}]}}