{"id":8965,"date":"2019-11-29T23:59:58","date_gmt":"2019-11-29T22:59:58","guid":{"rendered":"https:\/\/www.fass-berlin.de\/startseite\/?p=8965"},"modified":"2019-11-29T23:59:58","modified_gmt":"2019-11-29T22:59:58","slug":"niederlage-im-gipfeltreffen","status":"publish","type":"post","link":"https:\/\/www.fass-berlin.de\/startseite\/2019\/11\/29\/niederlage-im-gipfeltreffen\/","title":{"rendered":"Niederlage im Gipfeltreffen"},"content":{"rendered":"<p><strong>Mit <a href=\"https:\/\/www.fass-berlin.de\/startseite\/event\/preussen-vs-fass-2\/?preview=true\">4:2 (0:0, 2:1, 2:1)<\/a> behielt der ECC Preussen im Duell Erster gegen Zweiter die Oberhand und steht <a href=\"https:\/\/www.fass-berlin.de\/startseite\/regionalliga-ost-2\/regionalliga-ost\/\">weiter verlustpunktfrei an der Spitze<\/a>. FASS konnte in dem weitgehend ausgeglichenen Spiel (Schussverh\u00e4ltnis 37:39) seine Chancen nicht ausreichend nutzen und haderte in den Schlussminuten mit dem Hauptschiedsrichter.<\/strong><\/p>\n<p>FASS trat mit 17+2 Spielern an. Dabei war \u00fcberraschend auch David Trivellato, der trotz Fu\u00dfverletzung ab dem zweiten Drittel auflief. Die Kontrahenten tasteten sich im ersten Drittel ab, beide Torleute waren bei den wenigen Torchancen &#8211; die beste hatte Nico Jentzsch mit einem Alleingang &#8211; auf der Hut.<\/p>\n<p>Der zweite Abschnitt begann ausgeglichen, den F\u00fchrungstreffer der Charlottenburger durch Simon Braun (25.) glich Nico Jentzsch kurz sp\u00e4ter aus (26.). Bei einem Konter der Gastgeber in Unterzahl fing sich Kapit\u00e4n Nils Watzke eine Strafe ein, welche D\u00f6rner in der folgenden \u00dcberzahlsituation zum 2:1 nutzte (32.). Der ECC war nun spielbestimmend. Bei FASS fielen Patrick Neugebauer (33.) und Goalie Patrick Hoffmann (39.) nacheinander verletzungsbedingt aus, was Headcoach Oliver Miethke zu Umstellungen zwang. Danny Bohn ging zwischen die Pfosten und Marvin Miethke, der diesmal zun\u00e4chst wieder im Angriff aufgeboten war, ging in die Defensive.<\/p>\n<p>Im Schlussabschnitt erarbeitete sich FASS ein leichtes Chancenplus und wirkte zwingender. Doch die Abwehr des ECC stand sicher, und nach einem Konter erh\u00f6hte Ludwig auf 3:1 (45.). Die Uhr tickte nun herunter, bis Tom Fiedler nach klugem Pass von Patrick Czajka zum Anschlusstreffer traf (56.). Alle waren nun auf eine packende Schlussphase eingestellt &#8211; bis auf den Hauptschiedsrichter, der seine bis dahin gute Linie verlie\u00df und mehrere diskussionsw\u00fcrdige Strafen gegen die Weddinger verh\u00e4ngte. Die Gastgeber fanden sich unversehens in doppelter \u00dcberzahl wieder, und erneut war es Braun, der zum entscheidenden Treffer einnetzte.<\/p>\n<p>FASS muss die Niederlage nun rasch verkraften, denn bereits am Sonntag (18:30 Uhr) wartet in Halle die n\u00e4chste schwere Aufgabe. Am kommenden Wochenende geht es dann nach Niesky. F\u00fcr die <a href=\"https:\/\/www.fass-berlin.de\/startseite\/2019\/11\/19\/fanfahrt-nach-niesky-am-7-dezember\/\">Fanfahrt am 7. Dezember<\/a> (Abfahrt voraussichtlich 13:30 Uhr am Erika-He\u00df-Eisstadion) werden unter <a href=\"mailto:sylvana.hoch@fass-berlin.de\">sylvana.hoch@fass-berlin.de<\/a> noch Anmeldungen entgegengenommen.<\/p>\n<p>Foto: Alexandra Bohn<\/p>\n","protected":false},"excerpt":{"rendered":"<p>Mit 4:2 (0:0, 2:1, 2:1) behielt der ECC Preussen im Duell Erster gegen Zweiter die Oberhand und steht weiter verlustpunktfrei an der Spitze. FASS konnte in dem weitgehend ausgeglichenen Spiel (Schussverh\u00e4ltnis 37:39) seine Chancen nicht ausreichend nutzen und haderte in den Schlussminuten mit dem Hauptschiedsrichter. FASS trat mit 17+2 Spielern an. Dabei war \u00fcberraschend auch [&hellip;]<\/p>\n","protected":false},"author":4,"featured_media":8969,"comment_status":"open","ping_status":"open","sticky":false,"template":"","format":"standard","meta":{"_exactmetrics_skip_tracking":false,"_exactmetrics_sitenote_active":false,"_exactmetrics_sitenote_note":"","_exactmetrics_sitenote_category":0,"jetpack_post_was_ever_published":false,"_jetpack_newsletter_access":"","_jetpack_dont_email_post_to_subs":false,"_jetpack_newsletter_tier_id":0,"_jetpack_memberships_contains_paywalled_content":false,"_jetpack_memberships_contains_paid_content":false,"footnotes":"","jetpack_publicize_message":"","jetpack_publicize_feature_enabled":true,"jetpack_social_post_already_shared":true,"jetpack_social_options":{"image_generator_settings":{"template":"highway","default_image_id":0,"font":"","enabled":false},"version":2}},"categories":[50],"tags":[],"class_list":["post-8965","post","type-post","status-publish","format-standard","has-post-thumbnail","hentry","category-regionalliga-ost"],"jetpack_publicize_connections":[],"jetpack_featured_media_url":"https:\/\/www.fass-berlin.de\/wp-content\/uploads\/2019\/11\/G9A2309-scaled.jpg","jetpack_sharing_enabled":true,"jetpack_shortlink":"https:\/\/wp.me\/paiOCx-2kB","jetpack_likes_enabled":true,"jetpack-related-posts":[],"_links":{"self":[{"href":"https:\/\/www.fass-berlin.de\/startseite\/wp-json\/wp\/v2\/posts\/8965","targetHints":{"allow":["GET"]}}],"collection":[{"href":"https:\/\/www.fass-berlin.de\/startseite\/wp-json\/wp\/v2\/posts"}],"about":[{"href":"https:\/\/www.fass-berlin.de\/startseite\/wp-json\/wp\/v2\/types\/post"}],"author":[{"embeddable":true,"href":"https:\/\/www.fass-berlin.de\/startseite\/wp-json\/wp\/v2\/users\/4"}],"replies":[{"embeddable":true,"href":"https:\/\/www.fass-berlin.de\/startseite\/wp-json\/wp\/v2\/comments?post=8965"}],"version-history":[{"count":3,"href":"https:\/\/www.fass-berlin.de\/startseite\/wp-json\/wp\/v2\/posts\/8965\/revisions"}],"predecessor-version":[{"id":8970,"href":"https:\/\/www.fass-berlin.de\/startseite\/wp-json\/wp\/v2\/posts\/8965\/revisions\/8970"}],"wp:featuredmedia":[{"embeddable":true,"href":"https:\/\/www.fass-berlin.de\/startseite\/wp-json\/wp\/v2\/media\/8969"}],"wp:attachment":[{"href":"https:\/\/www.fass-berlin.de\/startseite\/wp-json\/wp\/v2\/media?parent=8965"}],"wp:term":[{"taxonomy":"category","embeddable":true,"href":"https:\/\/www.fass-berlin.de\/startseite\/wp-json\/wp\/v2\/categories?post=8965"},{"taxonomy":"post_tag","embeddable":true,"href":"https:\/\/www.fass-berlin.de\/startseite\/wp-json\/wp\/v2\/tags?post=8965"}],"curies":[{"name":"wp","href":"https:\/\/api.w.org\/{rel}","templated":true}]}}