{"id":9040,"date":"2019-12-08T10:43:33","date_gmt":"2019-12-08T09:43:33","guid":{"rendered":"https:\/\/www.fass-berlin.de\/startseite\/?p=9040"},"modified":"2019-12-08T10:43:33","modified_gmt":"2019-12-08T09:43:33","slug":"fass-bringt-einen-punkt-aus-niesky-mit","status":"publish","type":"post","link":"https:\/\/www.fass-berlin.de\/startseite\/2019\/12\/08\/fass-bringt-einen-punkt-aus-niesky-mit\/","title":{"rendered":"FASS bringt einen Punkt aus Niesky mit"},"content":{"rendered":"<p>FASS Berlin unterliegt bei Tornado Niesky <a href=\"https:\/\/www.fass-berlin.de\/startseite\/event\/tornado-vs-fass-4\/\">in Overtime mit 3:2 (1:1, 1:0, 0:1, 1:0)<\/a> und liegt weiter auf <a href=\"https:\/\/www.fass-berlin.de\/startseite\/regionalliga-ost-2\/regionalliga-ost\/\">Rang 2 in der Regionalliga Ost<\/a>.<\/p>\n<p>Headcoach Oliver Miethke war vor dem Spiel zu Umstellungen gezwungen. Zwar waren die angeschlagenen Sebastian Eickmann und Julian van Lijden dabei, doch mussten Hannes Ulitschka und Nico Jentzsch kurzfristig passen. F\u00fcr den verletzten Stammgoalie Patrick Hoffmann stand diesmal S\u00f6ren Thiem im Kasten.<\/p>\n<p>Niesky brauchte als Tabellenf\u00fcnfter unbedingt ein Erfolgserlebnis, und so legten die Lausitzer auch engagiert los. Doch FASS traf zuerst. Julian van Lijden schnappte sich die Scheibe, umkurvte die komplette gegnerische Defensive und verlud auch Keeper Handrick mit seinem verz\u00f6gerten Abschluss &#8211; ein Klassetor in der 8. Minute. Nun \u00fcbernahm FASS das Kommando und kam &#8211; auch bedingt durch zwei \u00dcberzahlsituationen &#8211; zu guten Chancen. Das Tor erzielte aber auf der anderen Seite Fr\u00f6mter, der nach einem Konter Thiem mit einem Backhander \u00fcberwand.<\/p>\n<figure id=\"attachment_9043\" aria-describedby=\"caption-attachment-9043\" style=\"width: 653px\" class=\"wp-caption alignnone\"><img loading=\"lazy\" decoding=\"async\" class=\"wp-image-9043 size-large\" src=\"https:\/\/www.fass-berlin.de\/wp-content\/uploads\/2019\/12\/G9A6061-1024x493.jpg\" alt=\"\" width=\"653\" height=\"314\" srcset=\"https:\/\/www.fass-berlin.de\/wp-content\/uploads\/2019\/12\/G9A6061-1024x493.jpg 1024w, https:\/\/www.fass-berlin.de\/wp-content\/uploads\/2019\/12\/G9A6061-300x145.jpg 300w, https:\/\/www.fass-berlin.de\/wp-content\/uploads\/2019\/12\/G9A6061-768x370.jpg 768w, https:\/\/www.fass-berlin.de\/wp-content\/uploads\/2019\/12\/G9A6061-1536x740.jpg 1536w, https:\/\/www.fass-berlin.de\/wp-content\/uploads\/2019\/12\/G9A6061-2048x987.jpg 2048w, https:\/\/www.fass-berlin.de\/wp-content\/uploads\/2019\/12\/G9A6061-128x62.jpg 128w, https:\/\/www.fass-berlin.de\/wp-content\/uploads\/2019\/12\/G9A6061-32x15.jpg 32w\" sizes=\"auto, (max-width: 653px) 100vw, 653px\" \/><figcaption id=\"caption-attachment-9043\" class=\"wp-caption-text\">Ausgeglichenes Spiel in Niesky<\/figcaption><\/figure>\n<p>Auch im zweiten Abschnitt sahen die 550 Zuschauer (darunter etwa 30 Fans der Berliner) ein ausgeglichenes Spiel. Niesky brachte mehr Scheiben auf das Tor, FASS hatte die hochwertigeren Chancen. Die beste vereitelte Handrick gegen David Trivellato, der nach Zuspiel von Kim Kr\u00fcger alleine auf das Tor lief (31.). Mit einem Billardtor gingen dann die Gastgeber in F\u00fchrung, als ein Berliner Verteidiger die Scheibe ungl\u00fccklich ins eigene Geh\u00e4use abf\u00e4lschte. Torsch\u00fctze war Fabian (38.).<\/p>\n<p>Befl\u00fcgelt von der F\u00fchrung ging Tornado ins dritte Drittel und erarbeitete sich ein Chancenplus. Die Weddinger \u00fcberstanden aber diese Phase mit einigen Unterzahlsituationen schadlos. In eigener \u00dcberzahl war es dann Tom Fiedler, der nach Zuspiel von Nils Watzke in die gegnerische Zone lief und zum Ausgleich einnetzte (55.). Es ging also in die Overtime, wo Tornado das gl\u00fccklichere Ende f\u00fcr sich hatte. Erneut Fr\u00f6mter beendete das Spiel in der 64. Minute nach einer Einzelleistung.<\/p>\n<p>Am kommenden Wochenende (14.12.19, 16:30 Uhr) warten die Chemnitz Crashers auf die Nordberliner. Chemnitz hat sich gestern bei den Berlin Blues mit 7:4 durchgesetzt und sitzt FASS direkt im Nacken. Es gilt also, den zweiten Tabellenplatz zu verteidigen.<\/p>\n<p>Fotos: Alexandra Bohn<\/p>\n","protected":false},"excerpt":{"rendered":"<p>FASS Berlin unterliegt bei Tornado Niesky in Overtime mit 3:2 (1:1, 1:0, 0:1, 1:0) und liegt weiter auf Rang 2 in der Regionalliga Ost. Headcoach Oliver Miethke war vor dem Spiel zu Umstellungen gezwungen. Zwar waren die angeschlagenen Sebastian Eickmann und Julian van Lijden dabei, doch mussten Hannes Ulitschka und Nico Jentzsch kurzfristig passen. F\u00fcr [&hellip;]<\/p>\n","protected":false},"author":4,"featured_media":9038,"comment_status":"open","ping_status":"open","sticky":false,"template":"","format":"standard","meta":{"_exactmetrics_skip_tracking":false,"_exactmetrics_sitenote_active":false,"_exactmetrics_sitenote_note":"","_exactmetrics_sitenote_category":0,"jetpack_post_was_ever_published":false,"_jetpack_newsletter_access":"","_jetpack_dont_email_post_to_subs":false,"_jetpack_newsletter_tier_id":0,"_jetpack_memberships_contains_paywalled_content":false,"_jetpack_memberships_contains_paid_content":false,"footnotes":"","jetpack_publicize_message":"","jetpack_publicize_feature_enabled":true,"jetpack_social_post_already_shared":true,"jetpack_social_options":{"image_generator_settings":{"template":"highway","default_image_id":0,"font":"","enabled":false},"version":2}},"categories":[50],"tags":[],"class_list":["post-9040","post","type-post","status-publish","format-standard","has-post-thumbnail","hentry","category-regionalliga-ost"],"jetpack_publicize_connections":[],"jetpack_featured_media_url":"https:\/\/www.fass-berlin.de\/wp-content\/uploads\/2019\/12\/G9A6032-scaled-e1575796543311.jpg","jetpack_sharing_enabled":true,"jetpack_shortlink":"https:\/\/wp.me\/paiOCx-2lO","jetpack_likes_enabled":true,"jetpack-related-posts":[],"_links":{"self":[{"href":"https:\/\/www.fass-berlin.de\/startseite\/wp-json\/wp\/v2\/posts\/9040","targetHints":{"allow":["GET"]}}],"collection":[{"href":"https:\/\/www.fass-berlin.de\/startseite\/wp-json\/wp\/v2\/posts"}],"about":[{"href":"https:\/\/www.fass-berlin.de\/startseite\/wp-json\/wp\/v2\/types\/post"}],"author":[{"embeddable":true,"href":"https:\/\/www.fass-berlin.de\/startseite\/wp-json\/wp\/v2\/users\/4"}],"replies":[{"embeddable":true,"href":"https:\/\/www.fass-berlin.de\/startseite\/wp-json\/wp\/v2\/comments?post=9040"}],"version-history":[{"count":4,"href":"https:\/\/www.fass-berlin.de\/startseite\/wp-json\/wp\/v2\/posts\/9040\/revisions"}],"predecessor-version":[{"id":9045,"href":"https:\/\/www.fass-berlin.de\/startseite\/wp-json\/wp\/v2\/posts\/9040\/revisions\/9045"}],"wp:featuredmedia":[{"embeddable":true,"href":"https:\/\/www.fass-berlin.de\/startseite\/wp-json\/wp\/v2\/media\/9038"}],"wp:attachment":[{"href":"https:\/\/www.fass-berlin.de\/startseite\/wp-json\/wp\/v2\/media?parent=9040"}],"wp:term":[{"taxonomy":"category","embeddable":true,"href":"https:\/\/www.fass-berlin.de\/startseite\/wp-json\/wp\/v2\/categories?post=9040"},{"taxonomy":"post_tag","embeddable":true,"href":"https:\/\/www.fass-berlin.de\/startseite\/wp-json\/wp\/v2\/tags?post=9040"}],"curies":[{"name":"wp","href":"https:\/\/api.w.org\/{rel}","templated":true}]}}