{"id":9062,"date":"2019-12-13T17:06:58","date_gmt":"2019-12-13T16:06:58","guid":{"rendered":"https:\/\/www.fass-berlin.de\/startseite\/?p=9062"},"modified":"2019-12-13T19:03:16","modified_gmt":"2019-12-13T18:03:16","slug":"spitzenspiel-in-chemnitz-bewegung-im-kader","status":"publish","type":"post","link":"https:\/\/www.fass-berlin.de\/startseite\/2019\/12\/13\/spitzenspiel-in-chemnitz-bewegung-im-kader\/","title":{"rendered":"Spitzenspiel in Chemnitz &#8211; Bewegung im Kader"},"content":{"rendered":"<p>Die \u201eWochen der Wahrheit\u201c werden am Samstag (14.12.19, 16:30 Uhr) in Chemnitz fortgesetzt, wenn FASS Berlin auf die heimischen Crashers trifft. Die Gastgeber spielen eine starke Saison und <a href=\"https:\/\/www.fass-berlin.de\/startseite\/regionalliga-ost-2\/regionalliga-ost\/\">liegen in Schlagdistanz hinter FASS auf Rang drei<\/a>. F\u00fcr beide steht also ein Schl\u00fcsselspiel um die Play-off-Pl\u00e4tze an.<\/p>\n<p>Die Westsachsen werden von Jiri Charousek und Tobias Rentzsch gecoacht, die gleichzeitig die wichtigsten Akteure auf dem Eis sind. Mit Goalie Kopp, Verteidiger-Urgestein Stiegler sowie den Angreifern Hirsch und Novotny stehen weitere herausragende Spieler im Aufgebot. Das erste Spiel hatte <a href=\"https:\/\/www.fass-berlin.de\/startseite\/event\/fass-vs-crashers-2\/\">FASS im Oktober gegen einen ersatzgeschw\u00e4chten Gegner mit 12:2 gewonnen<\/a>. Die Crashers brennen daher mit Sicherheit auf Revanche.<\/p>\n<p>Im Kader von FASS-Headcoach Oliver Miethke gibt es derweil Bewegung. Nicht mehr zum Kader z\u00e4hlt Hannes Ulitschka, der erst zu Saisonbeginn gekommen war. \u201eLeider hat es nicht so gepasst, wie wir es uns alle gew\u00fcnscht hatten\u201c, bedauert Miethke den Abgang. \u201eHannes hat seinen Job nicht so gut mit Eishockey unter einen Hut bekommen wie erhofft. Wir w\u00fcnschen ihm alles Gute, er bleibt bei uns ein gern gesehener Gast.\u201c<\/p>\n<p>Den freien Platz in der Defensive nimmt Daniel Kruggel ein, zuletzt Abwehrchef der Berlin Blues. Der 29j\u00e4hrige hatte in der DNL f\u00fcr die Eisb\u00e4ren Juniors gespielt und lief danach von 2008 bis 2010 in 40 Spielen f\u00fcr FASS auf (2 Tore, 4 Assists). Es folgte eine lange Pause vom Eishockey, bis er in der vergangenen Saison bei den Blues ein erfolgreiches Comeback wagte.<\/p>\n<p>Daniel wird bereits am Samstag f\u00fcr sein neues Team aufs Eis gehen. Leider werden einige seiner neuen Teamkollegen krank oder verletzt fehlen. Aber immerhin gibt <a href=\"https:\/\/www.fass-berlin.de\/startseite\/player\/max-boewe\/\">Max B\u00f6we<\/a> (22) sein Saisondeb\u00fct. Der Verteidiger musste nach einer Operation pausieren, steht aber seit einigen Wochen wieder im Training und kehrt jetzt zur\u00fcck in den Kader.<\/p>\n<p>Archivfoto: Alexandra Bohn<\/p>\n","protected":false},"excerpt":{"rendered":"<p>Die \u201eWochen der Wahrheit\u201c werden am Samstag (14.12.19, 16:30 Uhr) in Chemnitz fortgesetzt, wenn FASS Berlin auf die heimischen Crashers trifft. Die Gastgeber spielen eine starke Saison und liegen in Schlagdistanz hinter FASS auf Rang drei. F\u00fcr beide steht also ein Schl\u00fcsselspiel um die Play-off-Pl\u00e4tze an. Die Westsachsen werden von Jiri Charousek und Tobias Rentzsch [&hellip;]<\/p>\n","protected":false},"author":4,"featured_media":9063,"comment_status":"open","ping_status":"open","sticky":false,"template":"","format":"standard","meta":{"_exactmetrics_skip_tracking":false,"_exactmetrics_sitenote_active":false,"_exactmetrics_sitenote_note":"","_exactmetrics_sitenote_category":0,"jetpack_post_was_ever_published":false,"_jetpack_newsletter_access":"","_jetpack_dont_email_post_to_subs":false,"_jetpack_newsletter_tier_id":0,"_jetpack_memberships_contains_paywalled_content":false,"_jetpack_memberships_contains_paid_content":false,"footnotes":"","jetpack_publicize_message":"","jetpack_publicize_feature_enabled":true,"jetpack_social_post_already_shared":true,"jetpack_social_options":{"image_generator_settings":{"template":"highway","default_image_id":0,"font":"","enabled":false},"version":2}},"categories":[50],"tags":[],"class_list":["post-9062","post","type-post","status-publish","format-standard","has-post-thumbnail","hentry","category-regionalliga-ost"],"jetpack_publicize_connections":[],"jetpack_featured_media_url":"https:\/\/www.fass-berlin.de\/wp-content\/uploads\/2019\/12\/image-1-e1576252799770.png","jetpack_sharing_enabled":true,"jetpack_shortlink":"https:\/\/wp.me\/paiOCx-2ma","jetpack_likes_enabled":true,"jetpack-related-posts":[],"_links":{"self":[{"href":"https:\/\/www.fass-berlin.de\/startseite\/wp-json\/wp\/v2\/posts\/9062","targetHints":{"allow":["GET"]}}],"collection":[{"href":"https:\/\/www.fass-berlin.de\/startseite\/wp-json\/wp\/v2\/posts"}],"about":[{"href":"https:\/\/www.fass-berlin.de\/startseite\/wp-json\/wp\/v2\/types\/post"}],"author":[{"embeddable":true,"href":"https:\/\/www.fass-berlin.de\/startseite\/wp-json\/wp\/v2\/users\/4"}],"replies":[{"embeddable":true,"href":"https:\/\/www.fass-berlin.de\/startseite\/wp-json\/wp\/v2\/comments?post=9062"}],"version-history":[{"count":5,"href":"https:\/\/www.fass-berlin.de\/startseite\/wp-json\/wp\/v2\/posts\/9062\/revisions"}],"predecessor-version":[{"id":9076,"href":"https:\/\/www.fass-berlin.de\/startseite\/wp-json\/wp\/v2\/posts\/9062\/revisions\/9076"}],"wp:featuredmedia":[{"embeddable":true,"href":"https:\/\/www.fass-berlin.de\/startseite\/wp-json\/wp\/v2\/media\/9063"}],"wp:attachment":[{"href":"https:\/\/www.fass-berlin.de\/startseite\/wp-json\/wp\/v2\/media?parent=9062"}],"wp:term":[{"taxonomy":"category","embeddable":true,"href":"https:\/\/www.fass-berlin.de\/startseite\/wp-json\/wp\/v2\/categories?post=9062"},{"taxonomy":"post_tag","embeddable":true,"href":"https:\/\/www.fass-berlin.de\/startseite\/wp-json\/wp\/v2\/tags?post=9062"}],"curies":[{"name":"wp","href":"https:\/\/api.w.org\/{rel}","templated":true}]}}