{"id":910,"date":"2018-05-22T20:29:18","date_gmt":"2018-05-22T18:29:18","guid":{"rendered":"https:\/\/www.fass-berlin.de\/startseite\/?p=910"},"modified":"2018-05-22T20:29:18","modified_gmt":"2018-05-22T18:29:18","slug":"nils-watzke-bleibt-im-wedding-fanabend-am-29-mai","status":"publish","type":"post","link":"https:\/\/www.fass-berlin.de\/startseite\/2018\/05\/22\/nils-watzke-bleibt-im-wedding-fanabend-am-29-mai\/","title":{"rendered":"Nils Watzke bleibt im Wedding &#8211; Fanabend am 29. Mai"},"content":{"rendered":"<p>Mannschaftskapit\u00e4n Nils Watzke bleibt FASS Berlin treu und geht in seine siebte Saison f\u00fcr die Nordberliner. Der 36j\u00e4hrige bestritt in der Vorsaison alle 32 Spiele in Meisterschaft und Pokal und war mit 4 Toren und 23 Assists punktbester Verteidiger. <\/p>\n<p>Der neue Coach Norbert Pascha meint: \u201eDie Vertragsverl\u00e4ngerung mit Nils ist ein Eckpfeiler in unseren Planungen. Er ist seit Jahren der \u201aQuarterback\u2018 im Spiel von FASS &#8211; und au\u00dferdem ein vorbildlicher Sportsmann.\u201c<\/p>\n<p>Der Routinier Watzke f\u00fcgt hinzu: \u201eIn meinem Alter plant man von Jahr zu Jahr. Gerade die letzte Saison hat viel Spa\u00df gemacht. Unsere Truppe bleibt weitgehend zusammen, und wir wollen wieder oben mitspielen.\u201c<\/p>\n<p>Am Dienstag, dem 29.5.2018, findet um 20 Uhr der n\u00e4chste Fanabend von FASS Berlin statt. Wie \u00fcblich findet das Treffen im Schraders (Malplaquetstra\u00dfe 16B, Berlin-Wedding) statt. Neben Norbert Pascha wird auch der eine oder andere Spieler dabei sein. Au\u00dferdem geben die Verantwortlichen einen Ausblick auf die kommende Saison. <\/p>\n<p>Foto: Christiane Kuhn<\/p>\n","protected":false},"excerpt":{"rendered":"<p>Mannschaftskapit\u00e4n Nils Watzke bleibt FASS Berlin treu und geht in seine siebte Saison f\u00fcr die Nordberliner. Der 36j\u00e4hrige bestritt in der Vorsaison alle 32 Spiele in Meisterschaft und Pokal und war mit 4 Toren und 23 Assists punktbester Verteidiger. Der neue Coach Norbert Pascha meint: \u201eDie Vertragsverl\u00e4ngerung mit Nils ist ein Eckpfeiler in unseren Planungen. [&hellip;]<\/p>\n","protected":false},"author":2,"featured_media":911,"comment_status":"open","ping_status":"open","sticky":false,"template":"","format":"standard","meta":{"_exactmetrics_skip_tracking":false,"_exactmetrics_sitenote_active":false,"_exactmetrics_sitenote_note":"","_exactmetrics_sitenote_category":0,"jetpack_post_was_ever_published":false,"_jetpack_newsletter_access":"","_jetpack_dont_email_post_to_subs":false,"_jetpack_newsletter_tier_id":0,"_jetpack_memberships_contains_paywalled_content":false,"_jetpack_memberships_contains_paid_content":false,"footnotes":"","jetpack_publicize_message":"","jetpack_publicize_feature_enabled":true,"jetpack_social_post_already_shared":false,"jetpack_social_options":{"image_generator_settings":{"template":"highway","default_image_id":0,"font":"","enabled":false},"version":2}},"categories":[50],"tags":[194,196,195,193,85],"class_list":["post-910","post","type-post","status-publish","format-standard","has-post-thumbnail","hentry","category-regionalliga-ost","tag-fanabend","tag-info","tag-kader","tag-schraders","tag-verteidiger"],"jetpack_publicize_connections":[],"jetpack_featured_media_url":"https:\/\/www.fass-berlin.de\/wp-content\/uploads\/2018\/05\/IMG_0691.jpg","jetpack_sharing_enabled":true,"jetpack_shortlink":"https:\/\/wp.me\/paiOCx-eG","jetpack_likes_enabled":true,"jetpack-related-posts":[],"_links":{"self":[{"href":"https:\/\/www.fass-berlin.de\/startseite\/wp-json\/wp\/v2\/posts\/910","targetHints":{"allow":["GET"]}}],"collection":[{"href":"https:\/\/www.fass-berlin.de\/startseite\/wp-json\/wp\/v2\/posts"}],"about":[{"href":"https:\/\/www.fass-berlin.de\/startseite\/wp-json\/wp\/v2\/types\/post"}],"author":[{"embeddable":true,"href":"https:\/\/www.fass-berlin.de\/startseite\/wp-json\/wp\/v2\/users\/2"}],"replies":[{"embeddable":true,"href":"https:\/\/www.fass-berlin.de\/startseite\/wp-json\/wp\/v2\/comments?post=910"}],"version-history":[{"count":1,"href":"https:\/\/www.fass-berlin.de\/startseite\/wp-json\/wp\/v2\/posts\/910\/revisions"}],"predecessor-version":[{"id":912,"href":"https:\/\/www.fass-berlin.de\/startseite\/wp-json\/wp\/v2\/posts\/910\/revisions\/912"}],"wp:featuredmedia":[{"embeddable":true,"href":"https:\/\/www.fass-berlin.de\/startseite\/wp-json\/wp\/v2\/media\/911"}],"wp:attachment":[{"href":"https:\/\/www.fass-berlin.de\/startseite\/wp-json\/wp\/v2\/media?parent=910"}],"wp:term":[{"taxonomy":"category","embeddable":true,"href":"https:\/\/www.fass-berlin.de\/startseite\/wp-json\/wp\/v2\/categories?post=910"},{"taxonomy":"post_tag","embeddable":true,"href":"https:\/\/www.fass-berlin.de\/startseite\/wp-json\/wp\/v2\/tags?post=910"}],"curies":[{"name":"wp","href":"https:\/\/api.w.org\/{rel}","templated":true}]}}