{"id":9571,"date":"2020-02-15T23:41:23","date_gmt":"2020-02-15T22:41:23","guid":{"rendered":"https:\/\/www.fass-berlin.de\/startseite\/?p=9571"},"modified":"2020-02-16T09:50:16","modified_gmt":"2020-02-16T08:50:16","slug":"siegesserie-beim-titelverteidiger-fortgesetzt-play-offs-beginnen-naechste-woche","status":"publish","type":"post","link":"https:\/\/www.fass-berlin.de\/startseite\/2020\/02\/15\/siegesserie-beim-titelverteidiger-fortgesetzt-play-offs-beginnen-naechste-woche\/","title":{"rendered":"Siegesserie beim Titelverteidiger fortgesetzt &#8211; Play-offs beginnen n\u00e4chste Woche"},"content":{"rendered":"<p><strong>Mit einer spektakul\u00e4ren Leistung gewinnt ein stark ersatzgeschw\u00e4chtes Team von FASS Berlin beim Vorrundenersten Sch\u00f6nheider W\u00f6lfe im Shoot-out mit 6:7 (2:2, 2:3, 2:1, 0:0, 0:1). Zwar reichte dies <a href=\"https:\/\/www.fass-berlin.de\/startseite\/regionalliga-ost-2\/regionalliga-ost\/\">nicht ganz zur Verteidigung des zweiten Tabellenplatzes<\/a>. Allerdings gehen die Weddinger nun mit dem R\u00fcckenwind von neun Siegen in Folge in die entscheidende Saisonphase, w\u00e4hrend die Siegesserie (14) des Top-Favoriten beendet wurde.<\/strong><\/p>\n<p>Headcoach Oliver Miethke musste neben den l\u00e4ngerfristig verletzten Spielern (Hoffmann, Thiem, Miethke, Jentzsch) kurzfristig auf zahlreiche Akteure wegen Krankheit oder Verletzung verzichten (Bohn, Neugebauer, Timm, van Lijden, Noack, Merk, Hermann). So reisten lediglich 12+2 Spieler ins Erzgebirge. Im Tor gab Morten Braun seinen Einstand, w\u00e4hrend Dennis Gembus von den FASS 1c Allstars als Backup dabei war.<\/p>\n<p>Trotz dieser Hypothek begann FASS furios und ging mit den beiden ersten Torsch\u00fcssen durch Tom Fiedler (5.) und Niklas Weihrauch (6.) mit 0:2 in Front. Bis zur ersten Pause konnten die Gastgeber egalisieren und sich eine optische \u00dcberlegenheit erspielen. Immer wieder brachten die W\u00f6lfe Scheiben auf das von Morten Braun stark geh\u00fctete Tor, doch FASS blieb bei den schnell vorgetragenen Gegenst\u00f6\u00dfen gef\u00e4hrlich. Besonders Patrick Czajka brannte im zweiten Drittel ein Feuerwerk ab und brachte mit drei Treffern (24., 32., 39.) sein Team immer wieder in F\u00fchrung. So schob sich der Routinier am letzten Spieltag noch auf den <a href=\"https:\/\/www.fass-berlin.de\/startseite\/regionalliga-ost-2\/scorerliste\/\">zweiten Rang der ligaweiten Scorerliste<\/a> vor.<\/p>\n<p>Sp\u00e4testens als Ludwig Wild das 4:6 erzielte (44.), schien der Sieg zum Greifen nahe zu sein. FASS verteidigte geschickt, doch in den Schlussminuten verlor man etwas den \u00dcberblick. In den letzten 90 Sekunden trafen Lenk und Gl\u00fcck noch f\u00fcr die Gastgeber, und so ging das Spitzenspiel in die Overtime. Eine Strafe \u00fcberstanden die Berliner schadlos, und auch sonst ereignete sich nicht viel, so dass das Penaltyschie\u00dfen die Entscheidung bringen musste. Hier parierte Morten Braun alle drei Versuche von Sch\u00f6nheide, w\u00e4hrend Patrick Czajka seine Galaleistung mit dem Siegtreffer kr\u00f6nte.<\/p>\n<p>In der Abschlusstabelle belegen die Weddinger den dritten Platz. Rang zwei und damit das Heimrecht im ersten, dritten und f\u00fcnften Play-off-Halbfinale musste man dem Lokalrivalen ECC Preussen \u00fcberlassen, der nach 24 Spielen eine um f\u00fcnf Treffer bessere Tordifferenz aufweist. Hier die Halbfinal-Termine:<\/p>\n<p style=\"padding-left: 40px;\">Samstag, 22.02.2020, 19:30 Uhr, Eissporthalle Charlottenburg, <strong>ECC Preussen &#8211; FASS Berlin<\/strong><br \/>\n<strong>Samstag, 29.02.2020, 19:00 Uhr, Erika-He\u00df-Eisstadion, FASS Berlin &#8211; ECC Preussen<\/strong><br \/>\nSonntag, 01.03.2020, 16:00 Uhr, Eissporthalle Charlottenburg, <strong>ECC Preussen &#8211; FASS Berlin<\/strong><br \/>\n<strong>Freitag, 06.03.2020, 19:30 Uhr, Erika-He\u00df-Eisstadion, FASS Berlin &#8211; ECC Preussen<\/strong><br \/>\nSonntag, 08.03.2020, 16:00 Uhr, Eissporthalle Charlottenburg, <strong>ECC Preussen &#8211; FASS Berlin<\/strong><\/p>\n<p>Die <a href=\"https:\/\/www.fass-berlin.de\/startseite\/event\/woelfe-vs-fass-5\/\">ausf\u00fchrliche Statistik zum Sieg in Sch\u00f6nheide findet ihr hier<\/a>.<\/p>\n<p>Foto: Sinah Scholz<\/p>\n","protected":false},"excerpt":{"rendered":"<p>Mit einer spektakul\u00e4ren Leistung gewinnt ein stark ersatzgeschw\u00e4chtes Team von FASS Berlin beim Vorrundenersten Sch\u00f6nheider W\u00f6lfe im Shoot-out mit 6:7 (2:2, 2:3, 2:1, 0:0, 0:1). Zwar reichte dies nicht ganz zur Verteidigung des zweiten Tabellenplatzes. Allerdings gehen die Weddinger nun mit dem R\u00fcckenwind von neun Siegen in Folge in die entscheidende Saisonphase, w\u00e4hrend die Siegesserie [&hellip;]<\/p>\n","protected":false},"author":4,"featured_media":9574,"comment_status":"open","ping_status":"open","sticky":false,"template":"","format":"standard","meta":{"_exactmetrics_skip_tracking":false,"_exactmetrics_sitenote_active":false,"_exactmetrics_sitenote_note":"","_exactmetrics_sitenote_category":0,"jetpack_post_was_ever_published":false,"_jetpack_newsletter_access":"","_jetpack_dont_email_post_to_subs":false,"_jetpack_newsletter_tier_id":0,"_jetpack_memberships_contains_paywalled_content":false,"_jetpack_memberships_contains_paid_content":false,"footnotes":"","jetpack_publicize_message":"","jetpack_publicize_feature_enabled":true,"jetpack_social_post_already_shared":true,"jetpack_social_options":{"image_generator_settings":{"template":"highway","default_image_id":0,"font":"","enabled":false},"version":2}},"categories":[50],"tags":[],"class_list":["post-9571","post","type-post","status-publish","format-standard","has-post-thumbnail","hentry","category-regionalliga-ost"],"jetpack_publicize_connections":[],"jetpack_featured_media_url":"https:\/\/www.fass-berlin.de\/wp-content\/uploads\/2020\/02\/PHOTO-2020-02-15-20-46-31.jpg","jetpack_sharing_enabled":true,"jetpack_shortlink":"https:\/\/wp.me\/paiOCx-2un","jetpack_likes_enabled":true,"jetpack-related-posts":[],"_links":{"self":[{"href":"https:\/\/www.fass-berlin.de\/startseite\/wp-json\/wp\/v2\/posts\/9571","targetHints":{"allow":["GET"]}}],"collection":[{"href":"https:\/\/www.fass-berlin.de\/startseite\/wp-json\/wp\/v2\/posts"}],"about":[{"href":"https:\/\/www.fass-berlin.de\/startseite\/wp-json\/wp\/v2\/types\/post"}],"author":[{"embeddable":true,"href":"https:\/\/www.fass-berlin.de\/startseite\/wp-json\/wp\/v2\/users\/4"}],"replies":[{"embeddable":true,"href":"https:\/\/www.fass-berlin.de\/startseite\/wp-json\/wp\/v2\/comments?post=9571"}],"version-history":[{"count":5,"href":"https:\/\/www.fass-berlin.de\/startseite\/wp-json\/wp\/v2\/posts\/9571\/revisions"}],"predecessor-version":[{"id":9590,"href":"https:\/\/www.fass-berlin.de\/startseite\/wp-json\/wp\/v2\/posts\/9571\/revisions\/9590"}],"wp:featuredmedia":[{"embeddable":true,"href":"https:\/\/www.fass-berlin.de\/startseite\/wp-json\/wp\/v2\/media\/9574"}],"wp:attachment":[{"href":"https:\/\/www.fass-berlin.de\/startseite\/wp-json\/wp\/v2\/media?parent=9571"}],"wp:term":[{"taxonomy":"category","embeddable":true,"href":"https:\/\/www.fass-berlin.de\/startseite\/wp-json\/wp\/v2\/categories?post=9571"},{"taxonomy":"post_tag","embeddable":true,"href":"https:\/\/www.fass-berlin.de\/startseite\/wp-json\/wp\/v2\/tags?post=9571"}],"curies":[{"name":"wp","href":"https:\/\/api.w.org\/{rel}","templated":true}]}}