{"id":9695,"date":"2020-03-04T22:23:27","date_gmt":"2020-03-04T21:23:27","guid":{"rendered":"https:\/\/www.fass-berlin.de\/startseite\/?p=9695"},"modified":"2020-03-04T22:23:27","modified_gmt":"2020-03-04T21:23:27","slug":"spieler-des-jahres-patrick-czajka-gewinnt-fan-voting-und-wird-insgesamt-zweiter","status":"publish","type":"post","link":"https:\/\/www.fass-berlin.de\/startseite\/2020\/03\/04\/spieler-des-jahres-patrick-czajka-gewinnt-fan-voting-und-wird-insgesamt-zweiter\/","title":{"rendered":"Spieler des Jahres: Patrick Czajka gewinnt Fan-Voting und wird insgesamt Zweiter"},"content":{"rendered":"<p><strong>Bei der Wahl zum &#8222;Spieler des Jahres&#8220; der Regionalliga Ost waren unsere Sportler sehr erfolgreich. Gew\u00e4hlt haben die Trainer, Mannschaftskapit\u00e4ne und je ein Offizieller der neun Vereine. Au\u00dferdem ging ein Fan-Voting in das Ergebnis ein.<\/strong><\/p>\n<p>Unser Topscorer <a href=\"https:\/\/www.fass-berlin.de\/startseite\/player\/patrick-czajka\/\">Patrick Czajka<\/a> gewann das Fan-Voting mit 283 Stimmen (von insgesamt 2.660 abgegebenen Stimmen). Insgesamt wurde er Zweiter mit 40 Punkten hinter dem Gesamtsieger Jiri Charousek (Chemnitz Crashers, 65 Punkte) und vor Kilian Gl\u00fcck (Sch\u00f6nheider W\u00f6lfe, 31 Punkte).<\/p>\n<p><a href=\"https:\/\/www.fass-berlin.de\/startseite\/player\/danny-bohn\/\">Danny Bohn<\/a> belegte im Fan-Voting den dritten Rang (168 Stimmen) und wurde insgesamt Siebter (18 Punkte). Auch <a href=\"https:\/\/www.fass-berlin.de\/startseite\/player\/morten-braun\/\">Morten Braun<\/a> konnte sich im Fan-Voting unter den TOP10 platzieren.<\/p>\n<p>FASS Berlin gratuliert Jiri Charousek zur verdienten Wahl als Spieler des Jahres. Au\u00dferdem gratulieren wir Fabian M\u00f6ller (Berlin), der zum Schiedsrichter des Jahres gew\u00e4hlt wurde.<\/p>\n<p>Die <a href=\"https:\/\/www.sev-eishockey.de\/index.php\/eishockey\/beitraege-eishockey\/324-regionalliga-ost-jiri-charousek-ist-spieler-des-jahres\">Pressemeldung des SEV findet ihr hier<\/a>.<\/p>\n<p><a href=\"https:\/\/www.fass-berlin.de\/wp-content\/uploads\/2020\/03\/Spieler-des-Jahres-Gesamtwertung.pdf\">Spieler des Jahres | Gesamtwertung<\/a><\/p>\n<p><a href=\"https:\/\/www.fass-berlin.de\/wp-content\/uploads\/2020\/03\/Ergebnis-Fan-Votum.pdf\">Ergebnis Fan-Voting<\/a><\/p>\n","protected":false},"excerpt":{"rendered":"<p>Bei der Wahl zum &#8222;Spieler des Jahres&#8220; der Regionalliga Ost waren unsere Sportler sehr erfolgreich. Gew\u00e4hlt haben die Trainer, Mannschaftskapit\u00e4ne und je ein Offizieller der neun Vereine. Au\u00dferdem ging ein Fan-Voting in das Ergebnis ein. Unser Topscorer Patrick Czajka gewann das Fan-Voting mit 283 Stimmen (von insgesamt 2.660 abgegebenen Stimmen). Insgesamt wurde er Zweiter mit [&hellip;]<\/p>\n","protected":false},"author":4,"featured_media":9696,"comment_status":"open","ping_status":"open","sticky":false,"template":"","format":"standard","meta":{"_exactmetrics_skip_tracking":false,"_exactmetrics_sitenote_active":false,"_exactmetrics_sitenote_note":"","_exactmetrics_sitenote_category":0,"jetpack_post_was_ever_published":false,"_jetpack_newsletter_access":"","_jetpack_dont_email_post_to_subs":false,"_jetpack_newsletter_tier_id":0,"_jetpack_memberships_contains_paywalled_content":false,"_jetpack_memberships_contains_paid_content":false,"footnotes":"","jetpack_publicize_message":"","jetpack_publicize_feature_enabled":true,"jetpack_social_post_already_shared":true,"jetpack_social_options":{"image_generator_settings":{"template":"highway","default_image_id":0,"font":"","enabled":false},"version":2}},"categories":[50],"tags":[],"class_list":["post-9695","post","type-post","status-publish","format-standard","has-post-thumbnail","hentry","category-regionalliga-ost"],"jetpack_publicize_connections":[],"jetpack_featured_media_url":"https:\/\/www.fass-berlin.de\/wp-content\/uploads\/2020\/03\/czaijka.jpg","jetpack_sharing_enabled":true,"jetpack_shortlink":"https:\/\/wp.me\/paiOCx-2wn","jetpack_likes_enabled":true,"jetpack-related-posts":[],"_links":{"self":[{"href":"https:\/\/www.fass-berlin.de\/startseite\/wp-json\/wp\/v2\/posts\/9695","targetHints":{"allow":["GET"]}}],"collection":[{"href":"https:\/\/www.fass-berlin.de\/startseite\/wp-json\/wp\/v2\/posts"}],"about":[{"href":"https:\/\/www.fass-berlin.de\/startseite\/wp-json\/wp\/v2\/types\/post"}],"author":[{"embeddable":true,"href":"https:\/\/www.fass-berlin.de\/startseite\/wp-json\/wp\/v2\/users\/4"}],"replies":[{"embeddable":true,"href":"https:\/\/www.fass-berlin.de\/startseite\/wp-json\/wp\/v2\/comments?post=9695"}],"version-history":[{"count":4,"href":"https:\/\/www.fass-berlin.de\/startseite\/wp-json\/wp\/v2\/posts\/9695\/revisions"}],"predecessor-version":[{"id":9703,"href":"https:\/\/www.fass-berlin.de\/startseite\/wp-json\/wp\/v2\/posts\/9695\/revisions\/9703"}],"wp:featuredmedia":[{"embeddable":true,"href":"https:\/\/www.fass-berlin.de\/startseite\/wp-json\/wp\/v2\/media\/9696"}],"wp:attachment":[{"href":"https:\/\/www.fass-berlin.de\/startseite\/wp-json\/wp\/v2\/media?parent=9695"}],"wp:term":[{"taxonomy":"category","embeddable":true,"href":"https:\/\/www.fass-berlin.de\/startseite\/wp-json\/wp\/v2\/categories?post=9695"},{"taxonomy":"post_tag","embeddable":true,"href":"https:\/\/www.fass-berlin.de\/startseite\/wp-json\/wp\/v2\/tags?post=9695"}],"curies":[{"name":"wp","href":"https:\/\/api.w.org\/{rel}","templated":true}]}}